{"id":73005,"date":"2026-01-14T11:07:17","date_gmt":"2026-01-14T16:07:17","guid":{"rendered":"https:\/\/www.cal.org.pe\/v1\/?p=73005"},"modified":"2026-01-14T11:07:18","modified_gmt":"2026-01-14T16:07:18","slug":"concurso-publico-para-la-seleccion-de-vocales-del-tribunal-administrativo-previsional-onp","status":"publish","type":"post","link":"https:\/\/www.cal.org.pe\/v1\/2026\/01\/14\/concurso-publico-para-la-seleccion-de-vocales-del-tribunal-administrativo-previsional-onp\/","title":{"rendered":"Concurso p\u00fablico para la selecci\u00f3n de Vocales del Tribunal Administrativo Previsional ONP"},"content":{"rendered":"\n<p>La\u00a0<strong>Oficina de Normalizaci\u00f3n Previsional (ONP)<\/strong>\u00a0ha convocado el\u00a0<strong>Concurso P\u00fablico de Selecci\u00f3n de Vocales del Tribunal Administrativo Previsional (TAP)<\/strong>, con la finalidad de cubrir\u00a0<strong>tres (3) plazas<\/strong>\u00a0para dicho \u00f3rgano colegiado, conforme a lo establecido en la normativa vigente.<\/p>\n\n\n\n<p>De acuerdo con el aviso de convocatoria&nbsp;<strong>TAP N.\u00b0 002-2025-ONP<\/strong>, el cargo convocado corresponde a&nbsp;<strong>Vocal del Tribunal Administrativo Previsional<\/strong>, con un&nbsp;<strong>plazo de designaci\u00f3n de tres (3) a\u00f1os<\/strong>, pudiendo ser ratificado por per\u00edodos similares, seg\u00fan lo dispuesto en el Decreto Supremo N.\u00b0 385-2015-EF, que aprueba el Reglamento del Tribunal Administrativo Previsional.<\/p>\n\n\n\n<p><\/p>\n\n\n\n<h3 class=\"wp-block-heading\">Principales caracter\u00edsticas de la convocatoria<\/h3>\n\n\n\n<ul class=\"wp-block-list\">\n<li><strong>N\u00famero de plazas:<\/strong>\u00a03<\/li>\n\n\n\n<li><strong>Ubicaci\u00f3n geogr\u00e1fica:<\/strong>\u00a0Lima<\/li>\n\n\n\n<li><strong>Duraci\u00f3n del cargo:<\/strong>\u00a0Tres (3) a\u00f1os, con posibilidad de ratificaci\u00f3n<\/li>\n\n\n\n<li><strong>Compensaci\u00f3n econ\u00f3mica:<\/strong><br>Cada Vocal podr\u00e1 percibir hasta un m\u00e1ximo de\u00a0<strong>cuatro (4) dietas mensuales<\/strong>, aun cuando asista a un mayor n\u00famero de sesiones. El monto por sesi\u00f3n asciende a\u00a0<strong>S\/ 1 500.00 (mil quinientos soles)<\/strong>.<\/li>\n<\/ul>\n\n\n\n<h3 class=\"wp-block-heading\">Requisitos de postulaci\u00f3n<\/h3>\n\n\n\n<p>Los postulantes deber\u00e1n cumplir, entre otros, con los siguientes requisitos:<\/p>\n\n\n\n<ul class=\"wp-block-list\">\n<li><strong>Formaci\u00f3n acad\u00e9mica:<\/strong><br>T\u00edtulo profesional de\u00a0<strong>abogado<\/strong>, debidamente colegiado y habilitado.<\/li>\n\n\n\n<li><strong>Experiencia profesional:<\/strong><br>Experiencia acreditada\u00a0<strong>no menor de diez (10) a\u00f1os<\/strong>\u00a0en materia administrativa, laboral o previsional.<\/li>\n\n\n\n<li><strong>Capacitaci\u00f3n:<\/strong><br>Estudios de especializaci\u00f3n en materia administrativa, constitucional, laboral, previsional o afines, con una duraci\u00f3n\u00a0<strong>no menor de noventa (90) horas<\/strong>, u\u00a0<strong>ochenta (80) horas<\/strong>\u00a0cuando se trate de programas organizados por disposici\u00f3n de un ente rector.<\/li>\n<\/ul>\n\n\n\n<h3 class=\"wp-block-heading\">Postulaci\u00f3n<\/h3>\n\n\n\n<p>Las personas interesadas deber\u00e1n revisar las bases del concurso en el\u00a0<strong>Portal Institucional de la ONP<\/strong>, en el siguiente enlace:<br>\u00a0<a>https:\/\/convocatorias.onp.gob.pe\/OportunidadLaboral<\/a><\/p>\n\n\n\n<p>La postulaci\u00f3n se realizar\u00e1\u00a0<strong>exclusivamente de manera virtual<\/strong>, a trav\u00e9s de la\u00a0<strong>Plataforma de Reclutamiento Virtual de la ONP<\/strong>, del\u00a0<strong>09 al 15 de enero de 2026<\/strong>, ingresando a:<br>\u00a0<a href=\"https:\/\/convocatorias.onp.gob.pe\/\">https:\/\/convocatorias.onp.gob.pe<\/a><a href=\"https:\/\/www.cal.org.pe\/v1\/2026\/01\/02\/\"><\/a><\/p>\n\n\n\n<p><\/p>\n","protected":false},"excerpt":{"rendered":"<p>La\u00a0Oficina de Normalizaci\u00f3n Previsional (ONP)\u00a0ha convocado el\u00a0Concurso P\u00fablico de Selecci\u00f3n de Vocales del Tribunal Administrativo Previsional (TAP), con la finalidad de cubrir\u00a0tres (3) plazas\u00a0para dicho \u00f3rgano colegiado, conforme a lo establecido en la normativa vigente. De acuerdo con el aviso de convocatoria&nbsp;TAP N.\u00b0 002-2025-ONP, el cargo convocado corresponde a&nbsp;Vocal del Tribunal Administrativo Previsional, con un&nbsp;plazo de designaci\u00f3n de tres (3) a\u00f1os, pudiendo ser ratificado por per\u00edodos similares, seg\u00fan lo dispuesto en el Decreto Supremo N.\u00b0 385-2015-EF, que aprueba el Reglamento del Tribunal Administrativo Previsional. Principales caracter\u00edsticas de la convocatoria Requisitos de postulaci\u00f3n Los postulantes deber\u00e1n cumplir, entre otros, con los siguientes requisitos: Postulaci\u00f3n Las personas interesadas deber\u00e1n revisar las bases del concurso en el\u00a0Portal Institucional de la ONP, en el siguiente enlace:\u00a0https:\/\/convocatorias.onp.gob.pe\/OportunidadLaboral La postulaci\u00f3n se realizar\u00e1\u00a0exclusivamente de manera virtual, a trav\u00e9s de la\u00a0Plataforma de Reclutamiento Virtual de la ONP, del\u00a009 al 15 de enero de 2026, ingresando a:\u00a0https:\/\/convocatorias.onp.gob.pe<\/p>\n","protected":false},"author":3,"featured_media":71570,"comment_status":"closed","ping_status":"open","sticky":false,"template":"","format":"standard","meta":{"pagelayer_contact_templates":[],"_pagelayer_content":"","footnotes":""},"categories":[46],"tags":[45],"class_list":["post-73005","post","type-post","status-publish","format-standard","has-post-thumbnail","hentry","category-bolsa-de-trabajo","tag-avisos"],"rttpg_featured_image_url":{"full":["https:\/\/www.cal.org.pe\/v1\/wp-content\/uploads\/2025\/11\/544843552_1224988692997616_1270447393534197562_n.jpg",800,500,false],"landscape":["https:\/\/www.cal.org.pe\/v1\/wp-content\/uploads\/2025\/11\/544843552_1224988692997616_1270447393534197562_n.jpg",800,500,false],"portraits":["https:\/\/www.cal.org.pe\/v1\/wp-content\/uploads\/2025\/11\/544843552_1224988692997616_1270447393534197562_n.jpg",800,500,false],"thumbnail":["https:\/\/www.cal.org.pe\/v1\/wp-content\/uploads\/2025\/11\/544843552_1224988692997616_1270447393534197562_n-150x150.jpg",150,150,true],"medium":["https:\/\/www.cal.org.pe\/v1\/wp-content\/uploads\/2025\/11\/544843552_1224988692997616_1270447393534197562_n-300x188.jpg",300,188,true],"large":["https:\/\/www.cal.org.pe\/v1\/wp-content\/uploads\/2025\/11\/544843552_1224988692997616_1270447393534197562_n.jpg",800,500,false],"1536x1536":["https:\/\/www.cal.org.pe\/v1\/wp-content\/uploads\/2025\/11\/544843552_1224988692997616_1270447393534197562_n.jpg",800,500,false],"2048x2048":["https:\/\/www.cal.org.pe\/v1\/wp-content\/uploads\/2025\/11\/544843552_1224988692997616_1270447393534197562_n.jpg",800,500,false]},"rttpg_author":{"display_name":"Prensa CAL","author_link":"https:\/\/www.cal.org.pe\/v1\/author\/prensa-cal\/"},"rttpg_comment":0,"rttpg_category":"<a href=\"https:\/\/www.cal.org.pe\/v1\/category\/bolsa-de-trabajo\/\" rel=\"category tag\">Bolsa de Trabajo<\/a>","rttpg_excerpt":"La\u00a0Oficina de Normalizaci\u00f3n Previsional (ONP)\u00a0ha convocado el\u00a0Concurso P\u00fablico de Selecci\u00f3n de Vocales del Tribunal Administrativo Previsional (TAP), con la finalidad de cubrir\u00a0tres (3) plazas\u00a0para dicho \u00f3rgano colegiado, conforme a lo establecido en la normativa vigente. De acuerdo con el aviso de convocatoria&nbsp;TAP N.\u00b0 002-2025-ONP, el cargo convocado corresponde a&nbsp;Vocal del Tribunal Administrativo Previsional, con un&nbsp;plazo&hellip;","_links":{"self":[{"href":"https:\/\/www.cal.org.pe\/v1\/wp-json\/wp\/v2\/posts\/73005","targetHints":{"allow":["GET"]}}],"collection":[{"href":"https:\/\/www.cal.org.pe\/v1\/wp-json\/wp\/v2\/posts"}],"about":[{"href":"https:\/\/www.cal.org.pe\/v1\/wp-json\/wp\/v2\/types\/post"}],"author":[{"embeddable":true,"href":"https:\/\/www.cal.org.pe\/v1\/wp-json\/wp\/v2\/users\/3"}],"replies":[{"embeddable":true,"href":"https:\/\/www.cal.org.pe\/v1\/wp-json\/wp\/v2\/comments?post=73005"}],"version-history":[{"count":1,"href":"https:\/\/www.cal.org.pe\/v1\/wp-json\/wp\/v2\/posts\/73005\/revisions"}],"predecessor-version":[{"id":73008,"href":"https:\/\/www.cal.org.pe\/v1\/wp-json\/wp\/v2\/posts\/73005\/revisions\/73008"}],"wp:featuredmedia":[{"embeddable":true,"href":"https:\/\/www.cal.org.pe\/v1\/wp-json\/wp\/v2\/media\/71570"}],"wp:attachment":[{"href":"https:\/\/www.cal.org.pe\/v1\/wp-json\/wp\/v2\/media?parent=73005"}],"wp:term":[{"taxonomy":"category","embeddable":true,"href":"https:\/\/www.cal.org.pe\/v1\/wp-json\/wp\/v2\/categories?post=73005"},{"taxonomy":"post_tag","embeddable":true,"href":"https:\/\/www.cal.org.pe\/v1\/wp-json\/wp\/v2\/tags?post=73005"}],"curies":[{"name":"wp","href":"https:\/\/api.w.org\/{rel}","templated":true}]}}