{"id":72756,"date":"2025-12-02T12:12:00","date_gmt":"2025-12-02T17:12:00","guid":{"rendered":"https:\/\/www.cal.org.pe\/v1\/?p=72756"},"modified":"2026-01-05T11:41:41","modified_gmt":"2026-01-05T16:41:41","slug":"cal-fortalece-la-formacion-de-sus-agremiados-mediante-convenio-academico-con-la-universidad-de-salamanca-2","status":"publish","type":"post","link":"https:\/\/www.cal.org.pe\/v1\/2025\/12\/02\/cal-fortalece-la-formacion-de-sus-agremiados-mediante-convenio-academico-con-la-universidad-de-salamanca-2\/","title":{"rendered":"CAL FORTALECE LA FORMACI\u00d3N DE SUS AGREMIADOS MEDIANTE CONVENIO ACAD\u00c9MICO CON LA UNIVERSIDAD DE SALAMANCA"},"content":{"rendered":"\n<figure class=\"wp-block-image size-full is-resized\"><img fetchpriority=\"high\" decoding=\"async\" width=\"800\" height=\"500\" src=\"https:\/\/www.cal.org.pe\/v1\/wp-content\/uploads\/2025\/08\/NOTAS-DE-PRENSA.jpg\" alt=\"\" class=\"wp-image-69522\" style=\"width:840px;height:auto\" srcset=\"https:\/\/www.cal.org.pe\/v1\/wp-content\/uploads\/2025\/08\/NOTAS-DE-PRENSA.jpg 800w, https:\/\/www.cal.org.pe\/v1\/wp-content\/uploads\/2025\/08\/NOTAS-DE-PRENSA-300x188.jpg 300w, https:\/\/www.cal.org.pe\/v1\/wp-content\/uploads\/2025\/08\/NOTAS-DE-PRENSA-768x480.jpg 768w\" sizes=\"(max-width: 800px) 100vw, 800px\" \/><\/figure>\n\n\n\n<p><img decoding=\"async\" height=\"16\" width=\"16\" alt=\"\ud83d\udd34\" src=\"https:\/\/static.xx.fbcdn.net\/images\/emoji.php\/v9\/t6e\/1\/16\/1f534.png\"><img decoding=\"async\" height=\"16\" width=\"16\" alt=\"\u203c\ufe0f\" src=\"https:\/\/static.xx.fbcdn.net\/images\/emoji.php\/v9\/t77\/1\/16\/203c.png\"> INSCR\u00cdBETE Y SELECCIONA EL CURSO DE TU INTER\u00c9S:<\/p>\n\n\n\n<p><a href=\"https:\/\/forms.gle\/HuQmm9n53LJLoJXA7\">https:\/\/forms.gle\/HuQmm9n53LJLoJXA7<\/a><\/p>\n\n\n\n<p>El Colegio de Abogados de Lima (CAL) informa la suscripci\u00f3n de un Convenio de Cooperaci\u00f3n Acad\u00e9mica con la Fundaci\u00f3n General Universidad de Salamanca (FGUSAL), orientado a fortalecer la formaci\u00f3n especializada y el desarrollo profesional de nuestros agremiados mediante los reconocidos Cursos de Especializaci\u00f3n en Derecho (CED).<\/p>\n\n\n\n<p>Los CED se imparten en dos ediciones anuales y est\u00e1n estructurados con altos est\u00e1ndares internacionales. Cada programa comprende *120 horas nominales*:<\/p>\n\n\n\n<p><img loading=\"lazy\" decoding=\"async\" height=\"16\" width=\"16\" alt=\"\u25b6\ufe0f\" src=\"https:\/\/static.xx.fbcdn.net\/images\/emoji.php\/v9\/t40\/1\/16\/25b6.png\"> 60 horas de clases presenciales o virtuales sincr\u00f3nicas<\/p>\n\n\n\n<p><img loading=\"lazy\" decoding=\"async\" height=\"16\" width=\"16\" alt=\"\u25b6\ufe0f\" src=\"https:\/\/static.xx.fbcdn.net\/images\/emoji.php\/v9\/t40\/1\/16\/25b6.png\"> 60 horas de trabajo individual guiado por docentes especializados<\/p>\n\n\n\n<p><img decoding=\"async\" height=\"16\" width=\"16\" alt=\"\ud83d\udd34\" src=\"https:\/\/static.xx.fbcdn.net\/images\/emoji.php\/v9\/t6e\/1\/16\/1f534.png\">Precios de Matr\u00edcula<\/p>\n\n\n\n<p>Hasta el 19\/12\/25:<\/p>\n\n\n\n<p><img loading=\"lazy\" decoding=\"async\" height=\"16\" width=\"16\" alt=\"\u25b6\ufe0f\" src=\"https:\/\/static.xx.fbcdn.net\/images\/emoji.php\/v9\/t40\/1\/16\/25b6.png\"> Matr\u00edcula ordinaria: 1500 \u20ac<\/p>\n\n\n\n<p>*Estudiantes posgrado USAL: 1300 \u20ac<\/p>\n\n\n\n<p><img loading=\"lazy\" decoding=\"async\" height=\"16\" width=\"16\" alt=\"\u25b6\ufe0f\" src=\"https:\/\/static.xx.fbcdn.net\/images\/emoji.php\/v9\/t40\/1\/16\/25b6.png\"> Beneficios para los agremiados del CAL. Descuentos por grupos de inscritos del CAL:<\/p>\n\n\n\n<p>\u2022 3 a 4 participantes: 15%<\/p>\n\n\n\n<p>\u2022 5 a 9 participantes: 20%<\/p>\n\n\n\n<p>\u2022 10 participantes o m\u00e1s: 25%<\/p>\n\n\n\n<p><img decoding=\"async\" height=\"16\" width=\"16\" alt=\"\ud83d\udd34\" src=\"https:\/\/static.xx.fbcdn.net\/images\/emoji.php\/v9\/t6e\/1\/16\/1f534.png\"> Requisitos y postulaci\u00f3n<\/p>\n\n\n\n<p>Los postulantes deben:<\/p>\n\n\n\n<p><img loading=\"lazy\" decoding=\"async\" height=\"16\" width=\"16\" alt=\"\u2714\" src=\"https:\/\/static.xx.fbcdn.net\/images\/emoji.php\/v9\/t51\/1\/16\/2714.png\"> Estar habilitados<\/p>\n\n\n\n<p><img loading=\"lazy\" decoding=\"async\" height=\"16\" width=\"16\" alt=\"\u2714\" src=\"https:\/\/static.xx.fbcdn.net\/images\/emoji.php\/v9\/t51\/1\/16\/2714.png\"> No registrar sanci\u00f3n vigente<\/p>\n\n\n\n<p>Lima, 2 de diciembre de 2025<\/p>\n","protected":false},"excerpt":{"rendered":"<p>INSCR\u00cdBETE Y SELECCIONA EL CURSO DE TU INTER\u00c9S: https:\/\/forms.gle\/HuQmm9n53LJLoJXA7 El Colegio de Abogados de Lima (CAL) informa la suscripci\u00f3n de un Convenio de Cooperaci\u00f3n Acad\u00e9mica con la Fundaci\u00f3n General Universidad de Salamanca (FGUSAL), orientado a fortalecer la formaci\u00f3n especializada y el desarrollo profesional de nuestros agremiados mediante los reconocidos Cursos de Especializaci\u00f3n en Derecho (CED). Los CED se imparten en dos ediciones anuales y est\u00e1n estructurados con altos est\u00e1ndares internacionales. Cada programa comprende *120 horas nominales*: 60 horas de clases presenciales o virtuales sincr\u00f3nicas 60 horas de trabajo individual guiado por docentes especializados Precios de Matr\u00edcula Hasta el 19\/12\/25: Matr\u00edcula ordinaria: 1500 \u20ac *Estudiantes posgrado USAL: 1300 \u20ac Beneficios para los agremiados del CAL. Descuentos por grupos de inscritos del CAL: \u2022 3 a 4 participantes: 15% \u2022 5 a 9 participantes: 20% \u2022 10 participantes o m\u00e1s: 25% Requisitos y postulaci\u00f3n Los postulantes deben: Estar habilitados No registrar sanci\u00f3n vigente Lima, 2 de diciembre de 2025<\/p>\n","protected":false},"author":3,"featured_media":69522,"comment_status":"closed","ping_status":"open","sticky":false,"template":"","format":"standard","meta":{"pagelayer_contact_templates":[],"_pagelayer_content":"","footnotes":""},"categories":[13],"tags":[47],"class_list":["post-72756","post","type-post","status-publish","format-standard","has-post-thumbnail","hentry","category-decanato","tag-nota-de-prensa"],"rttpg_featured_image_url":{"full":["https:\/\/www.cal.org.pe\/v1\/wp-content\/uploads\/2025\/08\/NOTAS-DE-PRENSA.jpg",800,500,false],"landscape":["https:\/\/www.cal.org.pe\/v1\/wp-content\/uploads\/2025\/08\/NOTAS-DE-PRENSA.jpg",800,500,false],"portraits":["https:\/\/www.cal.org.pe\/v1\/wp-content\/uploads\/2025\/08\/NOTAS-DE-PRENSA.jpg",800,500,false],"thumbnail":["https:\/\/www.cal.org.pe\/v1\/wp-content\/uploads\/2025\/08\/NOTAS-DE-PRENSA-150x150.jpg",150,150,true],"medium":["https:\/\/www.cal.org.pe\/v1\/wp-content\/uploads\/2025\/08\/NOTAS-DE-PRENSA-300x188.jpg",300,188,true],"large":["https:\/\/www.cal.org.pe\/v1\/wp-content\/uploads\/2025\/08\/NOTAS-DE-PRENSA.jpg",800,500,false],"1536x1536":["https:\/\/www.cal.org.pe\/v1\/wp-content\/uploads\/2025\/08\/NOTAS-DE-PRENSA.jpg",800,500,false],"2048x2048":["https:\/\/www.cal.org.pe\/v1\/wp-content\/uploads\/2025\/08\/NOTAS-DE-PRENSA.jpg",800,500,false]},"rttpg_author":{"display_name":"Prensa CAL","author_link":"https:\/\/www.cal.org.pe\/v1\/author\/prensa-cal\/"},"rttpg_comment":0,"rttpg_category":"<a href=\"https:\/\/www.cal.org.pe\/v1\/category\/decanato\/\" rel=\"category tag\">Decanato<\/a>","rttpg_excerpt":"INSCR\u00cdBETE Y SELECCIONA EL CURSO DE TU INTER\u00c9S: https:\/\/forms.gle\/HuQmm9n53LJLoJXA7 El Colegio de Abogados de Lima (CAL) informa la suscripci\u00f3n de un Convenio de Cooperaci\u00f3n Acad\u00e9mica con la Fundaci\u00f3n General Universidad de Salamanca (FGUSAL), orientado a fortalecer la formaci\u00f3n especializada y el desarrollo profesional de nuestros agremiados mediante los reconocidos Cursos de Especializaci\u00f3n en Derecho (CED).&hellip;","_links":{"self":[{"href":"https:\/\/www.cal.org.pe\/v1\/wp-json\/wp\/v2\/posts\/72756","targetHints":{"allow":["GET"]}}],"collection":[{"href":"https:\/\/www.cal.org.pe\/v1\/wp-json\/wp\/v2\/posts"}],"about":[{"href":"https:\/\/www.cal.org.pe\/v1\/wp-json\/wp\/v2\/types\/post"}],"author":[{"embeddable":true,"href":"https:\/\/www.cal.org.pe\/v1\/wp-json\/wp\/v2\/users\/3"}],"replies":[{"embeddable":true,"href":"https:\/\/www.cal.org.pe\/v1\/wp-json\/wp\/v2\/comments?post=72756"}],"version-history":[{"count":1,"href":"https:\/\/www.cal.org.pe\/v1\/wp-json\/wp\/v2\/posts\/72756\/revisions"}],"predecessor-version":[{"id":72759,"href":"https:\/\/www.cal.org.pe\/v1\/wp-json\/wp\/v2\/posts\/72756\/revisions\/72759"}],"wp:featuredmedia":[{"embeddable":true,"href":"https:\/\/www.cal.org.pe\/v1\/wp-json\/wp\/v2\/media\/69522"}],"wp:attachment":[{"href":"https:\/\/www.cal.org.pe\/v1\/wp-json\/wp\/v2\/media?parent=72756"}],"wp:term":[{"taxonomy":"category","embeddable":true,"href":"https:\/\/www.cal.org.pe\/v1\/wp-json\/wp\/v2\/categories?post=72756"},{"taxonomy":"post_tag","embeddable":true,"href":"https:\/\/www.cal.org.pe\/v1\/wp-json\/wp\/v2\/tags?post=72756"}],"curies":[{"name":"wp","href":"https:\/\/api.w.org\/{rel}","templated":true}]}}