{"id":72702,"date":"2025-12-22T15:05:00","date_gmt":"2025-12-22T20:05:00","guid":{"rendered":"https:\/\/www.cal.org.pe\/v1\/?p=72702"},"modified":"2026-01-05T10:05:56","modified_gmt":"2026-01-05T15:05:56","slug":"cal-reconocio-a-expositores-destacados-por-su-aporte-academico-durante-el-2025","status":"publish","type":"post","link":"https:\/\/www.cal.org.pe\/v1\/2025\/12\/22\/cal-reconocio-a-expositores-destacados-por-su-aporte-academico-durante-el-2025\/","title":{"rendered":"CAL RECONOCI\u00d3 A EXPOSITORES DESTACADOS POR SU APORTE ACAD\u00c9MICO DURANTE EL 2025"},"content":{"rendered":"\n<figure class=\"wp-block-image size-full\"><img fetchpriority=\"high\" decoding=\"async\" width=\"800\" height=\"500\" src=\"https:\/\/www.cal.org.pe\/v1\/wp-content\/uploads\/2025\/08\/NOTAS-DE-PRENSA.jpg\" alt=\"\" class=\"wp-image-69522\" srcset=\"https:\/\/www.cal.org.pe\/v1\/wp-content\/uploads\/2025\/08\/NOTAS-DE-PRENSA.jpg 800w, https:\/\/www.cal.org.pe\/v1\/wp-content\/uploads\/2025\/08\/NOTAS-DE-PRENSA-300x188.jpg 300w, https:\/\/www.cal.org.pe\/v1\/wp-content\/uploads\/2025\/08\/NOTAS-DE-PRENSA-768x480.jpg 768w\" sizes=\"(max-width: 800px) 100vw, 800px\" \/><\/figure>\n\n\n\n<p>El <a><\/a>Colegio de Abogados de Lima realiz\u00f3 la ceremonia de Reconocimiento a Expositores Destacados, en homenaje a los acad\u00e9micos y especialistas que, a lo largo del a\u00f1o 2025, contribuyeron de manera significativa a la formaci\u00f3n y capacitaci\u00f3n de los agremiados mediante cursos, talleres y diplomados desarrollados por la Direcci\u00f3n Acad\u00e9mica y Promoci\u00f3n Cultural, a cargo de la Dra. Minerva C\u00f3rdova.<\/p>\n\n\n\n<p>Durante su intervenci\u00f3n, el Decano del Colegio de Abogados de Lima, Dr. Ra\u00fal Canelo Rabanal, se\u00f1al\u00f3 que uno de los objetivos centrales del gremio es la capacitaci\u00f3n permanente de sus miembros, concebida como un eje esencial de la vida institucional del Colegio. En ese sentido, destac\u00f3 que la formaci\u00f3n jur\u00eddica debe sustentarse en el conocimiento riguroso y cr\u00edtico del derecho, y no en la mera opini\u00f3n o improvisaci\u00f3n.<\/p>\n\n\n\n<p>Asimismo, resalt\u00f3 el rol hist\u00f3rico del CAL como un espacio donde convergen la academia y la pr\u00e1ctica profesional, permitiendo que juristas con amplia trayectoria transmitan conocimiento especializado a las nuevas generaciones de abogados. Subray\u00f3 que esta tradici\u00f3n gremial fortalece la calidad del ejercicio profesional y consolida al Colegio como una verdadera escuela del derecho.<\/p>\n\n\n\n<p>El Decano tambi\u00e9n enfatiz\u00f3 la importancia del Estado de Derecho, se\u00f1alando que este exige equilibrio y autonom\u00eda entre los poderes del Estado, y que una formaci\u00f3n jur\u00eddica s\u00f3lida resulta indispensable para enfrentar los actuales desaf\u00edos institucionales y democr\u00e1ticos del pa\u00eds.<\/p>\n\n\n\n<p>La ceremonia cont\u00f3 con la presencia de destacadas personalidades del \u00e1mbito jur\u00eddico y acad\u00e9mico, as\u00ed como de los expositores homenajeados, quienes fueron reconocidos por su compromiso con la ense\u00f1anza, la investigaci\u00f3n y la difusi\u00f3n del conocimiento jur\u00eddico en beneficio de los agremiados.<\/p>\n\n\n\n<p>Lima, 18 de diciembre de 2025<\/p>\n","protected":false},"excerpt":{"rendered":"<p>El Colegio de Abogados de Lima realiz\u00f3 la ceremonia de Reconocimiento a Expositores Destacados, en homenaje a los acad\u00e9micos y especialistas que, a lo largo del a\u00f1o 2025, contribuyeron de manera significativa a la formaci\u00f3n y capacitaci\u00f3n de los agremiados mediante cursos, talleres y diplomados desarrollados por la Direcci\u00f3n Acad\u00e9mica y Promoci\u00f3n Cultural, a cargo de la Dra. Minerva C\u00f3rdova. Durante su intervenci\u00f3n, el Decano del Colegio de Abogados de Lima, Dr. Ra\u00fal Canelo Rabanal, se\u00f1al\u00f3 que uno de los objetivos centrales del gremio es la capacitaci\u00f3n permanente de sus miembros, concebida como un eje esencial de la vida institucional del Colegio. En ese sentido, destac\u00f3 que la formaci\u00f3n jur\u00eddica debe sustentarse en el conocimiento riguroso y cr\u00edtico del derecho, y no en la mera opini\u00f3n o improvisaci\u00f3n. Asimismo, resalt\u00f3 el rol hist\u00f3rico del CAL como un espacio donde convergen la academia y la pr\u00e1ctica profesional, permitiendo que juristas con amplia trayectoria transmitan conocimiento especializado a las nuevas generaciones de abogados. Subray\u00f3 que esta tradici\u00f3n gremial fortalece la calidad del ejercicio profesional y consolida al Colegio como una verdadera escuela del derecho. El Decano tambi\u00e9n enfatiz\u00f3 la importancia del Estado de Derecho, se\u00f1alando que este exige equilibrio y autonom\u00eda entre los poderes del Estado, y que una formaci\u00f3n jur\u00eddica s\u00f3lida resulta indispensable para enfrentar los actuales desaf\u00edos institucionales y democr\u00e1ticos del pa\u00eds. La ceremonia cont\u00f3 con la presencia de destacadas personalidades del \u00e1mbito jur\u00eddico y acad\u00e9mico, as\u00ed como de los expositores homenajeados, quienes fueron reconocidos por su compromiso con la ense\u00f1anza, la investigaci\u00f3n y la difusi\u00f3n del conocimiento jur\u00eddico en beneficio de los agremiados. Lima, 18 de diciembre de 2025<\/p>\n","protected":false},"author":3,"featured_media":69522,"comment_status":"closed","ping_status":"open","sticky":false,"template":"","format":"standard","meta":{"pagelayer_contact_templates":[],"_pagelayer_content":"","footnotes":""},"categories":[15],"tags":[47],"class_list":["post-72702","post","type-post","status-publish","format-standard","has-post-thumbnail","hentry","category-direccion-academica-y-promocion-cultural","tag-nota-de-prensa"],"rttpg_featured_image_url":{"full":["https:\/\/www.cal.org.pe\/v1\/wp-content\/uploads\/2025\/08\/NOTAS-DE-PRENSA.jpg",800,500,false],"landscape":["https:\/\/www.cal.org.pe\/v1\/wp-content\/uploads\/2025\/08\/NOTAS-DE-PRENSA.jpg",800,500,false],"portraits":["https:\/\/www.cal.org.pe\/v1\/wp-content\/uploads\/2025\/08\/NOTAS-DE-PRENSA.jpg",800,500,false],"thumbnail":["https:\/\/www.cal.org.pe\/v1\/wp-content\/uploads\/2025\/08\/NOTAS-DE-PRENSA-150x150.jpg",150,150,true],"medium":["https:\/\/www.cal.org.pe\/v1\/wp-content\/uploads\/2025\/08\/NOTAS-DE-PRENSA-300x188.jpg",300,188,true],"large":["https:\/\/www.cal.org.pe\/v1\/wp-content\/uploads\/2025\/08\/NOTAS-DE-PRENSA.jpg",800,500,false],"1536x1536":["https:\/\/www.cal.org.pe\/v1\/wp-content\/uploads\/2025\/08\/NOTAS-DE-PRENSA.jpg",800,500,false],"2048x2048":["https:\/\/www.cal.org.pe\/v1\/wp-content\/uploads\/2025\/08\/NOTAS-DE-PRENSA.jpg",800,500,false]},"rttpg_author":{"display_name":"Prensa CAL","author_link":"https:\/\/www.cal.org.pe\/v1\/author\/prensa-cal\/"},"rttpg_comment":0,"rttpg_category":"<a href=\"https:\/\/www.cal.org.pe\/v1\/category\/direccion-academica-y-promocion-cultural\/\" rel=\"category tag\">Direcci\u00f3n Acad\u00e9mica y Promoci\u00f3n Cultural<\/a>","rttpg_excerpt":"El Colegio de Abogados de Lima realiz\u00f3 la ceremonia de Reconocimiento a Expositores Destacados, en homenaje a los acad\u00e9micos y especialistas que, a lo largo del a\u00f1o 2025, contribuyeron de manera significativa a la formaci\u00f3n y capacitaci\u00f3n de los agremiados mediante cursos, talleres y diplomados desarrollados por la Direcci\u00f3n Acad\u00e9mica y Promoci\u00f3n Cultural, a cargo&hellip;","_links":{"self":[{"href":"https:\/\/www.cal.org.pe\/v1\/wp-json\/wp\/v2\/posts\/72702","targetHints":{"allow":["GET"]}}],"collection":[{"href":"https:\/\/www.cal.org.pe\/v1\/wp-json\/wp\/v2\/posts"}],"about":[{"href":"https:\/\/www.cal.org.pe\/v1\/wp-json\/wp\/v2\/types\/post"}],"author":[{"embeddable":true,"href":"https:\/\/www.cal.org.pe\/v1\/wp-json\/wp\/v2\/users\/3"}],"replies":[{"embeddable":true,"href":"https:\/\/www.cal.org.pe\/v1\/wp-json\/wp\/v2\/comments?post=72702"}],"version-history":[{"count":1,"href":"https:\/\/www.cal.org.pe\/v1\/wp-json\/wp\/v2\/posts\/72702\/revisions"}],"predecessor-version":[{"id":72705,"href":"https:\/\/www.cal.org.pe\/v1\/wp-json\/wp\/v2\/posts\/72702\/revisions\/72705"}],"wp:featuredmedia":[{"embeddable":true,"href":"https:\/\/www.cal.org.pe\/v1\/wp-json\/wp\/v2\/media\/69522"}],"wp:attachment":[{"href":"https:\/\/www.cal.org.pe\/v1\/wp-json\/wp\/v2\/media?parent=72702"}],"wp:term":[{"taxonomy":"category","embeddable":true,"href":"https:\/\/www.cal.org.pe\/v1\/wp-json\/wp\/v2\/categories?post=72702"},{"taxonomy":"post_tag","embeddable":true,"href":"https:\/\/www.cal.org.pe\/v1\/wp-json\/wp\/v2\/tags?post=72702"}],"curies":[{"name":"wp","href":"https:\/\/api.w.org\/{rel}","templated":true}]}}