{"id":72694,"date":"2025-12-23T18:42:00","date_gmt":"2025-12-23T23:42:00","guid":{"rendered":"https:\/\/www.cal.org.pe\/v1\/?p=72694"},"modified":"2026-01-05T09:58:32","modified_gmt":"2026-01-05T14:58:32","slug":"colegio-de-abogados-de-lima-rinde-homenaje-a-agremiados-en-ceremonia-de-bodas-de-oro","status":"publish","type":"post","link":"https:\/\/www.cal.org.pe\/v1\/2025\/12\/23\/colegio-de-abogados-de-lima-rinde-homenaje-a-agremiados-en-ceremonia-de-bodas-de-oro\/","title":{"rendered":"COLEGIO DE ABOGADOS DE LIMA RINDE HOMENAJE A AGREMIADOS EN CEREMONIA DE BODAS DE ORO"},"content":{"rendered":"\n<figure class=\"wp-block-image size-full\"><img fetchpriority=\"high\" decoding=\"async\" width=\"800\" height=\"500\" src=\"https:\/\/www.cal.org.pe\/v1\/wp-content\/uploads\/2025\/08\/NOTAS-DE-PRENSA.jpg\" alt=\"\" class=\"wp-image-69522\" srcset=\"https:\/\/www.cal.org.pe\/v1\/wp-content\/uploads\/2025\/08\/NOTAS-DE-PRENSA.jpg 800w, https:\/\/www.cal.org.pe\/v1\/wp-content\/uploads\/2025\/08\/NOTAS-DE-PRENSA-300x188.jpg 300w, https:\/\/www.cal.org.pe\/v1\/wp-content\/uploads\/2025\/08\/NOTAS-DE-PRENSA-768x480.jpg 768w\" sizes=\"(max-width: 800px) 100vw, 800px\" \/><\/figure>\n\n\n\n<p>El <a><\/a>Colegio de Abogados de Lima (CAL) realiz\u00f3, el pasado 19 de diciembre, la emotiva Ceremonia de Bodas de Oro, en reconocimiento a los agremiados que cumplen 50 a\u00f1os de trayectoria profesional como miembros de la Orden, destacando su aporte al ejercicio del Derecho y al fortalecimiento institucional del gremio.<\/p>\n\n\n\n<p>La ceremonia se llev\u00f3 a cabo en el emblem\u00e1tico Auditorio Jos\u00e9 Le\u00f3n Barandiar\u00e1n, espacio hist\u00f3rico del CAL, y cont\u00f3 con la participaci\u00f3n de autoridades de la instituci\u00f3n, quienes rindieron homenaje a una vida dedicada a la abogac\u00eda, la \u00e9tica profesional y el servicio al pa\u00eds.<\/p>\n\n\n\n<p>El acto fue encabezado por la Vicedecana del Colegio de Abogados de Lima, Dra. Milagros Terry Gamarra, acompa\u00f1ada por el Director de Bienestar Social, Dr. Carlos Soria, y la Directora de Defensa Gremial, Dra. Mary Claudia Alvarado, quienes destacaron el compromiso, la vocaci\u00f3n y la contribuci\u00f3n permanente de los agremiados homenajeados al desarrollo del Derecho y de la instituci\u00f3n.<\/p>\n\n\n\n<p>Durante la ceremonia, se resalt\u00f3 el valor hist\u00f3rico y humano de quienes, a lo largo de cinco d\u00e9cadas, han ejercido la profesi\u00f3n con responsabilidad, compromiso democr\u00e1tico y respeto por el Estado de Derecho, convirti\u00e9ndose en referentes para las nuevas generaciones de abogados.<\/p>\n\n\n\n<p>El Colegio de Abogados de Lima reafirma, a trav\u00e9s de este reconocimiento, su profundo respeto y gratitud hacia sus miembros m\u00e1s representativos, renovando su compromiso de seguir fortaleciendo la vida gremial y el reconocimiento a la trayectoria profesional de sus agremiados.<\/p>\n\n\n\n<p>Lima, 23 de diciembre de 2025<\/p>\n","protected":false},"excerpt":{"rendered":"<p>El Colegio de Abogados de Lima (CAL) realiz\u00f3, el pasado 19 de diciembre, la emotiva Ceremonia de Bodas de Oro, en reconocimiento a los agremiados que cumplen 50 a\u00f1os de trayectoria profesional como miembros de la Orden, destacando su aporte al ejercicio del Derecho y al fortalecimiento institucional del gremio. La ceremonia se llev\u00f3 a cabo en el emblem\u00e1tico Auditorio Jos\u00e9 Le\u00f3n Barandiar\u00e1n, espacio hist\u00f3rico del CAL, y cont\u00f3 con la participaci\u00f3n de autoridades de la instituci\u00f3n, quienes rindieron homenaje a una vida dedicada a la abogac\u00eda, la \u00e9tica profesional y el servicio al pa\u00eds. El acto fue encabezado por la Vicedecana del Colegio de Abogados de Lima, Dra. Milagros Terry Gamarra, acompa\u00f1ada por el Director de Bienestar Social, Dr. Carlos Soria, y la Directora de Defensa Gremial, Dra. Mary Claudia Alvarado, quienes destacaron el compromiso, la vocaci\u00f3n y la contribuci\u00f3n permanente de los agremiados homenajeados al desarrollo del Derecho y de la instituci\u00f3n. Durante la ceremonia, se resalt\u00f3 el valor hist\u00f3rico y humano de quienes, a lo largo de cinco d\u00e9cadas, han ejercido la profesi\u00f3n con responsabilidad, compromiso democr\u00e1tico y respeto por el Estado de Derecho, convirti\u00e9ndose en referentes para las nuevas generaciones de abogados. El Colegio de Abogados de Lima reafirma, a trav\u00e9s de este reconocimiento, su profundo respeto y gratitud hacia sus miembros m\u00e1s representativos, renovando su compromiso de seguir fortaleciendo la vida gremial y el reconocimiento a la trayectoria profesional de sus agremiados. Lima, 23 de diciembre de 2025<\/p>\n","protected":false},"author":3,"featured_media":69522,"comment_status":"closed","ping_status":"open","sticky":false,"template":"","format":"standard","meta":{"pagelayer_contact_templates":[],"_pagelayer_content":"","footnotes":""},"categories":[21],"tags":[47],"class_list":["post-72694","post","type-post","status-publish","format-standard","has-post-thumbnail","hentry","category-direccion-de-bienestar-social","tag-nota-de-prensa"],"rttpg_featured_image_url":{"full":["https:\/\/www.cal.org.pe\/v1\/wp-content\/uploads\/2025\/08\/NOTAS-DE-PRENSA.jpg",800,500,false],"landscape":["https:\/\/www.cal.org.pe\/v1\/wp-content\/uploads\/2025\/08\/NOTAS-DE-PRENSA.jpg",800,500,false],"portraits":["https:\/\/www.cal.org.pe\/v1\/wp-content\/uploads\/2025\/08\/NOTAS-DE-PRENSA.jpg",800,500,false],"thumbnail":["https:\/\/www.cal.org.pe\/v1\/wp-content\/uploads\/2025\/08\/NOTAS-DE-PRENSA-150x150.jpg",150,150,true],"medium":["https:\/\/www.cal.org.pe\/v1\/wp-content\/uploads\/2025\/08\/NOTAS-DE-PRENSA-300x188.jpg",300,188,true],"large":["https:\/\/www.cal.org.pe\/v1\/wp-content\/uploads\/2025\/08\/NOTAS-DE-PRENSA.jpg",800,500,false],"1536x1536":["https:\/\/www.cal.org.pe\/v1\/wp-content\/uploads\/2025\/08\/NOTAS-DE-PRENSA.jpg",800,500,false],"2048x2048":["https:\/\/www.cal.org.pe\/v1\/wp-content\/uploads\/2025\/08\/NOTAS-DE-PRENSA.jpg",800,500,false]},"rttpg_author":{"display_name":"Prensa CAL","author_link":"https:\/\/www.cal.org.pe\/v1\/author\/prensa-cal\/"},"rttpg_comment":0,"rttpg_category":"<a href=\"https:\/\/www.cal.org.pe\/v1\/category\/direccion-de-bienestar-social\/\" rel=\"category tag\">Direcci\u00f3n de Bienestar Social<\/a>","rttpg_excerpt":"El Colegio de Abogados de Lima (CAL) realiz\u00f3, el pasado 19 de diciembre, la emotiva Ceremonia de Bodas de Oro, en reconocimiento a los agremiados que cumplen 50 a\u00f1os de trayectoria profesional como miembros de la Orden, destacando su aporte al ejercicio del Derecho y al fortalecimiento institucional del gremio. La ceremonia se llev\u00f3 a&hellip;","_links":{"self":[{"href":"https:\/\/www.cal.org.pe\/v1\/wp-json\/wp\/v2\/posts\/72694","targetHints":{"allow":["GET"]}}],"collection":[{"href":"https:\/\/www.cal.org.pe\/v1\/wp-json\/wp\/v2\/posts"}],"about":[{"href":"https:\/\/www.cal.org.pe\/v1\/wp-json\/wp\/v2\/types\/post"}],"author":[{"embeddable":true,"href":"https:\/\/www.cal.org.pe\/v1\/wp-json\/wp\/v2\/users\/3"}],"replies":[{"embeddable":true,"href":"https:\/\/www.cal.org.pe\/v1\/wp-json\/wp\/v2\/comments?post=72694"}],"version-history":[{"count":1,"href":"https:\/\/www.cal.org.pe\/v1\/wp-json\/wp\/v2\/posts\/72694\/revisions"}],"predecessor-version":[{"id":72697,"href":"https:\/\/www.cal.org.pe\/v1\/wp-json\/wp\/v2\/posts\/72694\/revisions\/72697"}],"wp:featuredmedia":[{"embeddable":true,"href":"https:\/\/www.cal.org.pe\/v1\/wp-json\/wp\/v2\/media\/69522"}],"wp:attachment":[{"href":"https:\/\/www.cal.org.pe\/v1\/wp-json\/wp\/v2\/media?parent=72694"}],"wp:term":[{"taxonomy":"category","embeddable":true,"href":"https:\/\/www.cal.org.pe\/v1\/wp-json\/wp\/v2\/categories?post=72694"},{"taxonomy":"post_tag","embeddable":true,"href":"https:\/\/www.cal.org.pe\/v1\/wp-json\/wp\/v2\/tags?post=72694"}],"curies":[{"name":"wp","href":"https:\/\/api.w.org\/{rel}","templated":true}]}}