{"id":72687,"date":"2025-12-23T23:47:00","date_gmt":"2025-12-24T04:47:00","guid":{"rendered":"https:\/\/www.cal.org.pe\/v1\/?p=72687"},"modified":"2026-01-05T09:49:36","modified_gmt":"2026-01-05T14:49:36","slug":"cal-lamenta-que-el-comite-electoral-descarte-el-voto-electronico-pese-a-los-esfuerzos-institucionales-y-convoque-a-elecciones-en-dos-fechas-calificandolo-como-un-despilfarro-economico","status":"publish","type":"post","link":"https:\/\/www.cal.org.pe\/v1\/2025\/12\/23\/cal-lamenta-que-el-comite-electoral-descarte-el-voto-electronico-pese-a-los-esfuerzos-institucionales-y-convoque-a-elecciones-en-dos-fechas-calificandolo-como-un-despilfarro-economico\/","title":{"rendered":"CAL LAMENTA QUE EL COMIT\u00c9 ELECTORAL DESCARTE EL VOTO ELECTR\u00d3NICO, PESE A LOS ESFUERZOS INSTITUCIONALES, Y CONVOQUE A ELECCIONES EN DOS FECHAS, CALIFIC\u00c1NDOLO COMO UN \u201cDESPILFARRO ECON\u00d3MICO\u201d QUE PERJUDICA A LOS AGREMIADOS AL OBLIGARLOS A DESPLAZARSE HASTA LA UNMSM"},"content":{"rendered":"\n<figure class=\"wp-block-image size-large is-resized\"><img fetchpriority=\"high\" decoding=\"async\" width=\"790\" height=\"1024\" src=\"https:\/\/www.cal.org.pe\/v1\/wp-content\/uploads\/2026\/01\/605134398_1317981287031689_2225719783602332223_n-790x1024.jpg\" alt=\"\" class=\"wp-image-72690\" style=\"aspect-ratio:0.7714937646197781;width:840px;height:auto\" srcset=\"https:\/\/www.cal.org.pe\/v1\/wp-content\/uploads\/2026\/01\/605134398_1317981287031689_2225719783602332223_n-790x1024.jpg 790w, https:\/\/www.cal.org.pe\/v1\/wp-content\/uploads\/2026\/01\/605134398_1317981287031689_2225719783602332223_n-231x300.jpg 231w, https:\/\/www.cal.org.pe\/v1\/wp-content\/uploads\/2026\/01\/605134398_1317981287031689_2225719783602332223_n-768x995.jpg 768w, https:\/\/www.cal.org.pe\/v1\/wp-content\/uploads\/2026\/01\/605134398_1317981287031689_2225719783602332223_n-1185x1536.jpg 1185w, https:\/\/www.cal.org.pe\/v1\/wp-content\/uploads\/2026\/01\/605134398_1317981287031689_2225719783602332223_n.jpg 1580w\" sizes=\"(max-width: 790px) 100vw, 790px\" \/><\/figure>\n\n\n\n<p>La Junta Directiva del Colegio de Abogados de Lima (CAL) informa a los agremiados y a la opini\u00f3n p\u00fablica que, en el marco del pr\u00f3ximo proceso electoral institucional, esta gesti\u00f3n realiz\u00f3 esfuerzos materiales, personales, concretos, t\u00e9cnicos y sostenidos para hacer posible la implementaci\u00f3n del voto electr\u00f3nico, una demanda reiterada y necesaria solicitada por amplios sectores honestos de la Orden.<\/p>\n\n\n\n<p>Entre dichas acciones, se impuls\u00f3 y ejecut\u00f3 una exitosa campa\u00f1a de recarnetizaci\u00f3n y actualizaci\u00f3n de datos de los agremiados, condici\u00f3n indispensable para garantizar un padr\u00f3n electoral confiable y habilitar cualquier modalidad de votaci\u00f3n electr\u00f3nica. Asimismo, se sostuvieron reuniones personales del Decano y directivos concernidos para efectuar coordinaciones y eventuales convenios institucionales con la ONPE, RENIEC y el Jurado Nacional de Elecciones (JNE), con el objetivo de evaluar alternativas modernas, seguras y eficientes para el ejercicio del derecho al voto mediante la modalidad de voto electr\u00f3nico.<\/p>\n\n\n\n<p>Pese a estos esfuerzos institucionales, el Comit\u00e9 Electoral del CAL \u2014\u00f3rgano aut\u00f3nomo conforme al Estatuto\u2014 lamentablemente, contrariando el inter\u00e9s de los agremiados, ha decidido llevar a cabo el proceso electoral mediante la modalidad del discutible voto presencial, estableciendo como sede la Universidad Nacional Mayor de San Marcos (UNMSM). De acuerdo con las convocatorias oficiales:<br>\u2022 El domingo 15 de febrero de 2026 se realizar\u00e1 la elecci\u00f3n del representante del CAL ante el Pleno del Jurado Nacional de Elecciones (JNE).<br>\u2022 El s\u00e1bado 28 de febrero de 2026 se desarrollar\u00e1n las elecciones para renovar los \u00d3rganos de Gobierno y Control del CAL (Junta Directiva, Junta de Vigilancia y delegados a la Asamblea General).<\/p>\n\n\n\n<p>Si bien la Junta Directiva respeta la autonom\u00eda del Comit\u00e9 Electoral, lamenta profundamente y expresa su m\u00e1s en\u00e9rgica protesta debido a que ambos procesos no hayan sido unificados en una sola jornada electoral, lo que habr\u00eda permitido evitar un doble gasto innecesario, que configura UN DESPILFARRO DE LOS LIMITADOS RECURSOS ECON\u00d3MICOS DEL CAL (COSTO M\u00cdNIMO APROXIMADO POR CADA JORNADA ELECTORAL: s\/ 500 000.00 MEDIO MILL\u00d3N DE SOLES, SIN CONTAR UNA TERCERA Y CUARTA JORNADA POR SEGUNDAS VUELTAS), as\u00ed como reducir el malestar que implica para los agremiados desplazarse hasta la UNMSM en dos fechas distintas para ejercer su voto.<\/p>\n\n\n\n<p>La Junta Directiva considera que un actuar transparente y eficiente en beneficio del gremio habr\u00eda significado una decisi\u00f3n m\u00e1s responsable y racional en el uso de los fondos institucionales, m\u00e1s a\u00fan en un contexto en el que el Colegio enfrenta graves retos financieros heredados de gestiones anteriores.<\/p>\n\n\n\n<p>Finalmente, reafirmamos nuestro compromiso con la transparencia, la modernizaci\u00f3n institucional y la defensa de los intereses de los agremiados, dejando constancia de que esta gesti\u00f3n agot\u00f3 todas las v\u00edas posibles para avanzar hacia un sistema electoral m\u00e1s accesible, moderno y acorde con las leg\u00edtimas expectativas de la Orden.<\/p>\n\n\n\n<p>El Comit\u00e9 Electoral del Colegio de Abogados de Lima est\u00e1 integrado por:<br>\u2022 Dra. Tania Paliza Toscano, Presidenta \u2022 Dra. Delia Mu\u00f1oz Mu\u00f1oz, Vocal<br>\u2022 Dr. Pablo S\u00e1nchez D\u00edaz, Secretario<\/p>\n\n\n\n<p>Lima, 23 de diciembre de 2025<\/p>\n","protected":false},"excerpt":{"rendered":"<p>La Junta Directiva del Colegio de Abogados de Lima (CAL) informa a los agremiados y a la opini\u00f3n p\u00fablica que, en el marco del pr\u00f3ximo proceso electoral institucional, esta gesti\u00f3n realiz\u00f3 esfuerzos materiales, personales, concretos, t\u00e9cnicos y sostenidos para hacer posible la implementaci\u00f3n del voto electr\u00f3nico, una demanda reiterada y necesaria solicitada por amplios sectores honestos de la Orden. Entre dichas acciones, se impuls\u00f3 y ejecut\u00f3 una exitosa campa\u00f1a de recarnetizaci\u00f3n y actualizaci\u00f3n de datos de los agremiados, condici\u00f3n indispensable para garantizar un padr\u00f3n electoral confiable y habilitar cualquier modalidad de votaci\u00f3n electr\u00f3nica. Asimismo, se sostuvieron reuniones personales del Decano y directivos concernidos para efectuar coordinaciones y eventuales convenios institucionales con la ONPE, RENIEC y el Jurado Nacional de Elecciones (JNE), con el objetivo de evaluar alternativas modernas, seguras y eficientes para el ejercicio del derecho al voto mediante la modalidad de voto electr\u00f3nico. Pese a estos esfuerzos institucionales, el Comit\u00e9 Electoral del CAL \u2014\u00f3rgano aut\u00f3nomo conforme al Estatuto\u2014 lamentablemente, contrariando el inter\u00e9s de los agremiados, ha decidido llevar a cabo el proceso electoral mediante la modalidad del discutible voto presencial, estableciendo como sede la Universidad Nacional Mayor de San Marcos (UNMSM). De acuerdo con las convocatorias oficiales:\u2022 El domingo 15 de febrero de 2026 se realizar\u00e1 la elecci\u00f3n del representante del CAL ante el Pleno del Jurado Nacional de Elecciones (JNE).\u2022 El s\u00e1bado 28 de febrero de 2026 se desarrollar\u00e1n las elecciones para renovar los \u00d3rganos de Gobierno y Control del CAL (Junta Directiva, Junta de Vigilancia y delegados a la Asamblea General). Si bien la Junta Directiva respeta la autonom\u00eda del Comit\u00e9 Electoral, lamenta profundamente y expresa su m\u00e1s en\u00e9rgica protesta debido a que ambos procesos no hayan sido unificados en una sola jornada electoral, lo que habr\u00eda permitido evitar un doble gasto innecesario, que configura UN DESPILFARRO DE LOS LIMITADOS RECURSOS ECON\u00d3MICOS DEL CAL (COSTO M\u00cdNIMO APROXIMADO POR CADA JORNADA ELECTORAL: s\/ 500 000.00 MEDIO MILL\u00d3N DE SOLES, SIN CONTAR UNA TERCERA Y CUARTA JORNADA POR SEGUNDAS VUELTAS), as\u00ed como reducir el malestar que implica para los agremiados desplazarse hasta la UNMSM en dos fechas distintas para ejercer su voto. La Junta Directiva considera que un actuar transparente y eficiente en beneficio del gremio habr\u00eda significado una decisi\u00f3n m\u00e1s responsable y racional en el uso de los fondos institucionales, m\u00e1s a\u00fan en un contexto en el que el Colegio enfrenta graves retos financieros heredados de gestiones anteriores. Finalmente, reafirmamos nuestro compromiso con la transparencia, la modernizaci\u00f3n institucional y la defensa de los intereses de los agremiados, dejando constancia de que esta gesti\u00f3n agot\u00f3 todas las v\u00edas posibles para avanzar hacia un sistema electoral m\u00e1s accesible, moderno y acorde con las leg\u00edtimas expectativas de la Orden. El Comit\u00e9 Electoral del Colegio de Abogados de Lima est\u00e1 integrado por:\u2022 Dra. Tania Paliza Toscano, Presidenta \u2022 Dra. Delia Mu\u00f1oz Mu\u00f1oz, Vocal\u2022 Dr. Pablo S\u00e1nchez D\u00edaz, Secretario Lima, 23 de diciembre de 2025<\/p>\n","protected":false},"author":3,"featured_media":69518,"comment_status":"closed","ping_status":"open","sticky":false,"template":"","format":"standard","meta":{"pagelayer_contact_templates":[],"_pagelayer_content":"","footnotes":""},"categories":[53],"tags":[43],"class_list":["post-72687","post","type-post","status-publish","format-standard","has-post-thumbnail","hentry","category-junta-directiva","tag-comunicados"],"rttpg_featured_image_url":{"full":["https:\/\/www.cal.org.pe\/v1\/wp-content\/uploads\/2025\/08\/COMUNICADOS.jpg",800,500,false],"landscape":["https:\/\/www.cal.org.pe\/v1\/wp-content\/uploads\/2025\/08\/COMUNICADOS.jpg",800,500,false],"portraits":["https:\/\/www.cal.org.pe\/v1\/wp-content\/uploads\/2025\/08\/COMUNICADOS.jpg",800,500,false],"thumbnail":["https:\/\/www.cal.org.pe\/v1\/wp-content\/uploads\/2025\/08\/COMUNICADOS-150x150.jpg",150,150,true],"medium":["https:\/\/www.cal.org.pe\/v1\/wp-content\/uploads\/2025\/08\/COMUNICADOS-300x188.jpg",300,188,true],"large":["https:\/\/www.cal.org.pe\/v1\/wp-content\/uploads\/2025\/08\/COMUNICADOS.jpg",800,500,false],"1536x1536":["https:\/\/www.cal.org.pe\/v1\/wp-content\/uploads\/2025\/08\/COMUNICADOS.jpg",800,500,false],"2048x2048":["https:\/\/www.cal.org.pe\/v1\/wp-content\/uploads\/2025\/08\/COMUNICADOS.jpg",800,500,false]},"rttpg_author":{"display_name":"Prensa CAL","author_link":"https:\/\/www.cal.org.pe\/v1\/author\/prensa-cal\/"},"rttpg_comment":0,"rttpg_category":"<a href=\"https:\/\/www.cal.org.pe\/v1\/category\/junta-directiva\/\" rel=\"category tag\">Junta Directiva<\/a>","rttpg_excerpt":"La Junta Directiva del Colegio de Abogados de Lima (CAL) informa a los agremiados y a la opini\u00f3n p\u00fablica que, en el marco del pr\u00f3ximo proceso electoral institucional, esta gesti\u00f3n realiz\u00f3 esfuerzos materiales, personales, concretos, t\u00e9cnicos y sostenidos para hacer posible la implementaci\u00f3n del voto electr\u00f3nico, una demanda reiterada y necesaria solicitada por amplios sectores&hellip;","_links":{"self":[{"href":"https:\/\/www.cal.org.pe\/v1\/wp-json\/wp\/v2\/posts\/72687","targetHints":{"allow":["GET"]}}],"collection":[{"href":"https:\/\/www.cal.org.pe\/v1\/wp-json\/wp\/v2\/posts"}],"about":[{"href":"https:\/\/www.cal.org.pe\/v1\/wp-json\/wp\/v2\/types\/post"}],"author":[{"embeddable":true,"href":"https:\/\/www.cal.org.pe\/v1\/wp-json\/wp\/v2\/users\/3"}],"replies":[{"embeddable":true,"href":"https:\/\/www.cal.org.pe\/v1\/wp-json\/wp\/v2\/comments?post=72687"}],"version-history":[{"count":1,"href":"https:\/\/www.cal.org.pe\/v1\/wp-json\/wp\/v2\/posts\/72687\/revisions"}],"predecessor-version":[{"id":72693,"href":"https:\/\/www.cal.org.pe\/v1\/wp-json\/wp\/v2\/posts\/72687\/revisions\/72693"}],"wp:featuredmedia":[{"embeddable":true,"href":"https:\/\/www.cal.org.pe\/v1\/wp-json\/wp\/v2\/media\/69518"}],"wp:attachment":[{"href":"https:\/\/www.cal.org.pe\/v1\/wp-json\/wp\/v2\/media?parent=72687"}],"wp:term":[{"taxonomy":"category","embeddable":true,"href":"https:\/\/www.cal.org.pe\/v1\/wp-json\/wp\/v2\/categories?post=72687"},{"taxonomy":"post_tag","embeddable":true,"href":"https:\/\/www.cal.org.pe\/v1\/wp-json\/wp\/v2\/tags?post=72687"}],"curies":[{"name":"wp","href":"https:\/\/api.w.org\/{rel}","templated":true}]}}