{"id":72571,"date":"2025-12-23T19:30:00","date_gmt":"2025-12-24T00:30:00","guid":{"rendered":"https:\/\/www.cal.org.pe\/v1\/?p=72571"},"modified":"2025-12-24T11:47:08","modified_gmt":"2025-12-24T16:47:08","slug":"convocatoria-a-elecciones-2026-representante-del-cal-ante-el-pleno-del-jne","status":"publish","type":"post","link":"https:\/\/www.cal.org.pe\/v1\/2025\/12\/23\/convocatoria-a-elecciones-2026-representante-del-cal-ante-el-pleno-del-jne\/","title":{"rendered":"CONVOCATORIA A ELECCIONES 2026 &#8211; REPRESENTANTE DEL CAL ANTE EL PLENO DEL JNE"},"content":{"rendered":"\n<figure class=\"wp-block-image size-full is-resized\"><img fetchpriority=\"high\" decoding=\"async\" width=\"744\" height=\"960\" src=\"https:\/\/www.cal.org.pe\/v1\/wp-content\/uploads\/2025\/12\/605486993_1317983373698147_3932061510523642007_n.jpg\" alt=\"\" class=\"wp-image-72575\" style=\"aspect-ratio:0.7750215668082752;width:840px;height:auto\" srcset=\"https:\/\/www.cal.org.pe\/v1\/wp-content\/uploads\/2025\/12\/605486993_1317983373698147_3932061510523642007_n.jpg 744w, https:\/\/www.cal.org.pe\/v1\/wp-content\/uploads\/2025\/12\/605486993_1317983373698147_3932061510523642007_n-233x300.jpg 233w\" sizes=\"(max-width: 744px) 100vw, 744px\" \/><\/figure>\n\n\n\n<p>El Comit\u00e9 Electoral, de conformidad con lo dispuesto en el art\u00edculo 179\u00b0 numeral 3. de la Constituci\u00f3n Pol\u00edtica del Per\u00fa, el art\u00edculo 10\u00b0 literal c. de la Ley Org\u00e1nica del Jurado Nacional de Elecciones \u2013 Ley N\u00b0 26486, y el art\u00edculo 49\u00b0 del Estatuto de la Orden, CONVOCA a ELECCIONES GENERALES para elegir al Representante del Colegio de Abogados de Lima ante el Pleno del Jurado Nacional de Elecciones \u2013 JNE para el per\u00edodo comprendido entre el 01 de marzo del 2026 al 01 de marzo del 2030. Acto democr\u00e1tico que se realizar\u00e1 el d\u00eda DOMINGO 15 DE FEBRERO DEL 2026, mediante la modalidad de VOTO CL\u00c1SICO PRESENCIAL (SUFRAGIO POR C\u00c9DULA) desde las 8:00 horas hasta las 16:00 horas, en las instalaciones de la Universidad Nacional Mayor de San Marcos \u2013 UNMSM.<\/p>\n\n\n\n<p>Se recuerda a los se\u00f1ores colegiados activos (abogados y abogadas h\u00e1biles), su obligaci\u00f3n de votar y participar en el Proceso Electoral, con sujeci\u00f3n a lo dispuesto en el Reglamento de Elecciones 2025-I (JNE), aprobado en Sesi\u00f3n Extraordinaria del Comit\u00e9 Electoral de fecha 22 de diciembre del 2025, el mismo que se publicar\u00e1 en la portal web del Colegio de Abogados de Lima (<a href=\"https:\/\/l.facebook.com\/l.php?u=http%3A%2F%2Fwww.cal.org.pe%2F%3Ffbclid%3DIwZXh0bgNhZW0CMTAAYnJpZBExdHo5Yk5DNDlRbmltYnJnUHNydGMGYXBwX2lkEDIyMjAzOTE3ODgyMDA4OTIAAR7eDribOdiPBe7YSOlIvsvjqkFY4jnk-MH6rFwF7uj_DKXmPiR99c1jrYXrHQ_aem_MGuMTnfirNsLAQZzmMYX1A&amp;h=AT1ca_Xx7n2HB1klcEpH2ZhSKmUU96cbaMgi59RkZ4CRtdj_odBhxFGtPRxMnk6Kho1Ojqh7h45sv3iUNa-HbzJ33hOGCQ2PDCs2eI4Xpc7XqrpqS06e6GpTy9e_Gm_vreY4B3UJfGicJpsP&amp;__tn__=-UK-R&amp;c[0]=AT0DOmksilWkPNEljI7Zvmg3wDiePQYGs3kTCCxOwlRvrS_GFQvwBd9sNM0nFna3NLZD14TDdY_EFwIfVYa7Xzf1Diy5FqGY3lYhDSh7XhzYQ_1647dciFGSjhsLYhtw-GoLhiJIaF2HDnIgOPd_2Hpjc-SgEITV-yrINrfErg\" rel=\"noreferrer noopener\" target=\"_blank\">www.cal.org.pe<\/a>).<\/p>\n\n\n\n<p>Miraflores, 22 de diciembre del 2025<\/p>\n","protected":false},"excerpt":{"rendered":"<p>El Comit\u00e9 Electoral, de conformidad con lo dispuesto en el art\u00edculo 179\u00b0 numeral 3. de la Constituci\u00f3n Pol\u00edtica del Per\u00fa, el art\u00edculo 10\u00b0 literal c. de la Ley Org\u00e1nica del Jurado Nacional de Elecciones \u2013 Ley N\u00b0 26486, y el art\u00edculo 49\u00b0 del Estatuto de la Orden, CONVOCA a ELECCIONES GENERALES para elegir al Representante del Colegio de Abogados de Lima ante el Pleno del Jurado Nacional de Elecciones \u2013 JNE para el per\u00edodo comprendido entre el 01 de marzo del 2026 al 01 de marzo del 2030. Acto democr\u00e1tico que se realizar\u00e1 el d\u00eda DOMINGO 15 DE FEBRERO DEL 2026, mediante la modalidad de VOTO CL\u00c1SICO PRESENCIAL (SUFRAGIO POR C\u00c9DULA) desde las 8:00 horas hasta las 16:00 horas, en las instalaciones de la Universidad Nacional Mayor de San Marcos \u2013 UNMSM. Se recuerda a los se\u00f1ores colegiados activos (abogados y abogadas h\u00e1biles), su obligaci\u00f3n de votar y participar en el Proceso Electoral, con sujeci\u00f3n a lo dispuesto en el Reglamento de Elecciones 2025-I (JNE), aprobado en Sesi\u00f3n Extraordinaria del Comit\u00e9 Electoral de fecha 22 de diciembre del 2025, el mismo que se publicar\u00e1 en la portal web del Colegio de Abogados de Lima (www.cal.org.pe). Miraflores, 22 de diciembre del 2025<\/p>\n","protected":false},"author":3,"featured_media":69516,"comment_status":"closed","ping_status":"open","sticky":false,"template":"","format":"standard","meta":{"pagelayer_contact_templates":[],"_pagelayer_content":"","footnotes":""},"categories":[64],"tags":[45],"class_list":["post-72571","post","type-post","status-publish","format-standard","has-post-thumbnail","hentry","category-comite-electoral","tag-avisos"],"rttpg_featured_image_url":{"full":["https:\/\/www.cal.org.pe\/v1\/wp-content\/uploads\/2025\/08\/AVISOS.jpg",800,500,false],"landscape":["https:\/\/www.cal.org.pe\/v1\/wp-content\/uploads\/2025\/08\/AVISOS.jpg",800,500,false],"portraits":["https:\/\/www.cal.org.pe\/v1\/wp-content\/uploads\/2025\/08\/AVISOS.jpg",800,500,false],"thumbnail":["https:\/\/www.cal.org.pe\/v1\/wp-content\/uploads\/2025\/08\/AVISOS-150x150.jpg",150,150,true],"medium":["https:\/\/www.cal.org.pe\/v1\/wp-content\/uploads\/2025\/08\/AVISOS-300x188.jpg",300,188,true],"large":["https:\/\/www.cal.org.pe\/v1\/wp-content\/uploads\/2025\/08\/AVISOS.jpg",800,500,false],"1536x1536":["https:\/\/www.cal.org.pe\/v1\/wp-content\/uploads\/2025\/08\/AVISOS.jpg",800,500,false],"2048x2048":["https:\/\/www.cal.org.pe\/v1\/wp-content\/uploads\/2025\/08\/AVISOS.jpg",800,500,false]},"rttpg_author":{"display_name":"Prensa CAL","author_link":"https:\/\/www.cal.org.pe\/v1\/author\/prensa-cal\/"},"rttpg_comment":0,"rttpg_category":"<a href=\"https:\/\/www.cal.org.pe\/v1\/category\/comite-electoral\/\" rel=\"category tag\">Comit\u00e9 Electoral<\/a>","rttpg_excerpt":"El Comit\u00e9 Electoral, de conformidad con lo dispuesto en el art\u00edculo 179\u00b0 numeral 3. de la Constituci\u00f3n Pol\u00edtica del Per\u00fa, el art\u00edculo 10\u00b0 literal c. de la Ley Org\u00e1nica del Jurado Nacional de Elecciones \u2013 Ley N\u00b0 26486, y el art\u00edculo 49\u00b0 del Estatuto de la Orden, CONVOCA a ELECCIONES GENERALES para elegir al Representante&hellip;","_links":{"self":[{"href":"https:\/\/www.cal.org.pe\/v1\/wp-json\/wp\/v2\/posts\/72571","targetHints":{"allow":["GET"]}}],"collection":[{"href":"https:\/\/www.cal.org.pe\/v1\/wp-json\/wp\/v2\/posts"}],"about":[{"href":"https:\/\/www.cal.org.pe\/v1\/wp-json\/wp\/v2\/types\/post"}],"author":[{"embeddable":true,"href":"https:\/\/www.cal.org.pe\/v1\/wp-json\/wp\/v2\/users\/3"}],"replies":[{"embeddable":true,"href":"https:\/\/www.cal.org.pe\/v1\/wp-json\/wp\/v2\/comments?post=72571"}],"version-history":[{"count":1,"href":"https:\/\/www.cal.org.pe\/v1\/wp-json\/wp\/v2\/posts\/72571\/revisions"}],"predecessor-version":[{"id":72576,"href":"https:\/\/www.cal.org.pe\/v1\/wp-json\/wp\/v2\/posts\/72571\/revisions\/72576"}],"wp:featuredmedia":[{"embeddable":true,"href":"https:\/\/www.cal.org.pe\/v1\/wp-json\/wp\/v2\/media\/69516"}],"wp:attachment":[{"href":"https:\/\/www.cal.org.pe\/v1\/wp-json\/wp\/v2\/media?parent=72571"}],"wp:term":[{"taxonomy":"category","embeddable":true,"href":"https:\/\/www.cal.org.pe\/v1\/wp-json\/wp\/v2\/categories?post=72571"},{"taxonomy":"post_tag","embeddable":true,"href":"https:\/\/www.cal.org.pe\/v1\/wp-json\/wp\/v2\/tags?post=72571"}],"curies":[{"name":"wp","href":"https:\/\/api.w.org\/{rel}","templated":true}]}}