{"id":72536,"date":"2025-12-21T12:16:00","date_gmt":"2025-12-21T17:16:00","guid":{"rendered":"https:\/\/www.cal.org.pe\/v1\/?p=72536"},"modified":"2025-12-22T17:45:16","modified_gmt":"2025-12-22T22:45:16","slug":"cal-reinfo-es-un-fracaso-y-no-es-la-solucion-para-la-formalizacion-minera","status":"publish","type":"post","link":"https:\/\/www.cal.org.pe\/v1\/2025\/12\/21\/cal-reinfo-es-un-fracaso-y-no-es-la-solucion-para-la-formalizacion-minera\/","title":{"rendered":"CAL: REINFO ES UN FRACASO Y NO ES LA SOLUCI\u00d3N PARA LA FORMALIZACI\u00d3N MINERA"},"content":{"rendered":"\n<figure class=\"wp-block-image size-large\"><img fetchpriority=\"high\" decoding=\"async\" width=\"1024\" height=\"1024\" src=\"https:\/\/www.cal.org.pe\/v1\/wp-content\/uploads\/2025\/12\/600332612_1316042303892254_8511438538777528998_n-1-1024x1024.jpg\" alt=\"\" class=\"wp-image-72540\" srcset=\"https:\/\/www.cal.org.pe\/v1\/wp-content\/uploads\/2025\/12\/600332612_1316042303892254_8511438538777528998_n-1-1024x1024.jpg 1024w, https:\/\/www.cal.org.pe\/v1\/wp-content\/uploads\/2025\/12\/600332612_1316042303892254_8511438538777528998_n-1-300x300.jpg 300w, https:\/\/www.cal.org.pe\/v1\/wp-content\/uploads\/2025\/12\/600332612_1316042303892254_8511438538777528998_n-1-150x150.jpg 150w, https:\/\/www.cal.org.pe\/v1\/wp-content\/uploads\/2025\/12\/600332612_1316042303892254_8511438538777528998_n-1-768x768.jpg 768w, https:\/\/www.cal.org.pe\/v1\/wp-content\/uploads\/2025\/12\/600332612_1316042303892254_8511438538777528998_n-1-1536x1536.jpg 1536w, https:\/\/www.cal.org.pe\/v1\/wp-content\/uploads\/2025\/12\/600332612_1316042303892254_8511438538777528998_n-1.jpg 2048w\" sizes=\"(max-width: 1024px) 100vw, 1024px\" \/><\/figure>\n\n\n\n<p><br>La Junta Directiva del Colegio de Abogados de Lima (CAL) lamenta la decisi\u00f3n del Congreso de la Rep\u00fablica de ampliar por un (1) a\u00f1o adicional el REINFO, mecanismo que durante su vigencia solo ha logrado formalizar a menos del 3 % de los procesos registrados.<\/p>\n\n\n\n<p>Han transcurrido m\u00e1s de diez (10) a\u00f1os y cinco pr\u00f3rrogas a la Ley del REINFO, cuyo resultado tangible ha sido el incremento de delitos contra la vida, la salud y el medio ambiente, beneficiando \u00fanicamente a grupos de mineros ilegales vinculados al crimen organizado. Desde el CAL lamentamos que este hecho haya sido respaldado, e incluso sostenido con complicidad, por diversos congresistas a lo largo de los \u00faltimos a\u00f1os.<\/p>\n\n\n\n<p>Al respecto, el REINFO no ha cumplido con el objetivo de formalizar la miner\u00eda en el Per\u00fa y, por el contrario, ha contribuido al desorden y a la impunidad, perjudicando gravemente la legalidad y el medio ambiente. Como se recuerda, el Tribunal Constitucional exhort\u00f3 al Congreso a no generar mayor impunidad al \u201cregular un marco de exenci\u00f3n penal referido a los delitos ambientales, en ning\u00fan proceso de formalizaci\u00f3n minera, ni en ninguna pr\u00f3rroga del r\u00e9gimen transitorio, ni en ninguna pol\u00edtica p\u00fablica que regule dicha actividad\u201d.<\/p>\n\n\n\n<p>En ese sentido, el Colegio de Abogados de Lima exhorta a los partidos pol\u00edticos, en el marco de la presente contienda electoral, a proponer las reformas necesarias para crear un r\u00e9gimen diferenciado para los mineros artesanales, distingui\u00e9ndolos de los peque\u00f1os y medianos mineros, que garantice igualdad en el tratamiento de los delitos ambientales y en el uso de explosivos.<\/p>\n\n\n\n<p>Lima, 21 de diciembre de 2025<\/p>\n\n\n\n<p>JUNTA DIRECTIVA<\/p>\n","protected":false},"excerpt":{"rendered":"<p>La Junta Directiva del Colegio de Abogados de Lima (CAL) lamenta la decisi\u00f3n del Congreso de la Rep\u00fablica de ampliar por un (1) a\u00f1o adicional el REINFO, mecanismo que durante su vigencia solo ha logrado formalizar a menos del 3 % de los procesos registrados. Han transcurrido m\u00e1s de diez (10) a\u00f1os y cinco pr\u00f3rrogas a la Ley del REINFO, cuyo resultado tangible ha sido el incremento de delitos contra la vida, la salud y el medio ambiente, beneficiando \u00fanicamente a grupos de mineros ilegales vinculados al crimen organizado. Desde el CAL lamentamos que este hecho haya sido respaldado, e incluso sostenido con complicidad, por diversos congresistas a lo largo de los \u00faltimos a\u00f1os. Al respecto, el REINFO no ha cumplido con el objetivo de formalizar la miner\u00eda en el Per\u00fa y, por el contrario, ha contribuido al desorden y a la impunidad, perjudicando gravemente la legalidad y el medio ambiente. Como se recuerda, el Tribunal Constitucional exhort\u00f3 al Congreso a no generar mayor impunidad al \u201cregular un marco de exenci\u00f3n penal referido a los delitos ambientales, en ning\u00fan proceso de formalizaci\u00f3n minera, ni en ninguna pr\u00f3rroga del r\u00e9gimen transitorio, ni en ninguna pol\u00edtica p\u00fablica que regule dicha actividad\u201d. En ese sentido, el Colegio de Abogados de Lima exhorta a los partidos pol\u00edticos, en el marco de la presente contienda electoral, a proponer las reformas necesarias para crear un r\u00e9gimen diferenciado para los mineros artesanales, distingui\u00e9ndolos de los peque\u00f1os y medianos mineros, que garantice igualdad en el tratamiento de los delitos ambientales y en el uso de explosivos. Lima, 21 de diciembre de 2025 JUNTA DIRECTIVA<\/p>\n","protected":false},"author":3,"featured_media":69518,"comment_status":"closed","ping_status":"open","sticky":false,"template":"","format":"standard","meta":{"pagelayer_contact_templates":[],"_pagelayer_content":"","footnotes":""},"categories":[53],"tags":[43],"class_list":["post-72536","post","type-post","status-publish","format-standard","has-post-thumbnail","hentry","category-junta-directiva","tag-comunicados"],"rttpg_featured_image_url":{"full":["https:\/\/www.cal.org.pe\/v1\/wp-content\/uploads\/2025\/08\/COMUNICADOS.jpg",800,500,false],"landscape":["https:\/\/www.cal.org.pe\/v1\/wp-content\/uploads\/2025\/08\/COMUNICADOS.jpg",800,500,false],"portraits":["https:\/\/www.cal.org.pe\/v1\/wp-content\/uploads\/2025\/08\/COMUNICADOS.jpg",800,500,false],"thumbnail":["https:\/\/www.cal.org.pe\/v1\/wp-content\/uploads\/2025\/08\/COMUNICADOS-150x150.jpg",150,150,true],"medium":["https:\/\/www.cal.org.pe\/v1\/wp-content\/uploads\/2025\/08\/COMUNICADOS-300x188.jpg",300,188,true],"large":["https:\/\/www.cal.org.pe\/v1\/wp-content\/uploads\/2025\/08\/COMUNICADOS.jpg",800,500,false],"1536x1536":["https:\/\/www.cal.org.pe\/v1\/wp-content\/uploads\/2025\/08\/COMUNICADOS.jpg",800,500,false],"2048x2048":["https:\/\/www.cal.org.pe\/v1\/wp-content\/uploads\/2025\/08\/COMUNICADOS.jpg",800,500,false]},"rttpg_author":{"display_name":"Prensa CAL","author_link":"https:\/\/www.cal.org.pe\/v1\/author\/prensa-cal\/"},"rttpg_comment":0,"rttpg_category":"<a href=\"https:\/\/www.cal.org.pe\/v1\/category\/junta-directiva\/\" rel=\"category tag\">Junta Directiva<\/a>","rttpg_excerpt":"La Junta Directiva del Colegio de Abogados de Lima (CAL) lamenta la decisi\u00f3n del Congreso de la Rep\u00fablica de ampliar por un (1) a\u00f1o adicional el REINFO, mecanismo que durante su vigencia solo ha logrado formalizar a menos del 3 % de los procesos registrados. Han transcurrido m\u00e1s de diez (10) a\u00f1os y cinco pr\u00f3rrogas&hellip;","_links":{"self":[{"href":"https:\/\/www.cal.org.pe\/v1\/wp-json\/wp\/v2\/posts\/72536","targetHints":{"allow":["GET"]}}],"collection":[{"href":"https:\/\/www.cal.org.pe\/v1\/wp-json\/wp\/v2\/posts"}],"about":[{"href":"https:\/\/www.cal.org.pe\/v1\/wp-json\/wp\/v2\/types\/post"}],"author":[{"embeddable":true,"href":"https:\/\/www.cal.org.pe\/v1\/wp-json\/wp\/v2\/users\/3"}],"replies":[{"embeddable":true,"href":"https:\/\/www.cal.org.pe\/v1\/wp-json\/wp\/v2\/comments?post=72536"}],"version-history":[{"count":1,"href":"https:\/\/www.cal.org.pe\/v1\/wp-json\/wp\/v2\/posts\/72536\/revisions"}],"predecessor-version":[{"id":72541,"href":"https:\/\/www.cal.org.pe\/v1\/wp-json\/wp\/v2\/posts\/72536\/revisions\/72541"}],"wp:featuredmedia":[{"embeddable":true,"href":"https:\/\/www.cal.org.pe\/v1\/wp-json\/wp\/v2\/media\/69518"}],"wp:attachment":[{"href":"https:\/\/www.cal.org.pe\/v1\/wp-json\/wp\/v2\/media?parent=72536"}],"wp:term":[{"taxonomy":"category","embeddable":true,"href":"https:\/\/www.cal.org.pe\/v1\/wp-json\/wp\/v2\/categories?post=72536"},{"taxonomy":"post_tag","embeddable":true,"href":"https:\/\/www.cal.org.pe\/v1\/wp-json\/wp\/v2\/tags?post=72536"}],"curies":[{"name":"wp","href":"https:\/\/api.w.org\/{rel}","templated":true}]}}