{"id":72154,"date":"2025-12-02T12:33:41","date_gmt":"2025-12-02T17:33:41","guid":{"rendered":"https:\/\/www.cal.org.pe\/v1\/?p=72154"},"modified":"2026-01-05T11:51:33","modified_gmt":"2026-01-05T16:51:33","slug":"cal-fortalece-la-formacion-de-sus-agremiados-mediante-convenio-academico-con-la-universidad-de-salamanca","status":"publish","type":"post","link":"https:\/\/www.cal.org.pe\/v1\/2025\/12\/02\/cal-fortalece-la-formacion-de-sus-agremiados-mediante-convenio-academico-con-la-universidad-de-salamanca\/","title":{"rendered":"CAL fortalece la formaci\u00f3n de sus agremiados mediante convenio acad\u00e9mico con la Universidad de Salamanca"},"content":{"rendered":"\n<p><strong>INSCR\u00cdBETE Y SELECCIONA EL CURSO DE TU INTER\u00c9S:<\/strong><br>\ud83d\udc49 <a href=\"https:\/\/forms.gle\/HuQmm9n53LJLoJXA7\">Formulario de inscripci\u00f3n<\/a><\/p>\n\n\n\n<p>El <strong>Colegio de Abogados de Lima (CAL)<\/strong> anuncia la suscripci\u00f3n de un <strong>Convenio de Cooperaci\u00f3n Acad\u00e9mica<\/strong> con la <strong>Fundaci\u00f3n General Universidad de Salamanca (FGUSAL)<\/strong>, con el prop\u00f3sito de fortalecer la formaci\u00f3n especializada y el desarrollo profesional de nuestros agremiados a trav\u00e9s de los reconocidos <strong>Cursos de Especializaci\u00f3n en Derecho (CED)<\/strong>.<\/p>\n\n\n\n<h3 class=\"wp-block-heading\"><strong>Sobre los Cursos CED<\/strong><\/h3>\n\n\n\n<p>Los programas se dictan en <strong>dos ediciones anuales<\/strong> y est\u00e1n dise\u00f1ados bajo rigurosos est\u00e1ndares internacionales. Cada curso comprende <strong>120 horas nominales<\/strong>:<\/p>\n\n\n\n<ul class=\"wp-block-list\">\n<li><strong>60 horas<\/strong> de clases presenciales o virtuales sincr\u00f3nicas<\/li>\n\n\n\n<li><strong>60 horas<\/strong> de trabajo individual guiado por docentes especializados<\/li>\n<\/ul>\n\n\n\n<h3 class=\"wp-block-heading\">\ud83d\udd34 <strong>Precios de Matr\u00edcula (hasta el 19\/12\/25)<\/strong><\/h3>\n\n\n\n<ul class=\"wp-block-list\">\n<li><strong>Matr\u00edcula ordinaria:<\/strong> <strong>1500 \u20ac<\/strong><\/li>\n\n\n\n<li><strong>Estudiantes de posgrado USAL:<\/strong> <strong>1300 \u20ac<\/strong><\/li>\n<\/ul>\n\n\n\n<p><strong>Beneficios para agremiados del CAL \u2013 Descuentos por grupos:<\/strong><\/p>\n\n\n\n<ul class=\"wp-block-list\">\n<li><strong>3 a 4 participantes:<\/strong> 15%<\/li>\n\n\n\n<li><strong>5 a 9 participantes:<\/strong> 20%<\/li>\n\n\n\n<li><strong>10 participantes o m\u00e1s:<\/strong> 25%<\/li>\n<\/ul>\n\n\n\n<h3 class=\"wp-block-heading\">\ud83d\udd34 <strong>Requisitos para Postulaci\u00f3n<\/strong><\/h3>\n\n\n\n<p>Los postulantes deben:<br>\u2714 Estar habilitados<br>\u2714 No registrar sanci\u00f3n vigente<\/p>\n\n\n\n<figure class=\"wp-block-image size-large\"><img fetchpriority=\"high\" decoding=\"async\" width=\"1024\" height=\"1024\" src=\"https:\/\/www.cal.org.pe\/v1\/wp-content\/uploads\/2025\/12\/image-2-1024x1024.png\" alt=\"\" class=\"wp-image-72157\" srcset=\"https:\/\/www.cal.org.pe\/v1\/wp-content\/uploads\/2025\/12\/image-2-1024x1024.png 1024w, https:\/\/www.cal.org.pe\/v1\/wp-content\/uploads\/2025\/12\/image-2-300x300.png 300w, https:\/\/www.cal.org.pe\/v1\/wp-content\/uploads\/2025\/12\/image-2-150x150.png 150w, https:\/\/www.cal.org.pe\/v1\/wp-content\/uploads\/2025\/12\/image-2-768x768.png 768w, https:\/\/www.cal.org.pe\/v1\/wp-content\/uploads\/2025\/12\/image-2-1536x1536.png 1536w, https:\/\/www.cal.org.pe\/v1\/wp-content\/uploads\/2025\/12\/image-2.png 2048w\" sizes=\"(max-width: 1024px) 100vw, 1024px\" \/><\/figure>\n","protected":false},"excerpt":{"rendered":"<p>INSCR\u00cdBETE Y SELECCIONA EL CURSO DE TU INTER\u00c9S:\ud83d\udc49 Formulario de inscripci\u00f3n El Colegio de Abogados de Lima (CAL) anuncia la suscripci\u00f3n de un Convenio de Cooperaci\u00f3n Acad\u00e9mica con la Fundaci\u00f3n General Universidad de Salamanca (FGUSAL), con el prop\u00f3sito de fortalecer la formaci\u00f3n especializada y el desarrollo profesional de nuestros agremiados a trav\u00e9s de los reconocidos Cursos de Especializaci\u00f3n en Derecho (CED). Sobre los Cursos CED Los programas se dictan en dos ediciones anuales y est\u00e1n dise\u00f1ados bajo rigurosos est\u00e1ndares internacionales. Cada curso comprende 120 horas nominales: \ud83d\udd34 Precios de Matr\u00edcula (hasta el 19\/12\/25) Beneficios para agremiados del CAL \u2013 Descuentos por grupos: \ud83d\udd34 Requisitos para Postulaci\u00f3n Los postulantes deben:\u2714 Estar habilitados\u2714 No registrar sanci\u00f3n vigente<\/p>\n","protected":false},"author":3,"featured_media":69522,"comment_status":"closed","ping_status":"open","sticky":false,"template":"","format":"standard","meta":{"pagelayer_contact_templates":[],"_pagelayer_content":"","footnotes":""},"categories":[13],"tags":[48],"class_list":["post-72154","post","type-post","status-publish","format-standard","has-post-thumbnail","hentry","category-decanato","tag-formacion-integral"],"rttpg_featured_image_url":{"full":["https:\/\/www.cal.org.pe\/v1\/wp-content\/uploads\/2025\/08\/NOTAS-DE-PRENSA.jpg",800,500,false],"landscape":["https:\/\/www.cal.org.pe\/v1\/wp-content\/uploads\/2025\/08\/NOTAS-DE-PRENSA.jpg",800,500,false],"portraits":["https:\/\/www.cal.org.pe\/v1\/wp-content\/uploads\/2025\/08\/NOTAS-DE-PRENSA.jpg",800,500,false],"thumbnail":["https:\/\/www.cal.org.pe\/v1\/wp-content\/uploads\/2025\/08\/NOTAS-DE-PRENSA-150x150.jpg",150,150,true],"medium":["https:\/\/www.cal.org.pe\/v1\/wp-content\/uploads\/2025\/08\/NOTAS-DE-PRENSA-300x188.jpg",300,188,true],"large":["https:\/\/www.cal.org.pe\/v1\/wp-content\/uploads\/2025\/08\/NOTAS-DE-PRENSA.jpg",800,500,false],"1536x1536":["https:\/\/www.cal.org.pe\/v1\/wp-content\/uploads\/2025\/08\/NOTAS-DE-PRENSA.jpg",800,500,false],"2048x2048":["https:\/\/www.cal.org.pe\/v1\/wp-content\/uploads\/2025\/08\/NOTAS-DE-PRENSA.jpg",800,500,false]},"rttpg_author":{"display_name":"Prensa CAL","author_link":"https:\/\/www.cal.org.pe\/v1\/author\/prensa-cal\/"},"rttpg_comment":0,"rttpg_category":"<a href=\"https:\/\/www.cal.org.pe\/v1\/category\/decanato\/\" rel=\"category tag\">Decanato<\/a>","rttpg_excerpt":"INSCR\u00cdBETE Y SELECCIONA EL CURSO DE TU INTER\u00c9S:\ud83d\udc49 Formulario de inscripci\u00f3n El Colegio de Abogados de Lima (CAL) anuncia la suscripci\u00f3n de un Convenio de Cooperaci\u00f3n Acad\u00e9mica con la Fundaci\u00f3n General Universidad de Salamanca (FGUSAL), con el prop\u00f3sito de fortalecer la formaci\u00f3n especializada y el desarrollo profesional de nuestros agremiados a trav\u00e9s de los reconocidos&hellip;","_links":{"self":[{"href":"https:\/\/www.cal.org.pe\/v1\/wp-json\/wp\/v2\/posts\/72154","targetHints":{"allow":["GET"]}}],"collection":[{"href":"https:\/\/www.cal.org.pe\/v1\/wp-json\/wp\/v2\/posts"}],"about":[{"href":"https:\/\/www.cal.org.pe\/v1\/wp-json\/wp\/v2\/types\/post"}],"author":[{"embeddable":true,"href":"https:\/\/www.cal.org.pe\/v1\/wp-json\/wp\/v2\/users\/3"}],"replies":[{"embeddable":true,"href":"https:\/\/www.cal.org.pe\/v1\/wp-json\/wp\/v2\/comments?post=72154"}],"version-history":[{"count":1,"href":"https:\/\/www.cal.org.pe\/v1\/wp-json\/wp\/v2\/posts\/72154\/revisions"}],"predecessor-version":[{"id":72158,"href":"https:\/\/www.cal.org.pe\/v1\/wp-json\/wp\/v2\/posts\/72154\/revisions\/72158"}],"wp:featuredmedia":[{"embeddable":true,"href":"https:\/\/www.cal.org.pe\/v1\/wp-json\/wp\/v2\/media\/69522"}],"wp:attachment":[{"href":"https:\/\/www.cal.org.pe\/v1\/wp-json\/wp\/v2\/media?parent=72154"}],"wp:term":[{"taxonomy":"category","embeddable":true,"href":"https:\/\/www.cal.org.pe\/v1\/wp-json\/wp\/v2\/categories?post=72154"},{"taxonomy":"post_tag","embeddable":true,"href":"https:\/\/www.cal.org.pe\/v1\/wp-json\/wp\/v2\/tags?post=72154"}],"curies":[{"name":"wp","href":"https:\/\/api.w.org\/{rel}","templated":true}]}}