{"id":71957,"date":"2025-11-20T17:28:00","date_gmt":"2025-11-20T22:28:00","guid":{"rendered":"https:\/\/www.cal.org.pe\/v1\/?p=71957"},"modified":"2025-11-20T19:30:18","modified_gmt":"2025-11-21T00:30:18","slug":"cal-la-comision-de-energia-y-minas-del-congreso-se-vuelve-complice-de-la-ilegalidad-al-aprobar-ampliacion-de-reinfo","status":"publish","type":"post","link":"https:\/\/www.cal.org.pe\/v1\/2025\/11\/20\/cal-la-comision-de-energia-y-minas-del-congreso-se-vuelve-complice-de-la-ilegalidad-al-aprobar-ampliacion-de-reinfo\/","title":{"rendered":"CAL: LA COMISI\u00d3N DE ENERG\u00cdA Y MINAS DEL CONGRESO SE VUELVE C\u00d3MPLICE DE LA ILEGALIDAD AL APROBAR AMPLIACI\u00d3N DE REINFO"},"content":{"rendered":"\n<figure class=\"wp-block-image size-large\"><img fetchpriority=\"high\" decoding=\"async\" width=\"1024\" height=\"1024\" src=\"https:\/\/www.cal.org.pe\/v1\/wp-content\/uploads\/2025\/11\/587624311_1292246306271854_8728368586668645149_n-1-1024x1024.jpg\" alt=\"\" class=\"wp-image-71960\" srcset=\"https:\/\/www.cal.org.pe\/v1\/wp-content\/uploads\/2025\/11\/587624311_1292246306271854_8728368586668645149_n-1-1024x1024.jpg 1024w, https:\/\/www.cal.org.pe\/v1\/wp-content\/uploads\/2025\/11\/587624311_1292246306271854_8728368586668645149_n-1-300x300.jpg 300w, https:\/\/www.cal.org.pe\/v1\/wp-content\/uploads\/2025\/11\/587624311_1292246306271854_8728368586668645149_n-1-150x150.jpg 150w, https:\/\/www.cal.org.pe\/v1\/wp-content\/uploads\/2025\/11\/587624311_1292246306271854_8728368586668645149_n-1-768x768.jpg 768w, https:\/\/www.cal.org.pe\/v1\/wp-content\/uploads\/2025\/11\/587624311_1292246306271854_8728368586668645149_n-1-1536x1536.jpg 1536w, https:\/\/www.cal.org.pe\/v1\/wp-content\/uploads\/2025\/11\/587624311_1292246306271854_8728368586668645149_n-1.jpg 2048w\" sizes=\"(max-width: 1024px) 100vw, 1024px\" \/><\/figure>\n\n\n\n<p>La <a><\/a>Junta Directiva del Colegio de Abogados de Lima expresa su rechazo a la decisi\u00f3n de la Comisi\u00f3n de Energ\u00eda y Minas del Congreso de la Rep\u00fablica de ampliar por dos a\u00f1os m\u00e1s la vigencia del Registro Integral de Formalizaci\u00f3n Minera (REINFO).<\/p>\n\n\n\n<p>Con esta medida se transgreden principios b\u00e1sicos de legalidad y del Estado de Derecho, lo que pone en grave riesgo la gobernabilidad y la seguridad de todos los peruanos, que quedan a merced del avance criminal de la miner\u00eda ilegal escudada por el REINFO. La Comisi\u00f3n de Energ\u00eda y Minas del Congreso, lejos de cuidar los intereses del pa\u00eds y de la ciudadan\u00eda, ha avalado y dispuesto:<\/p>\n\n\n\n<p>1. Reincorporar al proceso de formalizaci\u00f3n a m\u00e1s de 50,000 titulares de REINFO que ten\u00edan m\u00e1s de dos a\u00f1os suspendidos del proceso por no haber manifestado ninguna voluntad de cumplir con los requisitos m\u00ednimos para la formalizaci\u00f3n, como tener RUC, preparar un instrumento que prevea afectaciones al ambiente o reportar cu\u00e1nto mineral extraen y as\u00ed evitar realizar los pagos correspondientes al Estado, incluyendo tributos.<\/p>\n\n\n\n<p>2. Suspender el ejercicio de una funci\u00f3n exclusiva del Poder Ejecutivo, que a trav\u00e9s del Ministerio de Energ\u00eda y Minas le permit\u00eda excluir del proceso de formalizaci\u00f3n a quienes se encontraran desarrollando actividades mineras en zonas prohibidas por ley, generando una total impunidad ante la vulneraci\u00f3n de espacios de importancia como zonas arqueol\u00f3gicas o \u00e1reas naturales protegidas.<\/p>\n\n\n\n<p>3. Incentiva y legitima la invasi\u00f3n de propiedad privada y de espacios leg\u00edtimamente otorgados a terceros por el Estado para la realizaci\u00f3n de actividades productivas.<\/p>\n\n\n\n<p>4. Agravia la jerarqu\u00eda del Tribunal Constitucional, al desconocer su sentencia reca\u00edda en el Exp. 00017-2023-PI\/TC, en la que exhorta a los poderes del Estado a no establecer mecanismos de exenci\u00f3n (liberaci\u00f3n) de responsabilidad penal y administrativa en el marco de la comisi\u00f3n de delitos ambientales, como el de miner\u00eda ilegal.<\/p>\n\n\n\n<p>5. Genera incertidumbre sobre la aprobaci\u00f3n de una nueva Ley de Peque\u00f1a Miner\u00eda y Miner\u00eda Artesanal que les d\u00e9 el marco para realizar sus actividades dentro de la legalidad, y con ello el riesgo de que el proceso de formalizaci\u00f3n minera se convierta en un mecanismo pernicioso a plazo indeterminado.<\/p>\n\n\n\n<p>Preocupa que la ampliaci\u00f3n del REINFO no garantice ingresos efectivos al Estado por concepto de canon, regal\u00edas u otros tributos, lo cual impacta directamente en las poblaciones m\u00e1s cercanas a las zonas de actividad minera.<\/p>\n\n\n\n<p>El Colegio de Abogados de Lima invoca al Pleno del Congreso de la Rep\u00fablica a tomar distancia de lo aprobado y adoptar una decisi\u00f3n responsable que garantice los intereses de los m\u00e1s de 34 millones de peruanos y el futuro del Per\u00fa.<\/p>\n\n\n\n<p>Lima, 20 de noviembre de 2025<\/p>\n","protected":false},"excerpt":{"rendered":"<p>La Junta Directiva del Colegio de Abogados de Lima expresa su rechazo a la decisi\u00f3n de la Comisi\u00f3n de Energ\u00eda y Minas del Congreso de la Rep\u00fablica de ampliar por dos a\u00f1os m\u00e1s la vigencia del Registro Integral de Formalizaci\u00f3n Minera (REINFO). Con esta medida se transgreden principios b\u00e1sicos de legalidad y del Estado de Derecho, lo que pone en grave riesgo la gobernabilidad y la seguridad de todos los peruanos, que quedan a merced del avance criminal de la miner\u00eda ilegal escudada por el REINFO. La Comisi\u00f3n de Energ\u00eda y Minas del Congreso, lejos de cuidar los intereses del pa\u00eds y de la ciudadan\u00eda, ha avalado y dispuesto: 1. Reincorporar al proceso de formalizaci\u00f3n a m\u00e1s de 50,000 titulares de REINFO que ten\u00edan m\u00e1s de dos a\u00f1os suspendidos del proceso por no haber manifestado ninguna voluntad de cumplir con los requisitos m\u00ednimos para la formalizaci\u00f3n, como tener RUC, preparar un instrumento que prevea afectaciones al ambiente o reportar cu\u00e1nto mineral extraen y as\u00ed evitar realizar los pagos correspondientes al Estado, incluyendo tributos. 2. Suspender el ejercicio de una funci\u00f3n exclusiva del Poder Ejecutivo, que a trav\u00e9s del Ministerio de Energ\u00eda y Minas le permit\u00eda excluir del proceso de formalizaci\u00f3n a quienes se encontraran desarrollando actividades mineras en zonas prohibidas por ley, generando una total impunidad ante la vulneraci\u00f3n de espacios de importancia como zonas arqueol\u00f3gicas o \u00e1reas naturales protegidas. 3. Incentiva y legitima la invasi\u00f3n de propiedad privada y de espacios leg\u00edtimamente otorgados a terceros por el Estado para la realizaci\u00f3n de actividades productivas. 4. Agravia la jerarqu\u00eda del Tribunal Constitucional, al desconocer su sentencia reca\u00edda en el Exp. 00017-2023-PI\/TC, en la que exhorta a los poderes del Estado a no establecer mecanismos de exenci\u00f3n (liberaci\u00f3n) de responsabilidad penal y administrativa en el marco de la comisi\u00f3n de delitos ambientales, como el de miner\u00eda ilegal. 5. Genera incertidumbre sobre la aprobaci\u00f3n de una nueva Ley de Peque\u00f1a Miner\u00eda y Miner\u00eda Artesanal que les d\u00e9 el marco para realizar sus actividades dentro de la legalidad, y con ello el riesgo de que el proceso de formalizaci\u00f3n minera se convierta en un mecanismo pernicioso a plazo indeterminado. Preocupa que la ampliaci\u00f3n del REINFO no garantice ingresos efectivos al Estado por concepto de canon, regal\u00edas u otros tributos, lo cual impacta directamente en las poblaciones m\u00e1s cercanas a las zonas de actividad minera. El Colegio de Abogados de Lima invoca al Pleno del Congreso de la Rep\u00fablica a tomar distancia de lo aprobado y adoptar una decisi\u00f3n responsable que garantice los intereses de los m\u00e1s de 34 millones de peruanos y el futuro del Per\u00fa. Lima, 20 de noviembre de 2025<\/p>\n","protected":false},"author":3,"featured_media":69518,"comment_status":"closed","ping_status":"open","sticky":false,"template":"","format":"standard","meta":{"pagelayer_contact_templates":[],"_pagelayer_content":"","footnotes":""},"categories":[53],"tags":[43],"class_list":["post-71957","post","type-post","status-publish","format-standard","has-post-thumbnail","hentry","category-junta-directiva","tag-comunicados"],"rttpg_featured_image_url":{"full":["https:\/\/www.cal.org.pe\/v1\/wp-content\/uploads\/2025\/08\/COMUNICADOS.jpg",800,500,false],"landscape":["https:\/\/www.cal.org.pe\/v1\/wp-content\/uploads\/2025\/08\/COMUNICADOS.jpg",800,500,false],"portraits":["https:\/\/www.cal.org.pe\/v1\/wp-content\/uploads\/2025\/08\/COMUNICADOS.jpg",800,500,false],"thumbnail":["https:\/\/www.cal.org.pe\/v1\/wp-content\/uploads\/2025\/08\/COMUNICADOS-150x150.jpg",150,150,true],"medium":["https:\/\/www.cal.org.pe\/v1\/wp-content\/uploads\/2025\/08\/COMUNICADOS-300x188.jpg",300,188,true],"large":["https:\/\/www.cal.org.pe\/v1\/wp-content\/uploads\/2025\/08\/COMUNICADOS.jpg",800,500,false],"1536x1536":["https:\/\/www.cal.org.pe\/v1\/wp-content\/uploads\/2025\/08\/COMUNICADOS.jpg",800,500,false],"2048x2048":["https:\/\/www.cal.org.pe\/v1\/wp-content\/uploads\/2025\/08\/COMUNICADOS.jpg",800,500,false]},"rttpg_author":{"display_name":"Prensa CAL","author_link":"https:\/\/www.cal.org.pe\/v1\/author\/prensa-cal\/"},"rttpg_comment":0,"rttpg_category":"<a href=\"https:\/\/www.cal.org.pe\/v1\/category\/junta-directiva\/\" rel=\"category tag\">Junta Directiva<\/a>","rttpg_excerpt":"La Junta Directiva del Colegio de Abogados de Lima expresa su rechazo a la decisi\u00f3n de la Comisi\u00f3n de Energ\u00eda y Minas del Congreso de la Rep\u00fablica de ampliar por dos a\u00f1os m\u00e1s la vigencia del Registro Integral de Formalizaci\u00f3n Minera (REINFO). Con esta medida se transgreden principios b\u00e1sicos de legalidad y del Estado de&hellip;","_links":{"self":[{"href":"https:\/\/www.cal.org.pe\/v1\/wp-json\/wp\/v2\/posts\/71957","targetHints":{"allow":["GET"]}}],"collection":[{"href":"https:\/\/www.cal.org.pe\/v1\/wp-json\/wp\/v2\/posts"}],"about":[{"href":"https:\/\/www.cal.org.pe\/v1\/wp-json\/wp\/v2\/types\/post"}],"author":[{"embeddable":true,"href":"https:\/\/www.cal.org.pe\/v1\/wp-json\/wp\/v2\/users\/3"}],"replies":[{"embeddable":true,"href":"https:\/\/www.cal.org.pe\/v1\/wp-json\/wp\/v2\/comments?post=71957"}],"version-history":[{"count":1,"href":"https:\/\/www.cal.org.pe\/v1\/wp-json\/wp\/v2\/posts\/71957\/revisions"}],"predecessor-version":[{"id":71961,"href":"https:\/\/www.cal.org.pe\/v1\/wp-json\/wp\/v2\/posts\/71957\/revisions\/71961"}],"wp:featuredmedia":[{"embeddable":true,"href":"https:\/\/www.cal.org.pe\/v1\/wp-json\/wp\/v2\/media\/69518"}],"wp:attachment":[{"href":"https:\/\/www.cal.org.pe\/v1\/wp-json\/wp\/v2\/media?parent=71957"}],"wp:term":[{"taxonomy":"category","embeddable":true,"href":"https:\/\/www.cal.org.pe\/v1\/wp-json\/wp\/v2\/categories?post=71957"},{"taxonomy":"post_tag","embeddable":true,"href":"https:\/\/www.cal.org.pe\/v1\/wp-json\/wp\/v2\/tags?post=71957"}],"curies":[{"name":"wp","href":"https:\/\/api.w.org\/{rel}","templated":true}]}}