{"id":71616,"date":"2025-11-07T16:56:00","date_gmt":"2025-11-07T21:56:00","guid":{"rendered":"https:\/\/www.cal.org.pe\/v1\/?p=71616"},"modified":"2025-11-07T17:58:04","modified_gmt":"2025-11-07T22:58:04","slug":"curso-virtual-derecho-penal-y-procesal-penal","status":"publish","type":"post","link":"https:\/\/www.cal.org.pe\/v1\/2025\/11\/07\/curso-virtual-derecho-penal-y-procesal-penal\/","title":{"rendered":"CURSO VIRTUAL | DERECHO PENAL Y PROCESAL PENAL"},"content":{"rendered":"\n<figure class=\"wp-block-image size-large\"><img fetchpriority=\"high\" decoding=\"async\" width=\"723\" height=\"1024\" src=\"https:\/\/www.cal.org.pe\/v1\/wp-content\/uploads\/2025\/11\/FLAYER-CURSO-PENAL-Y-PROCESAL-PENAL-723x1024.jpeg\" alt=\"\" class=\"wp-image-71619\" srcset=\"https:\/\/www.cal.org.pe\/v1\/wp-content\/uploads\/2025\/11\/FLAYER-CURSO-PENAL-Y-PROCESAL-PENAL-723x1024.jpeg 723w, https:\/\/www.cal.org.pe\/v1\/wp-content\/uploads\/2025\/11\/FLAYER-CURSO-PENAL-Y-PROCESAL-PENAL-212x300.jpeg 212w, https:\/\/www.cal.org.pe\/v1\/wp-content\/uploads\/2025\/11\/FLAYER-CURSO-PENAL-Y-PROCESAL-PENAL-768x1087.jpeg 768w, https:\/\/www.cal.org.pe\/v1\/wp-content\/uploads\/2025\/11\/FLAYER-CURSO-PENAL-Y-PROCESAL-PENAL-1085x1536.jpeg 1085w, https:\/\/www.cal.org.pe\/v1\/wp-content\/uploads\/2025\/11\/FLAYER-CURSO-PENAL-Y-PROCESAL-PENAL.jpeg 1130w\" sizes=\"(max-width: 723px) 100vw, 723px\" \/><\/figure>\n\n\n\n<p>La Direcci\u00f3n Acad\u00e9mica y Promoci\u00f3n Cultural del Ilustre Colegio de Abogados de Lima, los invita al nuevo Curso Virtual \u00abDERECHO PENAL Y PROCESAL PENAL\u00bb.<\/p>\n\n\n\n<p><img decoding=\"async\" height=\"16\" width=\"16\" alt=\"\u23f3\" src=\"https:\/\/static.xx.fbcdn.net\/images\/emoji.php\/v9\/tb7\/1\/16\/23f3.png\"><a><\/a>Horas Acad\u00e9micas: 60<\/p>\n\n\n\n<p><img decoding=\"async\" height=\"16\" width=\"16\" alt=\"\ud83d\udcc6\" src=\"https:\/\/static.xx.fbcdn.net\/images\/emoji.php\/v9\/tff\/1\/16\/1f4c6.png\"> Fechas : 10, 11, 12, 13 y 14 de noviembre del 2025<\/p>\n\n\n\n<p><img loading=\"lazy\" decoding=\"async\" height=\"16\" width=\"16\" alt=\"\ud83d\udccc\" src=\"https:\/\/static.xx.fbcdn.net\/images\/emoji.php\/v9\/tac\/1\/16\/1f4cc.png\"> Modalidad: Virtual &#8211; V\u00eda Microsoft Teams<\/p>\n\n\n\n<p><img loading=\"lazy\" decoding=\"async\" height=\"16\" width=\"16\" alt=\"\ud83d\udd56\" src=\"https:\/\/static.xx.fbcdn.net\/images\/emoji.php\/v9\/tae\/1\/16\/1f556.png\"> Hora: 6:00 p.m &#8211; 9:00 p.m<\/p>\n\n\n\n<p><img loading=\"lazy\" decoding=\"async\" height=\"16\" width=\"16\" alt=\"\ud83d\udd17\" src=\"https:\/\/static.xx.fbcdn.net\/images\/emoji.php\/v9\/tb3\/1\/16\/1f517.png\">Link de Inscripci\u00f3n (OBLIGATORIO): <a href=\"https:\/\/forms.gle\/bATzmpss8Ky8Eaoi6?fbclid=IwZXh0bgNhZW0CMTAAYnJpZBExckVKRnZPc25YMVNSblM5NnNydGMGYXBwX2lkEDIyMjAzOTE3ODgyMDA4OTIAAR5o2FWmfOa9JzC2-3uF8ZTaD_ar73l8SVLPNqNbATI4oF-a6dFz722joWLgCg_aem_-3cM_L7tcDb0swCHR_JG0A\" rel=\"noreferrer noopener\" target=\"_blank\">https:\/\/forms.gle\/bATzmpss8Ky8Eaoi6<\/a><\/p>\n\n\n\n<p>Adjuntamos nuestro medio de pago:<\/p>\n\n\n\n<p><img loading=\"lazy\" decoding=\"async\" height=\"16\" width=\"16\" alt=\"\ud83d\udccc\" src=\"https:\/\/static.xx.fbcdn.net\/images\/emoji.php\/v9\/tac\/1\/16\/1f4cc.png\"> Transferencia:<\/p>\n\n\n\n<p>Banco Scotiabank Cta: 0002193140<\/p>\n\n\n\n<p>CCI: 009-242000002193140-97<\/p>\n\n\n\n<p>O realiza tu pago directamente en Caja CAL o agentes autorizados.<\/p>\n","protected":false},"excerpt":{"rendered":"<p>La Direcci\u00f3n Acad\u00e9mica y Promoci\u00f3n Cultural del Ilustre Colegio de Abogados de Lima, los invita al nuevo Curso Virtual \u00abDERECHO PENAL Y PROCESAL PENAL\u00bb. Horas Acad\u00e9micas: 60 Fechas : 10, 11, 12, 13 y 14 de noviembre del 2025 Modalidad: Virtual &#8211; V\u00eda Microsoft Teams Hora: 6:00 p.m &#8211; 9:00 p.m Link de Inscripci\u00f3n (OBLIGATORIO): https:\/\/forms.gle\/bATzmpss8Ky8Eaoi6 Adjuntamos nuestro medio de pago: Transferencia: Banco Scotiabank Cta: 0002193140 CCI: 009-242000002193140-97 O realiza tu pago directamente en Caja CAL o agentes autorizados.<\/p>\n","protected":false},"author":3,"featured_media":69521,"comment_status":"closed","ping_status":"open","sticky":false,"template":"","format":"standard","meta":{"pagelayer_contact_templates":[],"_pagelayer_content":"","footnotes":""},"categories":[15],"tags":[48],"class_list":["post-71616","post","type-post","status-publish","format-standard","has-post-thumbnail","hentry","category-direccion-academica-y-promocion-cultural","tag-formacion-integral"],"rttpg_featured_image_url":{"full":["https:\/\/www.cal.org.pe\/v1\/wp-content\/uploads\/2025\/08\/FORMACION-INTEGRAL.jpg",800,500,false],"landscape":["https:\/\/www.cal.org.pe\/v1\/wp-content\/uploads\/2025\/08\/FORMACION-INTEGRAL.jpg",800,500,false],"portraits":["https:\/\/www.cal.org.pe\/v1\/wp-content\/uploads\/2025\/08\/FORMACION-INTEGRAL.jpg",800,500,false],"thumbnail":["https:\/\/www.cal.org.pe\/v1\/wp-content\/uploads\/2025\/08\/FORMACION-INTEGRAL-150x150.jpg",150,150,true],"medium":["https:\/\/www.cal.org.pe\/v1\/wp-content\/uploads\/2025\/08\/FORMACION-INTEGRAL-300x188.jpg",300,188,true],"large":["https:\/\/www.cal.org.pe\/v1\/wp-content\/uploads\/2025\/08\/FORMACION-INTEGRAL.jpg",800,500,false],"1536x1536":["https:\/\/www.cal.org.pe\/v1\/wp-content\/uploads\/2025\/08\/FORMACION-INTEGRAL.jpg",800,500,false],"2048x2048":["https:\/\/www.cal.org.pe\/v1\/wp-content\/uploads\/2025\/08\/FORMACION-INTEGRAL.jpg",800,500,false]},"rttpg_author":{"display_name":"Prensa CAL","author_link":"https:\/\/www.cal.org.pe\/v1\/author\/prensa-cal\/"},"rttpg_comment":0,"rttpg_category":"<a href=\"https:\/\/www.cal.org.pe\/v1\/category\/direccion-academica-y-promocion-cultural\/\" rel=\"category tag\">Direcci\u00f3n Acad\u00e9mica y Promoci\u00f3n Cultural<\/a>","rttpg_excerpt":"La Direcci\u00f3n Acad\u00e9mica y Promoci\u00f3n Cultural del Ilustre Colegio de Abogados de Lima, los invita al nuevo Curso Virtual \u00abDERECHO PENAL Y PROCESAL PENAL\u00bb. Horas Acad\u00e9micas: 60 Fechas : 10, 11, 12, 13 y 14 de noviembre del 2025 Modalidad: Virtual &#8211; V\u00eda Microsoft Teams Hora: 6:00 p.m &#8211; 9:00 p.m Link de Inscripci\u00f3n (OBLIGATORIO):&hellip;","_links":{"self":[{"href":"https:\/\/www.cal.org.pe\/v1\/wp-json\/wp\/v2\/posts\/71616","targetHints":{"allow":["GET"]}}],"collection":[{"href":"https:\/\/www.cal.org.pe\/v1\/wp-json\/wp\/v2\/posts"}],"about":[{"href":"https:\/\/www.cal.org.pe\/v1\/wp-json\/wp\/v2\/types\/post"}],"author":[{"embeddable":true,"href":"https:\/\/www.cal.org.pe\/v1\/wp-json\/wp\/v2\/users\/3"}],"replies":[{"embeddable":true,"href":"https:\/\/www.cal.org.pe\/v1\/wp-json\/wp\/v2\/comments?post=71616"}],"version-history":[{"count":1,"href":"https:\/\/www.cal.org.pe\/v1\/wp-json\/wp\/v2\/posts\/71616\/revisions"}],"predecessor-version":[{"id":71620,"href":"https:\/\/www.cal.org.pe\/v1\/wp-json\/wp\/v2\/posts\/71616\/revisions\/71620"}],"wp:featuredmedia":[{"embeddable":true,"href":"https:\/\/www.cal.org.pe\/v1\/wp-json\/wp\/v2\/media\/69521"}],"wp:attachment":[{"href":"https:\/\/www.cal.org.pe\/v1\/wp-json\/wp\/v2\/media?parent=71616"}],"wp:term":[{"taxonomy":"category","embeddable":true,"href":"https:\/\/www.cal.org.pe\/v1\/wp-json\/wp\/v2\/categories?post=71616"},{"taxonomy":"post_tag","embeddable":true,"href":"https:\/\/www.cal.org.pe\/v1\/wp-json\/wp\/v2\/tags?post=71616"}],"curies":[{"name":"wp","href":"https:\/\/api.w.org\/{rel}","templated":true}]}}