{"id":71024,"date":"2025-10-16T14:41:13","date_gmt":"2025-10-16T19:41:13","guid":{"rendered":"https:\/\/www.cal.org.pe\/v1\/?p=71024"},"modified":"2025-10-16T14:41:14","modified_gmt":"2025-10-16T19:41:14","slug":"convocatoria-para-medicos-especialistas","status":"publish","type":"post","link":"https:\/\/www.cal.org.pe\/v1\/2025\/10\/16\/convocatoria-para-medicos-especialistas\/","title":{"rendered":"CONVOCATORIA PARA MEDICOS ESPECIALISTAS"},"content":{"rendered":"\n<p>El <strong>Policl\u00ednico del Colegio de Abogados de Lima<\/strong> invita a m\u00e9dicos especialistas a formar parte de nuestro equipo profesional en las siguientes \u00e1reas:<\/p>\n\n\n\n<p>\ud83d\udd39 <strong>Gastroenterolog\u00eda<\/strong><br>\ud83d\udd39 <strong>Pediatr\u00eda<\/strong><br>\ud83d\udd39 <strong>Otorrinolaringolog\u00eda<\/strong><br>\ud83d\udd39 <strong>Endocrinolog\u00eda<\/strong><br>\ud83d\udd39 <strong>Neurolog\u00eda<\/strong><\/p>\n\n\n\n<p>Ofrecemos un <strong>entorno profesional<\/strong>, con <strong>infraestructura moderna<\/strong>, <strong>soporte institucional<\/strong> y una <strong>alta demanda de pacientes<\/strong> conformada por agremiados, familiares y p\u00fablico en general.<\/p>\n\n\n\n<p>\ud83d\udc69\u200d\u2695\ufe0f\ud83d\udc68\u200d\u2695\ufe0f Si deseas integrarte a nuestro <strong>staff m\u00e9dico<\/strong> y ofrecer tus servicios en nuestro Policl\u00ednico, <strong>cont\u00e1ctanos<\/strong> para coordinar horarios disponibles.<\/p>\n\n\n\n<p>\ud83d\udccd <strong>Direcci\u00f3n:<\/strong> Jr. Luis N. S\u00e1enz 232 \u2013 Jes\u00fas Mar\u00eda<br>\ud83d\udce7 <strong>Env\u00eda tu CV a:<\/strong> <a>heidi.mendez@colegiodeabogadosdelima.pe<\/a><\/p>\n\n\n\n<figure class=\"wp-block-image size-large\"><img fetchpriority=\"high\" decoding=\"async\" width=\"1024\" height=\"1024\" src=\"https:\/\/www.cal.org.pe\/v1\/wp-content\/uploads\/2025\/10\/WhatsApp-Image-2025-10-16-at-2.05.13-PM-1-1024x1024.jpeg\" alt=\"\" class=\"wp-image-71028\" srcset=\"https:\/\/www.cal.org.pe\/v1\/wp-content\/uploads\/2025\/10\/WhatsApp-Image-2025-10-16-at-2.05.13-PM-1-1024x1024.jpeg 1024w, https:\/\/www.cal.org.pe\/v1\/wp-content\/uploads\/2025\/10\/WhatsApp-Image-2025-10-16-at-2.05.13-PM-1-300x300.jpeg 300w, https:\/\/www.cal.org.pe\/v1\/wp-content\/uploads\/2025\/10\/WhatsApp-Image-2025-10-16-at-2.05.13-PM-1-150x150.jpeg 150w, https:\/\/www.cal.org.pe\/v1\/wp-content\/uploads\/2025\/10\/WhatsApp-Image-2025-10-16-at-2.05.13-PM-1-768x768.jpeg 768w, https:\/\/www.cal.org.pe\/v1\/wp-content\/uploads\/2025\/10\/WhatsApp-Image-2025-10-16-at-2.05.13-PM-1.jpeg 1200w\" sizes=\"(max-width: 1024px) 100vw, 1024px\" \/><\/figure>\n","protected":false},"excerpt":{"rendered":"<p>El Policl\u00ednico del Colegio de Abogados de Lima invita a m\u00e9dicos especialistas a formar parte de nuestro equipo profesional en las siguientes \u00e1reas: \ud83d\udd39 Gastroenterolog\u00eda\ud83d\udd39 Pediatr\u00eda\ud83d\udd39 Otorrinolaringolog\u00eda\ud83d\udd39 Endocrinolog\u00eda\ud83d\udd39 Neurolog\u00eda Ofrecemos un entorno profesional, con infraestructura moderna, soporte institucional y una alta demanda de pacientes conformada por agremiados, familiares y p\u00fablico en general. \ud83d\udc69\u200d\u2695\ufe0f\ud83d\udc68\u200d\u2695\ufe0f Si deseas integrarte a nuestro staff m\u00e9dico y ofrecer tus servicios en nuestro Policl\u00ednico, cont\u00e1ctanos para coordinar horarios disponibles. \ud83d\udccd Direcci\u00f3n: Jr. Luis N. S\u00e1enz 232 \u2013 Jes\u00fas Mar\u00eda\ud83d\udce7 Env\u00eda tu CV a: heidi.mendez@colegiodeabogadosdelima.pe<\/p>\n","protected":false},"author":3,"featured_media":69519,"comment_status":"open","ping_status":"open","sticky":false,"template":"","format":"standard","meta":{"pagelayer_contact_templates":[],"_pagelayer_content":"","footnotes":""},"categories":[46,21],"tags":[45],"class_list":["post-71024","post","type-post","status-publish","format-standard","has-post-thumbnail","hentry","category-bolsa-de-trabajo","category-direccion-de-bienestar-social","tag-avisos"],"rttpg_featured_image_url":{"full":["https:\/\/www.cal.org.pe\/v1\/wp-content\/uploads\/2025\/08\/CONVOCATORIAS.jpg",800,500,false],"landscape":["https:\/\/www.cal.org.pe\/v1\/wp-content\/uploads\/2025\/08\/CONVOCATORIAS.jpg",800,500,false],"portraits":["https:\/\/www.cal.org.pe\/v1\/wp-content\/uploads\/2025\/08\/CONVOCATORIAS.jpg",800,500,false],"thumbnail":["https:\/\/www.cal.org.pe\/v1\/wp-content\/uploads\/2025\/08\/CONVOCATORIAS-150x150.jpg",150,150,true],"medium":["https:\/\/www.cal.org.pe\/v1\/wp-content\/uploads\/2025\/08\/CONVOCATORIAS-300x188.jpg",300,188,true],"large":["https:\/\/www.cal.org.pe\/v1\/wp-content\/uploads\/2025\/08\/CONVOCATORIAS.jpg",800,500,false],"1536x1536":["https:\/\/www.cal.org.pe\/v1\/wp-content\/uploads\/2025\/08\/CONVOCATORIAS.jpg",800,500,false],"2048x2048":["https:\/\/www.cal.org.pe\/v1\/wp-content\/uploads\/2025\/08\/CONVOCATORIAS.jpg",800,500,false]},"rttpg_author":{"display_name":"Prensa CAL","author_link":"https:\/\/www.cal.org.pe\/v1\/author\/prensa-cal\/"},"rttpg_comment":0,"rttpg_category":"<a href=\"https:\/\/www.cal.org.pe\/v1\/category\/bolsa-de-trabajo\/\" rel=\"category tag\">Bolsa de Trabajo<\/a> <a href=\"https:\/\/www.cal.org.pe\/v1\/category\/direccion-de-bienestar-social\/\" rel=\"category tag\">Direcci\u00f3n de Bienestar Social<\/a>","rttpg_excerpt":"El Policl\u00ednico del Colegio de Abogados de Lima invita a m\u00e9dicos especialistas a formar parte de nuestro equipo profesional en las siguientes \u00e1reas: \ud83d\udd39 Gastroenterolog\u00eda\ud83d\udd39 Pediatr\u00eda\ud83d\udd39 Otorrinolaringolog\u00eda\ud83d\udd39 Endocrinolog\u00eda\ud83d\udd39 Neurolog\u00eda Ofrecemos un entorno profesional, con infraestructura moderna, soporte institucional y una alta demanda de pacientes conformada por agremiados, familiares y p\u00fablico en general. \ud83d\udc69\u200d\u2695\ufe0f\ud83d\udc68\u200d\u2695\ufe0f Si deseas&hellip;","_links":{"self":[{"href":"https:\/\/www.cal.org.pe\/v1\/wp-json\/wp\/v2\/posts\/71024","targetHints":{"allow":["GET"]}}],"collection":[{"href":"https:\/\/www.cal.org.pe\/v1\/wp-json\/wp\/v2\/posts"}],"about":[{"href":"https:\/\/www.cal.org.pe\/v1\/wp-json\/wp\/v2\/types\/post"}],"author":[{"embeddable":true,"href":"https:\/\/www.cal.org.pe\/v1\/wp-json\/wp\/v2\/users\/3"}],"replies":[{"embeddable":true,"href":"https:\/\/www.cal.org.pe\/v1\/wp-json\/wp\/v2\/comments?post=71024"}],"version-history":[{"count":1,"href":"https:\/\/www.cal.org.pe\/v1\/wp-json\/wp\/v2\/posts\/71024\/revisions"}],"predecessor-version":[{"id":71029,"href":"https:\/\/www.cal.org.pe\/v1\/wp-json\/wp\/v2\/posts\/71024\/revisions\/71029"}],"wp:featuredmedia":[{"embeddable":true,"href":"https:\/\/www.cal.org.pe\/v1\/wp-json\/wp\/v2\/media\/69519"}],"wp:attachment":[{"href":"https:\/\/www.cal.org.pe\/v1\/wp-json\/wp\/v2\/media?parent=71024"}],"wp:term":[{"taxonomy":"category","embeddable":true,"href":"https:\/\/www.cal.org.pe\/v1\/wp-json\/wp\/v2\/categories?post=71024"},{"taxonomy":"post_tag","embeddable":true,"href":"https:\/\/www.cal.org.pe\/v1\/wp-json\/wp\/v2\/tags?post=71024"}],"curies":[{"name":"wp","href":"https:\/\/api.w.org\/{rel}","templated":true}]}}