{"id":70518,"date":"2025-09-23T18:18:41","date_gmt":"2025-09-23T23:18:41","guid":{"rendered":"https:\/\/www.cal.org.pe\/v1\/?p=70518"},"modified":"2025-09-23T18:18:42","modified_gmt":"2025-09-23T23:18:42","slug":"xv-curso-de-actualizacion-para-integrar-la-nomina-de-curadores-procesales","status":"publish","type":"post","link":"https:\/\/www.cal.org.pe\/v1\/2025\/09\/23\/xv-curso-de-actualizacion-para-integrar-la-nomina-de-curadores-procesales\/","title":{"rendered":"XV CURSO DE ACTUALIZACI\u00d3N PARA INTEGRAR LA N\u00d3MINA DE CURADORES PROCESALES"},"content":{"rendered":"\n<figure class=\"wp-block-image size-full\"><img fetchpriority=\"high\" decoding=\"async\" width=\"612\" height=\"797\" src=\"https:\/\/www.cal.org.pe\/v1\/wp-content\/uploads\/2025\/09\/Publicidad.jpg\" alt=\"\" class=\"wp-image-70524\" srcset=\"https:\/\/www.cal.org.pe\/v1\/wp-content\/uploads\/2025\/09\/Publicidad.jpg 612w, https:\/\/www.cal.org.pe\/v1\/wp-content\/uploads\/2025\/09\/Publicidad-230x300.jpg 230w\" sizes=\"(max-width: 612px) 100vw, 612px\" \/><\/figure>\n\n\n\n<p>El <a><\/a>CAL te invita a participar en el XV Curso de Actualizaci\u00f3n para Integrar la N\u00f3mina de Curadores Procesales. Esta es una oportunidad para fortalecer tu ejercicio profesional y obtener el registro necesario para ejercer esta importante labor.<\/p>\n\n\n\n<p>El curso, que se realizar\u00e1 de forma virtual, est\u00e1 dirigido a todos los abogados interesados en integrar la n\u00f3mina de la Corte Superior de Justicia de Lima.<\/p>\n\n\n\n<p>Detalles del curso:<\/p>\n\n\n\n<p><img decoding=\"async\" height=\"16\" width=\"16\" alt=\"\ud83d\uddd3\ufe0f\" src=\"https:\/\/static.xx.fbcdn.net\/images\/emoji.php\/v9\/t5c\/1\/16\/1f5d3.png\">Fechas: 15, 16 y 17 de octubre de 2025<\/p>\n\n\n\n<p><img decoding=\"async\" height=\"16\" width=\"16\" alt=\"\u23f0\" src=\"https:\/\/static.xx.fbcdn.net\/images\/emoji.php\/v9\/t34\/1\/16\/23f0.png\">Horario: De 6:00 p.m. a 9:00 p.m.<\/p>\n\n\n\n<p><img loading=\"lazy\" decoding=\"async\" height=\"16\" width=\"16\" alt=\"\ud83d\udccd\" src=\"https:\/\/static.xx.fbcdn.net\/images\/emoji.php\/v9\/t2d\/1\/16\/1f4cd.png\">Modalidad: Virtual (v\u00eda Zoom)<\/p>\n\n\n\n<p>INSCRIPCI\u00d3N<\/p>\n\n\n\n<p><img loading=\"lazy\" decoding=\"async\" height=\"16\" width=\"16\" alt=\"\u2709\ufe0f\" src=\"https:\/\/static.xx.fbcdn.net\/images\/emoji.php\/v9\/t37\/1\/16\/2709.png\"> Correo: curadoresprocesales@colegiodeabogadosdelima.pe<\/p>\n\n\n\n<p>(Se\u00f1alando: Nombres y Apellidos, Reg. CAL, Tel\u00e9fono, DN y adjuntando la boleta de pago.)<\/p>\n\n\n\n<p><img loading=\"lazy\" decoding=\"async\" height=\"16\" width=\"16\" alt=\"\ud83d\udce9\" src=\"https:\/\/static.xx.fbcdn.net\/images\/emoji.php\/v9\/tc0\/1\/16\/1f4e9.png\"> INFORMES:<\/p>\n\n\n\n<p><img loading=\"lazy\" decoding=\"async\" height=\"16\" width=\"16\" alt=\"\ud83d\udcde\" src=\"https:\/\/static.xx.fbcdn.net\/images\/emoji.php\/v9\/t4d\/1\/16\/1f4de.png\"> Tel\u00e9fono: 01 7066000 Anexo 6610 \/ 6635<\/p>\n\n\n\n<p><img loading=\"lazy\" decoding=\"async\" height=\"16\" width=\"16\" alt=\"\ud83d\udcf1\" src=\"https:\/\/static.xx.fbcdn.net\/images\/emoji.php\/v9\/t57\/1\/16\/1f4f1.png\"> WhatsApp: 968707175<\/p>\n","protected":false},"excerpt":{"rendered":"<p>El CAL te invita a participar en el XV Curso de Actualizaci\u00f3n para Integrar la N\u00f3mina de Curadores Procesales. Esta es una oportunidad para fortalecer tu ejercicio profesional y obtener el registro necesario para ejercer esta importante labor. El curso, que se realizar\u00e1 de forma virtual, est\u00e1 dirigido a todos los abogados interesados en integrar la n\u00f3mina de la Corte Superior de Justicia de Lima. Detalles del curso: Fechas: 15, 16 y 17 de octubre de 2025 Horario: De 6:00 p.m. a 9:00 p.m. Modalidad: Virtual (v\u00eda Zoom) INSCRIPCI\u00d3N Correo: curadoresprocesales@colegiodeabogadosdelima.pe (Se\u00f1alando: Nombres y Apellidos, Reg. CAL, Tel\u00e9fono, DN y adjuntando la boleta de pago.) INFORMES: Tel\u00e9fono: 01 7066000 Anexo 6610 \/ 6635 WhatsApp: 968707175<\/p>\n","protected":false},"author":3,"featured_media":69516,"comment_status":"closed","ping_status":"open","sticky":false,"template":"","format":"standard","meta":{"pagelayer_contact_templates":[],"_pagelayer_content":"","footnotes":""},"categories":[31],"tags":[45],"class_list":["post-70518","post","type-post","status-publish","format-standard","has-post-thumbnail","hentry","category-vicedecanato","tag-avisos"],"rttpg_featured_image_url":{"full":["https:\/\/www.cal.org.pe\/v1\/wp-content\/uploads\/2025\/08\/AVISOS.jpg",800,500,false],"landscape":["https:\/\/www.cal.org.pe\/v1\/wp-content\/uploads\/2025\/08\/AVISOS.jpg",800,500,false],"portraits":["https:\/\/www.cal.org.pe\/v1\/wp-content\/uploads\/2025\/08\/AVISOS.jpg",800,500,false],"thumbnail":["https:\/\/www.cal.org.pe\/v1\/wp-content\/uploads\/2025\/08\/AVISOS-150x150.jpg",150,150,true],"medium":["https:\/\/www.cal.org.pe\/v1\/wp-content\/uploads\/2025\/08\/AVISOS-300x188.jpg",300,188,true],"large":["https:\/\/www.cal.org.pe\/v1\/wp-content\/uploads\/2025\/08\/AVISOS.jpg",800,500,false],"1536x1536":["https:\/\/www.cal.org.pe\/v1\/wp-content\/uploads\/2025\/08\/AVISOS.jpg",800,500,false],"2048x2048":["https:\/\/www.cal.org.pe\/v1\/wp-content\/uploads\/2025\/08\/AVISOS.jpg",800,500,false]},"rttpg_author":{"display_name":"Prensa CAL","author_link":"https:\/\/www.cal.org.pe\/v1\/author\/prensa-cal\/"},"rttpg_comment":0,"rttpg_category":"<a href=\"https:\/\/www.cal.org.pe\/v1\/category\/vicedecanato\/\" rel=\"category tag\">Vicedecanato<\/a>","rttpg_excerpt":"El CAL te invita a participar en el XV Curso de Actualizaci\u00f3n para Integrar la N\u00f3mina de Curadores Procesales. Esta es una oportunidad para fortalecer tu ejercicio profesional y obtener el registro necesario para ejercer esta importante labor. El curso, que se realizar\u00e1 de forma virtual, est\u00e1 dirigido a todos los abogados interesados en integrar&hellip;","_links":{"self":[{"href":"https:\/\/www.cal.org.pe\/v1\/wp-json\/wp\/v2\/posts\/70518","targetHints":{"allow":["GET"]}}],"collection":[{"href":"https:\/\/www.cal.org.pe\/v1\/wp-json\/wp\/v2\/posts"}],"about":[{"href":"https:\/\/www.cal.org.pe\/v1\/wp-json\/wp\/v2\/types\/post"}],"author":[{"embeddable":true,"href":"https:\/\/www.cal.org.pe\/v1\/wp-json\/wp\/v2\/users\/3"}],"replies":[{"embeddable":true,"href":"https:\/\/www.cal.org.pe\/v1\/wp-json\/wp\/v2\/comments?post=70518"}],"version-history":[{"count":1,"href":"https:\/\/www.cal.org.pe\/v1\/wp-json\/wp\/v2\/posts\/70518\/revisions"}],"predecessor-version":[{"id":70525,"href":"https:\/\/www.cal.org.pe\/v1\/wp-json\/wp\/v2\/posts\/70518\/revisions\/70525"}],"wp:featuredmedia":[{"embeddable":true,"href":"https:\/\/www.cal.org.pe\/v1\/wp-json\/wp\/v2\/media\/69516"}],"wp:attachment":[{"href":"https:\/\/www.cal.org.pe\/v1\/wp-json\/wp\/v2\/media?parent=70518"}],"wp:term":[{"taxonomy":"category","embeddable":true,"href":"https:\/\/www.cal.org.pe\/v1\/wp-json\/wp\/v2\/categories?post=70518"},{"taxonomy":"post_tag","embeddable":true,"href":"https:\/\/www.cal.org.pe\/v1\/wp-json\/wp\/v2\/tags?post=70518"}],"curies":[{"name":"wp","href":"https:\/\/api.w.org\/{rel}","templated":true}]}}