{"id":69883,"date":"2025-08-29T15:16:00","date_gmt":"2025-08-29T20:16:00","guid":{"rendered":"https:\/\/www.cal.org.pe\/v1\/?p=69883"},"modified":"2025-08-29T15:21:37","modified_gmt":"2025-08-29T20:21:37","slug":"derecho-minero-hacia-una-ley-de-la-mineria-pequena-y-artesanal-que-contribuya-al-desarrollo-sostenible-del-pais","status":"publish","type":"post","link":"https:\/\/www.cal.org.pe\/v1\/2025\/08\/29\/derecho-minero-hacia-una-ley-de-la-mineria-pequena-y-artesanal-que-contribuya-al-desarrollo-sostenible-del-pais\/","title":{"rendered":"DERECHO MINERO: \u00abHACIA UNA LEY DE LA MINER\u00cdA PEQUE\u00d1A Y ARTESANAL QUE CONTRIBUYA AL DESARROLLO SOSTENIBLE DEL PA\u00cdS\u00bb"},"content":{"rendered":"\n<figure class=\"wp-block-image size-large\"><img fetchpriority=\"high\" decoding=\"async\" width=\"724\" height=\"1024\" src=\"https:\/\/www.cal.org.pe\/v1\/wp-content\/uploads\/2025\/08\/WhatsApp-Image-2025-08-29-at-3.00.33-PM-724x1024.jpeg\" alt=\"\" class=\"wp-image-69886\" srcset=\"https:\/\/www.cal.org.pe\/v1\/wp-content\/uploads\/2025\/08\/WhatsApp-Image-2025-08-29-at-3.00.33-PM-724x1024.jpeg 724w, https:\/\/www.cal.org.pe\/v1\/wp-content\/uploads\/2025\/08\/WhatsApp-Image-2025-08-29-at-3.00.33-PM-212x300.jpeg 212w, https:\/\/www.cal.org.pe\/v1\/wp-content\/uploads\/2025\/08\/WhatsApp-Image-2025-08-29-at-3.00.33-PM-768x1086.jpeg 768w, https:\/\/www.cal.org.pe\/v1\/wp-content\/uploads\/2025\/08\/WhatsApp-Image-2025-08-29-at-3.00.33-PM-1086x1536.jpeg 1086w, https:\/\/www.cal.org.pe\/v1\/wp-content\/uploads\/2025\/08\/WhatsApp-Image-2025-08-29-at-3.00.33-PM.jpeg 1131w\" sizes=\"(max-width: 724px) 100vw, 724px\" \/><\/figure>\n\n\n\n<p>La Direcci\u00f3n Acad\u00e9mica y Promoci\u00f3n Cultural del Ilustre Colegio de Abogados de Lima (CAL) lo invita al Seminario sobre Derecho Minero: \u00abHacia una ley de la miner\u00eda peque\u00f1a y artesanal que contribuya al desarrollo sostenible del pa\u00eds\u00bb.<\/p>\n\n\n\n<p>Analice junto a expertos las propuestas y desaf\u00edos para la creaci\u00f3n de una ley que impulse un sector clave para el desarrollo econ\u00f3mico y social.<\/p>\n\n\n\n<p>EXPOSITORES:<\/p>\n\n\n\n<p>\ud83d\udccdAbg. Sabrina Cecilia Garay Tapia<\/p>\n\n\n\n<p>\ud83d\udccdMag. C\u00e9sar Augusto Ipenza Peralta<\/p>\n\n\n\n<p>PANELISTAS:<\/p>\n\n\n\n<ul class=\"wp-block-list\">\n<li>Henry Luna C\u00f3rdova<\/li>\n\n\n\n<li>Diana Gonzales Delgado<\/li>\n\n\n\n<li>Angela Grossheim<\/li>\n\n\n\n<li>Julio Cusurichi Palacios<\/li>\n\n\n\n<li>Pedro Gamio Aita<\/li>\n<\/ul>\n\n\n\n<p>Informaci\u00f3n del evento:<br>\ud83d\udcc5 Fecha: 01 de septiembre del 2025<br>\ud83d\udd56 Hora: 6:00 p.m. &#8211; 9:00 p.m.<\/p>\n\n\n\n<p>\ud83d\udccc Modalidad: Presencial en el Auditorio \u00abJos\u00e9 Le\u00f3n Barandiaran\u00bb del CAL.<\/p>\n\n\n\n<p>\ud83d\udea8 \u00a1Ingreso Libre!<\/p>\n\n\n\n<p>\ud83d\udd17 LINK DE REGISTRO:<br><a href=\"https:\/\/forms.gle\/PKkcyp8ogQqPUV2F6\">https:\/\/forms.gle\/PKkcyp8ogQqPUV2F6<\/a><\/p>\n","protected":false},"excerpt":{"rendered":"<p>La Direcci\u00f3n Acad\u00e9mica y Promoci\u00f3n Cultural del Ilustre Colegio de Abogados de Lima (CAL) lo invita al Seminario sobre Derecho Minero: \u00abHacia una ley de la miner\u00eda peque\u00f1a y artesanal que contribuya al desarrollo sostenible del pa\u00eds\u00bb. Analice junto a expertos las propuestas y desaf\u00edos para la creaci\u00f3n de una ley que impulse un sector clave para el desarrollo econ\u00f3mico y social. EXPOSITORES: \ud83d\udccdAbg. Sabrina Cecilia Garay Tapia \ud83d\udccdMag. C\u00e9sar Augusto Ipenza Peralta PANELISTAS: Informaci\u00f3n del evento:\ud83d\udcc5 Fecha: 01 de septiembre del 2025\ud83d\udd56 Hora: 6:00 p.m. &#8211; 9:00 p.m. \ud83d\udccc Modalidad: Presencial en el Auditorio \u00abJos\u00e9 Le\u00f3n Barandiaran\u00bb del CAL. \ud83d\udea8 \u00a1Ingreso Libre! \ud83d\udd17 LINK DE REGISTRO:https:\/\/forms.gle\/PKkcyp8ogQqPUV2F6<\/p>\n","protected":false},"author":3,"featured_media":69520,"comment_status":"closed","ping_status":"open","sticky":false,"template":"","format":"standard","meta":{"pagelayer_contact_templates":[],"_pagelayer_content":"","footnotes":""},"categories":[15],"tags":[16],"class_list":["post-69883","post","type-post","status-publish","format-standard","has-post-thumbnail","hentry","category-direccion-academica-y-promocion-cultural","tag-eventos-academicos"],"rttpg_featured_image_url":{"full":["https:\/\/www.cal.org.pe\/v1\/wp-content\/uploads\/2025\/08\/EVENTOS-ACADEMICOS.jpg",800,500,false],"landscape":["https:\/\/www.cal.org.pe\/v1\/wp-content\/uploads\/2025\/08\/EVENTOS-ACADEMICOS.jpg",800,500,false],"portraits":["https:\/\/www.cal.org.pe\/v1\/wp-content\/uploads\/2025\/08\/EVENTOS-ACADEMICOS.jpg",800,500,false],"thumbnail":["https:\/\/www.cal.org.pe\/v1\/wp-content\/uploads\/2025\/08\/EVENTOS-ACADEMICOS-150x150.jpg",150,150,true],"medium":["https:\/\/www.cal.org.pe\/v1\/wp-content\/uploads\/2025\/08\/EVENTOS-ACADEMICOS-300x188.jpg",300,188,true],"large":["https:\/\/www.cal.org.pe\/v1\/wp-content\/uploads\/2025\/08\/EVENTOS-ACADEMICOS.jpg",800,500,false],"1536x1536":["https:\/\/www.cal.org.pe\/v1\/wp-content\/uploads\/2025\/08\/EVENTOS-ACADEMICOS.jpg",800,500,false],"2048x2048":["https:\/\/www.cal.org.pe\/v1\/wp-content\/uploads\/2025\/08\/EVENTOS-ACADEMICOS.jpg",800,500,false]},"rttpg_author":{"display_name":"Prensa CAL","author_link":"https:\/\/www.cal.org.pe\/v1\/author\/prensa-cal\/"},"rttpg_comment":0,"rttpg_category":"<a href=\"https:\/\/www.cal.org.pe\/v1\/category\/direccion-academica-y-promocion-cultural\/\" rel=\"category tag\">Direcci\u00f3n Acad\u00e9mica y Promoci\u00f3n Cultural<\/a>","rttpg_excerpt":"La Direcci\u00f3n Acad\u00e9mica y Promoci\u00f3n Cultural del Ilustre Colegio de Abogados de Lima (CAL) lo invita al Seminario sobre Derecho Minero: \u00abHacia una ley de la miner\u00eda peque\u00f1a y artesanal que contribuya al desarrollo sostenible del pa\u00eds\u00bb. Analice junto a expertos las propuestas y desaf\u00edos para la creaci\u00f3n de una ley que impulse un sector&hellip;","_links":{"self":[{"href":"https:\/\/www.cal.org.pe\/v1\/wp-json\/wp\/v2\/posts\/69883","targetHints":{"allow":["GET"]}}],"collection":[{"href":"https:\/\/www.cal.org.pe\/v1\/wp-json\/wp\/v2\/posts"}],"about":[{"href":"https:\/\/www.cal.org.pe\/v1\/wp-json\/wp\/v2\/types\/post"}],"author":[{"embeddable":true,"href":"https:\/\/www.cal.org.pe\/v1\/wp-json\/wp\/v2\/users\/3"}],"replies":[{"embeddable":true,"href":"https:\/\/www.cal.org.pe\/v1\/wp-json\/wp\/v2\/comments?post=69883"}],"version-history":[{"count":1,"href":"https:\/\/www.cal.org.pe\/v1\/wp-json\/wp\/v2\/posts\/69883\/revisions"}],"predecessor-version":[{"id":69887,"href":"https:\/\/www.cal.org.pe\/v1\/wp-json\/wp\/v2\/posts\/69883\/revisions\/69887"}],"wp:featuredmedia":[{"embeddable":true,"href":"https:\/\/www.cal.org.pe\/v1\/wp-json\/wp\/v2\/media\/69520"}],"wp:attachment":[{"href":"https:\/\/www.cal.org.pe\/v1\/wp-json\/wp\/v2\/media?parent=69883"}],"wp:term":[{"taxonomy":"category","embeddable":true,"href":"https:\/\/www.cal.org.pe\/v1\/wp-json\/wp\/v2\/categories?post=69883"},{"taxonomy":"post_tag","embeddable":true,"href":"https:\/\/www.cal.org.pe\/v1\/wp-json\/wp\/v2\/tags?post=69883"}],"curies":[{"name":"wp","href":"https:\/\/api.w.org\/{rel}","templated":true}]}}