{"id":69185,"date":"2025-07-31T13:07:52","date_gmt":"2025-07-31T18:07:52","guid":{"rendered":"https:\/\/www.cal.org.pe\/v1\/?p=69185"},"modified":"2025-08-04T13:12:04","modified_gmt":"2025-08-04T18:12:04","slug":"condecoracion-con-la-medalla-civica-del-derecho-a-las-fuerzas-armadas-del-peru","status":"publish","type":"post","link":"https:\/\/www.cal.org.pe\/v1\/2025\/07\/31\/condecoracion-con-la-medalla-civica-del-derecho-a-las-fuerzas-armadas-del-peru\/","title":{"rendered":"CONDECORACI\u00d3N CON LA MEDALLA C\u00cdVICA DEL DERECHO A LAS FUERZAS ARMADAS DEL PER\u00da"},"content":{"rendered":"\n<figure class=\"wp-block-image size-full\"><img fetchpriority=\"high\" decoding=\"async\" width=\"800\" height=\"500\" src=\"https:\/\/www.cal.org.pe\/v1\/wp-content\/uploads\/2025\/04\/NOTAS-DE-PRENSA.jpg\" alt=\"\" class=\"wp-image-66424\" srcset=\"https:\/\/www.cal.org.pe\/v1\/wp-content\/uploads\/2025\/04\/NOTAS-DE-PRENSA.jpg 800w, https:\/\/www.cal.org.pe\/v1\/wp-content\/uploads\/2025\/04\/NOTAS-DE-PRENSA-300x188.jpg 300w, https:\/\/www.cal.org.pe\/v1\/wp-content\/uploads\/2025\/04\/NOTAS-DE-PRENSA-768x480.jpg 768w\" sizes=\"(max-width: 800px) 100vw, 800px\" \/><\/figure>\n\n\n\n<p>En <a><\/a>el marco de las actividades conmemorativas por el 221\u00b0 aniversario del Colegio de Abogados de Lima (CAL), se llev\u00f3 a cabo la Ceremonia de Condecoraci\u00f3n con la Medalla C\u00edvica del Derecho, en la que se distingui\u00f3 a altos representantes de las Fuerzas Armadas del Per\u00fa por su servicio y compromiso en la defensa del orden constitucional y del Estado de Derecho.<\/p>\n\n\n\n<p>El acto cont\u00f3 con la presencia del Contralmirante Luis Miguel Guti\u00e9rrez Sotelo, representante del Comandante General de la Marina de Guerra del Per\u00fa, y del Mayor General FAP Luis Emilio Cortijo Rossel, representante del Comandante General de la Fuerza A\u00e9rea del Per\u00fa, y General PNP, Antero Mej\u00eda Escajadillo, quienes transmitieron el saludo institucional de sus respectivas armas al gremio de abogados de Lima.<\/p>\n\n\n\n<p>El Decano del CAL, Dr. Ra\u00fal Canelo Rabanal, agradeci\u00f3 la presencia de las Fuerzas Armadas y destac\u00f3 que ambas instituciones, cada una desde su \u00e1mbito de competencia, comparten la misi\u00f3n de resguardar la paz social, la institucionalidad republicana y la vigencia plena del Estado de Derecho, valores esenciales para la convivencia democr\u00e1tica y el desarrollo del pa\u00eds.<\/p>\n\n\n\n<p>Con este reconocimiento, el Colegio de Abogados de Lima reafirma su compromiso de mantener v\u00ednculos de cooperaci\u00f3n con las Fuerzas Armadas, en el entendido de que la defensa de la naci\u00f3n y la justicia son responsabilidades que exigen unidad, firmeza y vocaci\u00f3n de servicio.<\/p>\n\n\n\n<p>Lima, 31 de julio de 2025<\/p>\n","protected":false},"excerpt":{"rendered":"<p>En el marco de las actividades conmemorativas por el 221\u00b0 aniversario del Colegio de Abogados de Lima (CAL), se llev\u00f3 a cabo la Ceremonia de Condecoraci\u00f3n con la Medalla C\u00edvica del Derecho, en la que se distingui\u00f3 a altos representantes de las Fuerzas Armadas del Per\u00fa por su servicio y compromiso en la defensa del orden constitucional y del Estado de Derecho. El acto cont\u00f3 con la presencia del Contralmirante Luis Miguel Guti\u00e9rrez Sotelo, representante del Comandante General de la Marina de Guerra del Per\u00fa, y del Mayor General FAP Luis Emilio Cortijo Rossel, representante del Comandante General de la Fuerza A\u00e9rea del Per\u00fa, y General PNP, Antero Mej\u00eda Escajadillo, quienes transmitieron el saludo institucional de sus respectivas armas al gremio de abogados de Lima. El Decano del CAL, Dr. Ra\u00fal Canelo Rabanal, agradeci\u00f3 la presencia de las Fuerzas Armadas y destac\u00f3 que ambas instituciones, cada una desde su \u00e1mbito de competencia, comparten la misi\u00f3n de resguardar la paz social, la institucionalidad republicana y la vigencia plena del Estado de Derecho, valores esenciales para la convivencia democr\u00e1tica y el desarrollo del pa\u00eds. Con este reconocimiento, el Colegio de Abogados de Lima reafirma su compromiso de mantener v\u00ednculos de cooperaci\u00f3n con las Fuerzas Armadas, en el entendido de que la defensa de la naci\u00f3n y la justicia son responsabilidades que exigen unidad, firmeza y vocaci\u00f3n de servicio. Lima, 31 de julio de 2025<\/p>\n","protected":false},"author":3,"featured_media":66424,"comment_status":"closed","ping_status":"open","sticky":false,"template":"","format":"standard","meta":{"pagelayer_contact_templates":[],"_pagelayer_content":"","footnotes":""},"categories":[13],"tags":[47],"class_list":["post-69185","post","type-post","status-publish","format-standard","has-post-thumbnail","hentry","category-decanato","tag-nota-de-prensa"],"rttpg_featured_image_url":{"full":["https:\/\/www.cal.org.pe\/v1\/wp-content\/uploads\/2025\/04\/NOTAS-DE-PRENSA.jpg",800,500,false],"landscape":["https:\/\/www.cal.org.pe\/v1\/wp-content\/uploads\/2025\/04\/NOTAS-DE-PRENSA.jpg",800,500,false],"portraits":["https:\/\/www.cal.org.pe\/v1\/wp-content\/uploads\/2025\/04\/NOTAS-DE-PRENSA.jpg",800,500,false],"thumbnail":["https:\/\/www.cal.org.pe\/v1\/wp-content\/uploads\/2025\/04\/NOTAS-DE-PRENSA-150x150.jpg",150,150,true],"medium":["https:\/\/www.cal.org.pe\/v1\/wp-content\/uploads\/2025\/04\/NOTAS-DE-PRENSA-300x188.jpg",300,188,true],"large":["https:\/\/www.cal.org.pe\/v1\/wp-content\/uploads\/2025\/04\/NOTAS-DE-PRENSA.jpg",800,500,false],"1536x1536":["https:\/\/www.cal.org.pe\/v1\/wp-content\/uploads\/2025\/04\/NOTAS-DE-PRENSA.jpg",800,500,false],"2048x2048":["https:\/\/www.cal.org.pe\/v1\/wp-content\/uploads\/2025\/04\/NOTAS-DE-PRENSA.jpg",800,500,false]},"rttpg_author":{"display_name":"Prensa CAL","author_link":"https:\/\/www.cal.org.pe\/v1\/author\/prensa-cal\/"},"rttpg_comment":0,"rttpg_category":"<a href=\"https:\/\/www.cal.org.pe\/v1\/category\/decanato\/\" rel=\"category tag\">Decanato<\/a>","rttpg_excerpt":"En el marco de las actividades conmemorativas por el 221\u00b0 aniversario del Colegio de Abogados de Lima (CAL), se llev\u00f3 a cabo la Ceremonia de Condecoraci\u00f3n con la Medalla C\u00edvica del Derecho, en la que se distingui\u00f3 a altos representantes de las Fuerzas Armadas del Per\u00fa por su servicio y compromiso en la defensa del&hellip;","_links":{"self":[{"href":"https:\/\/www.cal.org.pe\/v1\/wp-json\/wp\/v2\/posts\/69185","targetHints":{"allow":["GET"]}}],"collection":[{"href":"https:\/\/www.cal.org.pe\/v1\/wp-json\/wp\/v2\/posts"}],"about":[{"href":"https:\/\/www.cal.org.pe\/v1\/wp-json\/wp\/v2\/types\/post"}],"author":[{"embeddable":true,"href":"https:\/\/www.cal.org.pe\/v1\/wp-json\/wp\/v2\/users\/3"}],"replies":[{"embeddable":true,"href":"https:\/\/www.cal.org.pe\/v1\/wp-json\/wp\/v2\/comments?post=69185"}],"version-history":[{"count":1,"href":"https:\/\/www.cal.org.pe\/v1\/wp-json\/wp\/v2\/posts\/69185\/revisions"}],"predecessor-version":[{"id":69188,"href":"https:\/\/www.cal.org.pe\/v1\/wp-json\/wp\/v2\/posts\/69185\/revisions\/69188"}],"wp:featuredmedia":[{"embeddable":true,"href":"https:\/\/www.cal.org.pe\/v1\/wp-json\/wp\/v2\/media\/66424"}],"wp:attachment":[{"href":"https:\/\/www.cal.org.pe\/v1\/wp-json\/wp\/v2\/media?parent=69185"}],"wp:term":[{"taxonomy":"category","embeddable":true,"href":"https:\/\/www.cal.org.pe\/v1\/wp-json\/wp\/v2\/categories?post=69185"},{"taxonomy":"post_tag","embeddable":true,"href":"https:\/\/www.cal.org.pe\/v1\/wp-json\/wp\/v2\/tags?post=69185"}],"curies":[{"name":"wp","href":"https:\/\/api.w.org\/{rel}","templated":true}]}}