{"id":69181,"date":"2025-07-31T13:02:31","date_gmt":"2025-07-31T18:02:31","guid":{"rendered":"https:\/\/www.cal.org.pe\/v1\/?p=69181"},"modified":"2025-08-04T13:07:38","modified_gmt":"2025-08-04T18:07:38","slug":"colegio-de-abogados-de-lima-incorpora-a-la-abogada-100-000-en-el-marco-de-su-221-aniversario","status":"publish","type":"post","link":"https:\/\/www.cal.org.pe\/v1\/2025\/07\/31\/colegio-de-abogados-de-lima-incorpora-a-la-abogada-100-000-en-el-marco-de-su-221-aniversario\/","title":{"rendered":"COLEGIO DE ABOGADOS DE LIMA INCORPORA A LA ABOGADA 100 000 EN EL MARCO DE SU 221\u00b0 ANIVERSARIO"},"content":{"rendered":"\n<figure class=\"wp-block-image size-full\"><img fetchpriority=\"high\" decoding=\"async\" width=\"800\" height=\"500\" src=\"https:\/\/www.cal.org.pe\/v1\/wp-content\/uploads\/2025\/04\/NOTAS-DE-PRENSA.jpg\" alt=\"\" class=\"wp-image-66424\" srcset=\"https:\/\/www.cal.org.pe\/v1\/wp-content\/uploads\/2025\/04\/NOTAS-DE-PRENSA.jpg 800w, https:\/\/www.cal.org.pe\/v1\/wp-content\/uploads\/2025\/04\/NOTAS-DE-PRENSA-300x188.jpg 300w, https:\/\/www.cal.org.pe\/v1\/wp-content\/uploads\/2025\/04\/NOTAS-DE-PRENSA-768x480.jpg 768w\" sizes=\"(max-width: 800px) 100vw, 800px\" \/><\/figure>\n\n\n\n<p>En una ceremonia hist\u00f3rica realizada en el marco del 221\u00b0 aniversario del Ilustre Colegio de Abogados de Lima (CAL), la instituci\u00f3n celebr\u00f3 la incorporaci\u00f3n de la abogada Geraldine Yohana Ver\u00e1stegui Inga, quien recibi\u00f3 el n\u00famero de registro 100 000, convirti\u00e9ndose en un s\u00edmbolo del crecimiento y trascendencia del gremio jur\u00eddico m\u00e1s importante del pa\u00eds.<\/p>\n\n\n\n<p>El acto estuvo encabezado por el Decano del CAL, Dr. Ra\u00fal Canelo Rabanal, quien impuso la medalla institucional a la nueva agremiada en compa\u00f1\u00eda del Decano del Colegio M\u00e9dico del Per\u00fa, Dr. Pedro Antonio Riega L\u00f3pez, y del Decano Nacional del Colegio Odontol\u00f3gico del Per\u00fa, Dr. Luis Ghezzi Hern\u00e1ndez, destacando la presencia de representantes de otras \u00f3rdenes profesionales en esta significativa fecha.<\/p>\n\n\n\n<p>Durante su discurso, Ver\u00e1stegui Inga expres\u00f3 su emoci\u00f3n y compromiso al incorporarse al CAL en una fecha emblem\u00e1tica:<\/p>\n\n\n\n<p>\u201cNo me siento m\u00e1s que nadie; me siento parte de algo m\u00e1s grande incluso que yo: parte de una historia que empez\u00f3 mucho antes que nosotros y que seguir\u00e1 despu\u00e9s. Parte de una comunidad profesional que comparte una misi\u00f3n en com\u00fan: defender la legalidad, la justicia y la dignidad humana. Formar parte de esta instituci\u00f3n en una fecha tan significativa es para m\u00ed un privilegio y una enorme responsabilidad.\u201d<\/p>\n\n\n\n<p>Por su parte, el Decano del CAL, en nombre de las tres \u00f3rdenes profesionales presentes, dirigi\u00f3 unas palabras de aliento a la abogada incorporada:<\/p>\n\n\n\n<p>\u201cEsperamos, los tres decanos que hoy te acompa\u00f1amos, desearte la mejor de las suertes en tu vida profesional. Que esta incorporaci\u00f3n marque el inicio de una trayectoria de \u00e9xitos y de compromiso con la justicia y el servicio al pa\u00eds.\u201d<\/p>\n\n\n\n<p>Este acontecimiento no solo marca un hito en la historia del CAL por alcanzar la cifra de 100 000 abogados incorporados, sino que reafirma el legado de 221 a\u00f1os de defensa del derecho, la justicia y la institucionalidad en el Per\u00fa.<\/p>\n\n\n\n<p>Lima, 31 de julio de 2025<\/p>\n","protected":false},"excerpt":{"rendered":"<p>En una ceremonia hist\u00f3rica realizada en el marco del 221\u00b0 aniversario del Ilustre Colegio de Abogados de Lima (CAL), la instituci\u00f3n celebr\u00f3 la incorporaci\u00f3n de la abogada Geraldine Yohana Ver\u00e1stegui Inga, quien recibi\u00f3 el n\u00famero de registro 100 000, convirti\u00e9ndose en un s\u00edmbolo del crecimiento y trascendencia del gremio jur\u00eddico m\u00e1s importante del pa\u00eds. El acto estuvo encabezado por el Decano del CAL, Dr. Ra\u00fal Canelo Rabanal, quien impuso la medalla institucional a la nueva agremiada en compa\u00f1\u00eda del Decano del Colegio M\u00e9dico del Per\u00fa, Dr. Pedro Antonio Riega L\u00f3pez, y del Decano Nacional del Colegio Odontol\u00f3gico del Per\u00fa, Dr. Luis Ghezzi Hern\u00e1ndez, destacando la presencia de representantes de otras \u00f3rdenes profesionales en esta significativa fecha. Durante su discurso, Ver\u00e1stegui Inga expres\u00f3 su emoci\u00f3n y compromiso al incorporarse al CAL en una fecha emblem\u00e1tica: \u201cNo me siento m\u00e1s que nadie; me siento parte de algo m\u00e1s grande incluso que yo: parte de una historia que empez\u00f3 mucho antes que nosotros y que seguir\u00e1 despu\u00e9s. Parte de una comunidad profesional que comparte una misi\u00f3n en com\u00fan: defender la legalidad, la justicia y la dignidad humana. Formar parte de esta instituci\u00f3n en una fecha tan significativa es para m\u00ed un privilegio y una enorme responsabilidad.\u201d Por su parte, el Decano del CAL, en nombre de las tres \u00f3rdenes profesionales presentes, dirigi\u00f3 unas palabras de aliento a la abogada incorporada: \u201cEsperamos, los tres decanos que hoy te acompa\u00f1amos, desearte la mejor de las suertes en tu vida profesional. Que esta incorporaci\u00f3n marque el inicio de una trayectoria de \u00e9xitos y de compromiso con la justicia y el servicio al pa\u00eds.\u201d Este acontecimiento no solo marca un hito en la historia del CAL por alcanzar la cifra de 100 000 abogados incorporados, sino que reafirma el legado de 221 a\u00f1os de defensa del derecho, la justicia y la institucionalidad en el Per\u00fa. Lima, 31 de julio de 2025<\/p>\n","protected":false},"author":3,"featured_media":66424,"comment_status":"closed","ping_status":"open","sticky":false,"template":"","format":"standard","meta":{"pagelayer_contact_templates":[],"_pagelayer_content":"","footnotes":""},"categories":[13],"tags":[47],"class_list":["post-69181","post","type-post","status-publish","format-standard","has-post-thumbnail","hentry","category-decanato","tag-nota-de-prensa"],"rttpg_featured_image_url":{"full":["https:\/\/www.cal.org.pe\/v1\/wp-content\/uploads\/2025\/04\/NOTAS-DE-PRENSA.jpg",800,500,false],"landscape":["https:\/\/www.cal.org.pe\/v1\/wp-content\/uploads\/2025\/04\/NOTAS-DE-PRENSA.jpg",800,500,false],"portraits":["https:\/\/www.cal.org.pe\/v1\/wp-content\/uploads\/2025\/04\/NOTAS-DE-PRENSA.jpg",800,500,false],"thumbnail":["https:\/\/www.cal.org.pe\/v1\/wp-content\/uploads\/2025\/04\/NOTAS-DE-PRENSA-150x150.jpg",150,150,true],"medium":["https:\/\/www.cal.org.pe\/v1\/wp-content\/uploads\/2025\/04\/NOTAS-DE-PRENSA-300x188.jpg",300,188,true],"large":["https:\/\/www.cal.org.pe\/v1\/wp-content\/uploads\/2025\/04\/NOTAS-DE-PRENSA.jpg",800,500,false],"1536x1536":["https:\/\/www.cal.org.pe\/v1\/wp-content\/uploads\/2025\/04\/NOTAS-DE-PRENSA.jpg",800,500,false],"2048x2048":["https:\/\/www.cal.org.pe\/v1\/wp-content\/uploads\/2025\/04\/NOTAS-DE-PRENSA.jpg",800,500,false]},"rttpg_author":{"display_name":"Prensa CAL","author_link":"https:\/\/www.cal.org.pe\/v1\/author\/prensa-cal\/"},"rttpg_comment":0,"rttpg_category":"<a href=\"https:\/\/www.cal.org.pe\/v1\/category\/decanato\/\" rel=\"category tag\">Decanato<\/a>","rttpg_excerpt":"En una ceremonia hist\u00f3rica realizada en el marco del 221\u00b0 aniversario del Ilustre Colegio de Abogados de Lima (CAL), la instituci\u00f3n celebr\u00f3 la incorporaci\u00f3n de la abogada Geraldine Yohana Ver\u00e1stegui Inga, quien recibi\u00f3 el n\u00famero de registro 100 000, convirti\u00e9ndose en un s\u00edmbolo del crecimiento y trascendencia del gremio jur\u00eddico m\u00e1s importante del pa\u00eds. El&hellip;","_links":{"self":[{"href":"https:\/\/www.cal.org.pe\/v1\/wp-json\/wp\/v2\/posts\/69181","targetHints":{"allow":["GET"]}}],"collection":[{"href":"https:\/\/www.cal.org.pe\/v1\/wp-json\/wp\/v2\/posts"}],"about":[{"href":"https:\/\/www.cal.org.pe\/v1\/wp-json\/wp\/v2\/types\/post"}],"author":[{"embeddable":true,"href":"https:\/\/www.cal.org.pe\/v1\/wp-json\/wp\/v2\/users\/3"}],"replies":[{"embeddable":true,"href":"https:\/\/www.cal.org.pe\/v1\/wp-json\/wp\/v2\/comments?post=69181"}],"version-history":[{"count":1,"href":"https:\/\/www.cal.org.pe\/v1\/wp-json\/wp\/v2\/posts\/69181\/revisions"}],"predecessor-version":[{"id":69184,"href":"https:\/\/www.cal.org.pe\/v1\/wp-json\/wp\/v2\/posts\/69181\/revisions\/69184"}],"wp:featuredmedia":[{"embeddable":true,"href":"https:\/\/www.cal.org.pe\/v1\/wp-json\/wp\/v2\/media\/66424"}],"wp:attachment":[{"href":"https:\/\/www.cal.org.pe\/v1\/wp-json\/wp\/v2\/media?parent=69181"}],"wp:term":[{"taxonomy":"category","embeddable":true,"href":"https:\/\/www.cal.org.pe\/v1\/wp-json\/wp\/v2\/categories?post=69181"},{"taxonomy":"post_tag","embeddable":true,"href":"https:\/\/www.cal.org.pe\/v1\/wp-json\/wp\/v2\/tags?post=69181"}],"curies":[{"name":"wp","href":"https:\/\/api.w.org\/{rel}","templated":true}]}}