{"id":69163,"date":"2025-08-01T19:22:00","date_gmt":"2025-08-02T00:22:00","guid":{"rendered":"https:\/\/www.cal.org.pe\/v1\/?p=69163"},"modified":"2025-08-01T19:26:03","modified_gmt":"2025-08-02T00:26:03","slug":"cal-impone-sancion-ejemplar-a-exdirectivos-y-otros-responsables-que-vulneraron-la-institucionalidad-gremial","status":"publish","type":"post","link":"https:\/\/www.cal.org.pe\/v1\/2025\/08\/01\/cal-impone-sancion-ejemplar-a-exdirectivos-y-otros-responsables-que-vulneraron-la-institucionalidad-gremial\/","title":{"rendered":"CAL IMPONE SANCI\u00d3N EJEMPLAR A EXDIRECTIVOS Y OTROS RESPONSABLES QUE VULNERARON LA INSTITUCIONALIDAD GREMIAL"},"content":{"rendered":"\n<figure class=\"wp-block-image size-large\"><img fetchpriority=\"high\" decoding=\"async\" width=\"1024\" height=\"1024\" src=\"https:\/\/www.cal.org.pe\/v1\/wp-content\/uploads\/2025\/08\/COMUNICADO-73-1-1024x1024.jpg\" alt=\"\" class=\"wp-image-69167\" srcset=\"https:\/\/www.cal.org.pe\/v1\/wp-content\/uploads\/2025\/08\/COMUNICADO-73-1-1024x1024.jpg 1024w, https:\/\/www.cal.org.pe\/v1\/wp-content\/uploads\/2025\/08\/COMUNICADO-73-1-300x300.jpg 300w, https:\/\/www.cal.org.pe\/v1\/wp-content\/uploads\/2025\/08\/COMUNICADO-73-1-150x150.jpg 150w, https:\/\/www.cal.org.pe\/v1\/wp-content\/uploads\/2025\/08\/COMUNICADO-73-1-768x768.jpg 768w, https:\/\/www.cal.org.pe\/v1\/wp-content\/uploads\/2025\/08\/COMUNICADO-73-1.jpg 1280w\" sizes=\"(max-width: 1024px) 100vw, 1024px\" \/><\/figure>\n\n\n\n<p>\ud83d\udd35\ud83d\udce2&nbsp;<a href=\"https:\/\/www.instagram.com\/explore\/tags\/comunicado\/\">#COMUNICADO<\/a>&nbsp;073-2025 | CAL IMPONE SANCI\u00d3N EJEMPLAR A EXDIRECTIVOS Y OTROS RESPONSABLES QUE VULNERARON LA INSTITUCIONALIDAD GREMIAL<\/p>\n\n\n\n<p>La Direcci\u00f3n de \u00c9tica del CAL ha tomado una ejemplar decisi\u00f3n respecto a quienes intentaron interrumpir la institucionalidad del Colegio, violando la ley y el Estatuto, pretendiendo suspender al decano sin ning\u00fan fundamento jur\u00eddico, actuando con prepotencia e intimidaci\u00f3n y extendiendo el abuso a los directivos de la Orden. De este modo, los exdirectivos Mauro Leandro Mart\u00edn y Humberto Quiroz Rosas, se autonombraron decano y secretario general, respectivamente. El Estatuto solo permite la vacancia de un decano en caso haya sido condenado por delito doloso y con decisi\u00f3n de la Asamblea General.<\/p>\n\n\n\n<p>Estos actos tuvieron como prop\u00f3sito afectar gravemente la labor del Colegio, llegando incluso a remitir oficios a entidades bancarias para solicitar el cierre de las cuentas institucionales. Del mismo modo, emitieron comunicaciones dirigidas contra personas naturales y jur\u00eddicas patrocinadas por los directivos, generando un perjuicio significativo y atentando contra la estabilidad del gremio.<\/p>\n\n\n\n<p>Sin embargo, el mayor perjuicio reca\u00eda sobre los cientos de j\u00f3venes recientemente incorporados y los beneficiarios de los cursos de diplomados, programas de fedatarios, y dem\u00e1s documentaci\u00f3n emitida por el Colegio, ya que estas acciones buscaban generar anarqu\u00eda y da\u00f1ar gravemente la reputaci\u00f3n de la instituci\u00f3n y de sus directivos.<\/p>\n\n\n\n<p>El decano de nuestra Orden tom\u00f3 las medidas correctivas para limpiar el CAL de estos malos elementos y as\u00ed la Direcci\u00f3n de \u00c9tica, a trav\u00e9s de los mecanismos procesales correspondientes y con el respeto al debido proceso, ha tomado las acciones correspondientes sobre los involucrados en este virtual golpe institucional. Informamos a la comunidad jur\u00eddica que la sanci\u00f3n es a nivel nacional.<\/p>\n\n\n\n<p>Lima, 31 de julio de 2025<\/p>\n\n\n\n<p><\/p>\n","protected":false},"excerpt":{"rendered":"<p>\ud83d\udd35\ud83d\udce2&nbsp;#COMUNICADO&nbsp;073-2025 | CAL IMPONE SANCI\u00d3N EJEMPLAR A EXDIRECTIVOS Y OTROS RESPONSABLES QUE VULNERARON LA INSTITUCIONALIDAD GREMIAL La Direcci\u00f3n de \u00c9tica del CAL ha tomado una ejemplar decisi\u00f3n respecto a quienes intentaron interrumpir la institucionalidad del Colegio, violando la ley y el Estatuto, pretendiendo suspender al decano sin ning\u00fan fundamento jur\u00eddico, actuando con prepotencia e intimidaci\u00f3n y extendiendo el abuso a los directivos de la Orden. De este modo, los exdirectivos Mauro Leandro Mart\u00edn y Humberto Quiroz Rosas, se autonombraron decano y secretario general, respectivamente. El Estatuto solo permite la vacancia de un decano en caso haya sido condenado por delito doloso y con decisi\u00f3n de la Asamblea General. Estos actos tuvieron como prop\u00f3sito afectar gravemente la labor del Colegio, llegando incluso a remitir oficios a entidades bancarias para solicitar el cierre de las cuentas institucionales. Del mismo modo, emitieron comunicaciones dirigidas contra personas naturales y jur\u00eddicas patrocinadas por los directivos, generando un perjuicio significativo y atentando contra la estabilidad del gremio. Sin embargo, el mayor perjuicio reca\u00eda sobre los cientos de j\u00f3venes recientemente incorporados y los beneficiarios de los cursos de diplomados, programas de fedatarios, y dem\u00e1s documentaci\u00f3n emitida por el Colegio, ya que estas acciones buscaban generar anarqu\u00eda y da\u00f1ar gravemente la reputaci\u00f3n de la instituci\u00f3n y de sus directivos. El decano de nuestra Orden tom\u00f3 las medidas correctivas para limpiar el CAL de estos malos elementos y as\u00ed la Direcci\u00f3n de \u00c9tica, a trav\u00e9s de los mecanismos procesales correspondientes y con el respeto al debido proceso, ha tomado las acciones correspondientes sobre los involucrados en este virtual golpe institucional. Informamos a la comunidad jur\u00eddica que la sanci\u00f3n es a nivel nacional. Lima, 31 de julio de 2025<\/p>\n","protected":false},"author":3,"featured_media":66420,"comment_status":"closed","ping_status":"open","sticky":false,"template":"","format":"standard","meta":{"pagelayer_contact_templates":[],"_pagelayer_content":"","footnotes":""},"categories":[40],"tags":[43],"class_list":["post-69163","post","type-post","status-publish","format-standard","has-post-thumbnail","hentry","category-direccion-de-etica-profesional","tag-comunicados"],"rttpg_featured_image_url":{"full":["https:\/\/www.cal.org.pe\/v1\/wp-content\/uploads\/2025\/04\/COMUNICADOS.jpg",800,500,false],"landscape":["https:\/\/www.cal.org.pe\/v1\/wp-content\/uploads\/2025\/04\/COMUNICADOS.jpg",800,500,false],"portraits":["https:\/\/www.cal.org.pe\/v1\/wp-content\/uploads\/2025\/04\/COMUNICADOS.jpg",800,500,false],"thumbnail":["https:\/\/www.cal.org.pe\/v1\/wp-content\/uploads\/2025\/04\/COMUNICADOS-150x150.jpg",150,150,true],"medium":["https:\/\/www.cal.org.pe\/v1\/wp-content\/uploads\/2025\/04\/COMUNICADOS-300x188.jpg",300,188,true],"large":["https:\/\/www.cal.org.pe\/v1\/wp-content\/uploads\/2025\/04\/COMUNICADOS.jpg",800,500,false],"1536x1536":["https:\/\/www.cal.org.pe\/v1\/wp-content\/uploads\/2025\/04\/COMUNICADOS.jpg",800,500,false],"2048x2048":["https:\/\/www.cal.org.pe\/v1\/wp-content\/uploads\/2025\/04\/COMUNICADOS.jpg",800,500,false]},"rttpg_author":{"display_name":"Prensa CAL","author_link":"https:\/\/www.cal.org.pe\/v1\/author\/prensa-cal\/"},"rttpg_comment":0,"rttpg_category":"<a href=\"https:\/\/www.cal.org.pe\/v1\/category\/direccion-de-etica-profesional\/\" rel=\"category tag\">Direcci\u00f3n de \u00c9tica Profesional<\/a>","rttpg_excerpt":"\ud83d\udd35\ud83d\udce2&nbsp;#COMUNICADO&nbsp;073-2025 | CAL IMPONE SANCI\u00d3N EJEMPLAR A EXDIRECTIVOS Y OTROS RESPONSABLES QUE VULNERARON LA INSTITUCIONALIDAD GREMIAL La Direcci\u00f3n de \u00c9tica del CAL ha tomado una ejemplar decisi\u00f3n respecto a quienes intentaron interrumpir la institucionalidad del Colegio, violando la ley y el Estatuto, pretendiendo suspender al decano sin ning\u00fan fundamento jur\u00eddico, actuando con prepotencia e intimidaci\u00f3n&hellip;","_links":{"self":[{"href":"https:\/\/www.cal.org.pe\/v1\/wp-json\/wp\/v2\/posts\/69163","targetHints":{"allow":["GET"]}}],"collection":[{"href":"https:\/\/www.cal.org.pe\/v1\/wp-json\/wp\/v2\/posts"}],"about":[{"href":"https:\/\/www.cal.org.pe\/v1\/wp-json\/wp\/v2\/types\/post"}],"author":[{"embeddable":true,"href":"https:\/\/www.cal.org.pe\/v1\/wp-json\/wp\/v2\/users\/3"}],"replies":[{"embeddable":true,"href":"https:\/\/www.cal.org.pe\/v1\/wp-json\/wp\/v2\/comments?post=69163"}],"version-history":[{"count":1,"href":"https:\/\/www.cal.org.pe\/v1\/wp-json\/wp\/v2\/posts\/69163\/revisions"}],"predecessor-version":[{"id":69168,"href":"https:\/\/www.cal.org.pe\/v1\/wp-json\/wp\/v2\/posts\/69163\/revisions\/69168"}],"wp:featuredmedia":[{"embeddable":true,"href":"https:\/\/www.cal.org.pe\/v1\/wp-json\/wp\/v2\/media\/66420"}],"wp:attachment":[{"href":"https:\/\/www.cal.org.pe\/v1\/wp-json\/wp\/v2\/media?parent=69163"}],"wp:term":[{"taxonomy":"category","embeddable":true,"href":"https:\/\/www.cal.org.pe\/v1\/wp-json\/wp\/v2\/categories?post=69163"},{"taxonomy":"post_tag","embeddable":true,"href":"https:\/\/www.cal.org.pe\/v1\/wp-json\/wp\/v2\/tags?post=69163"}],"curies":[{"name":"wp","href":"https:\/\/api.w.org\/{rel}","templated":true}]}}