{"id":69061,"date":"2025-07-25T18:54:26","date_gmt":"2025-07-25T23:54:26","guid":{"rendered":"https:\/\/www.cal.org.pe\/v1\/?p=69061"},"modified":"2025-07-25T18:54:28","modified_gmt":"2025-07-25T23:54:28","slug":"colegio-de-abogados-de-lima-y-consejo-de-notariado-acuerdan-impulsar-acciones-academicas-y-deontologicas","status":"publish","type":"post","link":"https:\/\/www.cal.org.pe\/v1\/2025\/07\/25\/colegio-de-abogados-de-lima-y-consejo-de-notariado-acuerdan-impulsar-acciones-academicas-y-deontologicas\/","title":{"rendered":"COLEGIO DE ABOGADOS DE LIMA Y CONSEJO DE NOTARIADO ACUERDAN IMPULSAR ACCIONES ACAD\u00c9MICAS Y DEONTOL\u00d3GICAS"},"content":{"rendered":"\n<figure class=\"wp-block-image size-full\"><img fetchpriority=\"high\" decoding=\"async\" width=\"800\" height=\"500\" src=\"https:\/\/www.cal.org.pe\/v1\/wp-content\/uploads\/2025\/04\/NOTAS-DE-PRENSA.jpg\" alt=\"\" class=\"wp-image-66424\" srcset=\"https:\/\/www.cal.org.pe\/v1\/wp-content\/uploads\/2025\/04\/NOTAS-DE-PRENSA.jpg 800w, https:\/\/www.cal.org.pe\/v1\/wp-content\/uploads\/2025\/04\/NOTAS-DE-PRENSA-300x188.jpg 300w, https:\/\/www.cal.org.pe\/v1\/wp-content\/uploads\/2025\/04\/NOTAS-DE-PRENSA-768x480.jpg 768w\" sizes=\"(max-width: 800px) 100vw, 800px\" \/><\/figure>\n\n\n\n<p>El <a><\/a>Decano del Ilustre Colegio de Abogados de Lima (CAL), Dr. Ra\u00fal Canelo Rabanal, junto al Director de \u00c9tica Profesional, Dr. Dante Tafur Jim\u00e9nez, sostuvieron una reuni\u00f3n institucional con el presidente del Consejo de Notariado, Dr. Christian Fernando Loayza Gonzales, con el prop\u00f3sito de coordinar futuras acciones conjuntas en el \u00e1mbito acad\u00e9mico y de fortalecimiento de la funci\u00f3n notarial.<\/p>\n\n\n\n<p>En el marco de las competencias del CAL como integrante del Consejo de Notariado \u2014\u00f3rgano encargado de supervisar a nivel nacional el correcto ejercicio de la funci\u00f3n notarial\u2014 ambas instituciones coincidieron en la necesidad de impulsar un convenio marco de cooperaci\u00f3n interinstitucional, orientado a promover la capacitaci\u00f3n continua de los abogados en materias notariales y registrales, as\u00ed como reforzar los principios \u00e9ticos y deontol\u00f3gicos que rigen esta especialidad.<\/p>\n\n\n\n<p>Asimismo, se acord\u00f3 desarrollar programas y actividades acad\u00e9micas conjuntas que fortalezcan las competencias de los futuros notarios y fomenten la intercomunicaci\u00f3n entre las notar\u00edas, contribuyendo a la prevenci\u00f3n de delitos y al perfeccionamiento del ejercicio profesional en beneficio de la ciudadan\u00eda.<\/p>\n\n\n\n<p>Con este compromiso, el CAL reafirma su labor en la promoci\u00f3n de la excelencia profesional y la \u00e9tica en todas las \u00e1reas del quehacer jur\u00eddico.<\/p>\n\n\n\n<p>Lima, 25 de julio 2025<\/p>\n","protected":false},"excerpt":{"rendered":"<p>El Decano del Ilustre Colegio de Abogados de Lima (CAL), Dr. Ra\u00fal Canelo Rabanal, junto al Director de \u00c9tica Profesional, Dr. Dante Tafur Jim\u00e9nez, sostuvieron una reuni\u00f3n institucional con el presidente del Consejo de Notariado, Dr. Christian Fernando Loayza Gonzales, con el prop\u00f3sito de coordinar futuras acciones conjuntas en el \u00e1mbito acad\u00e9mico y de fortalecimiento de la funci\u00f3n notarial. En el marco de las competencias del CAL como integrante del Consejo de Notariado \u2014\u00f3rgano encargado de supervisar a nivel nacional el correcto ejercicio de la funci\u00f3n notarial\u2014 ambas instituciones coincidieron en la necesidad de impulsar un convenio marco de cooperaci\u00f3n interinstitucional, orientado a promover la capacitaci\u00f3n continua de los abogados en materias notariales y registrales, as\u00ed como reforzar los principios \u00e9ticos y deontol\u00f3gicos que rigen esta especialidad. Asimismo, se acord\u00f3 desarrollar programas y actividades acad\u00e9micas conjuntas que fortalezcan las competencias de los futuros notarios y fomenten la intercomunicaci\u00f3n entre las notar\u00edas, contribuyendo a la prevenci\u00f3n de delitos y al perfeccionamiento del ejercicio profesional en beneficio de la ciudadan\u00eda. Con este compromiso, el CAL reafirma su labor en la promoci\u00f3n de la excelencia profesional y la \u00e9tica en todas las \u00e1reas del quehacer jur\u00eddico. Lima, 25 de julio 2025<\/p>\n","protected":false},"author":3,"featured_media":66424,"comment_status":"closed","ping_status":"open","sticky":false,"template":"","format":"standard","meta":{"pagelayer_contact_templates":[],"_pagelayer_content":"","footnotes":""},"categories":[13],"tags":[47],"class_list":["post-69061","post","type-post","status-publish","format-standard","has-post-thumbnail","hentry","category-decanato","tag-nota-de-prensa"],"rttpg_featured_image_url":{"full":["https:\/\/www.cal.org.pe\/v1\/wp-content\/uploads\/2025\/04\/NOTAS-DE-PRENSA.jpg",800,500,false],"landscape":["https:\/\/www.cal.org.pe\/v1\/wp-content\/uploads\/2025\/04\/NOTAS-DE-PRENSA.jpg",800,500,false],"portraits":["https:\/\/www.cal.org.pe\/v1\/wp-content\/uploads\/2025\/04\/NOTAS-DE-PRENSA.jpg",800,500,false],"thumbnail":["https:\/\/www.cal.org.pe\/v1\/wp-content\/uploads\/2025\/04\/NOTAS-DE-PRENSA-150x150.jpg",150,150,true],"medium":["https:\/\/www.cal.org.pe\/v1\/wp-content\/uploads\/2025\/04\/NOTAS-DE-PRENSA-300x188.jpg",300,188,true],"large":["https:\/\/www.cal.org.pe\/v1\/wp-content\/uploads\/2025\/04\/NOTAS-DE-PRENSA.jpg",800,500,false],"1536x1536":["https:\/\/www.cal.org.pe\/v1\/wp-content\/uploads\/2025\/04\/NOTAS-DE-PRENSA.jpg",800,500,false],"2048x2048":["https:\/\/www.cal.org.pe\/v1\/wp-content\/uploads\/2025\/04\/NOTAS-DE-PRENSA.jpg",800,500,false]},"rttpg_author":{"display_name":"Prensa CAL","author_link":"https:\/\/www.cal.org.pe\/v1\/author\/prensa-cal\/"},"rttpg_comment":0,"rttpg_category":"<a href=\"https:\/\/www.cal.org.pe\/v1\/category\/decanato\/\" rel=\"category tag\">Decanato<\/a>","rttpg_excerpt":"El Decano del Ilustre Colegio de Abogados de Lima (CAL), Dr. Ra\u00fal Canelo Rabanal, junto al Director de \u00c9tica Profesional, Dr. Dante Tafur Jim\u00e9nez, sostuvieron una reuni\u00f3n institucional con el presidente del Consejo de Notariado, Dr. Christian Fernando Loayza Gonzales, con el prop\u00f3sito de coordinar futuras acciones conjuntas en el \u00e1mbito acad\u00e9mico y de fortalecimiento&hellip;","_links":{"self":[{"href":"https:\/\/www.cal.org.pe\/v1\/wp-json\/wp\/v2\/posts\/69061","targetHints":{"allow":["GET"]}}],"collection":[{"href":"https:\/\/www.cal.org.pe\/v1\/wp-json\/wp\/v2\/posts"}],"about":[{"href":"https:\/\/www.cal.org.pe\/v1\/wp-json\/wp\/v2\/types\/post"}],"author":[{"embeddable":true,"href":"https:\/\/www.cal.org.pe\/v1\/wp-json\/wp\/v2\/users\/3"}],"replies":[{"embeddable":true,"href":"https:\/\/www.cal.org.pe\/v1\/wp-json\/wp\/v2\/comments?post=69061"}],"version-history":[{"count":1,"href":"https:\/\/www.cal.org.pe\/v1\/wp-json\/wp\/v2\/posts\/69061\/revisions"}],"predecessor-version":[{"id":69064,"href":"https:\/\/www.cal.org.pe\/v1\/wp-json\/wp\/v2\/posts\/69061\/revisions\/69064"}],"wp:featuredmedia":[{"embeddable":true,"href":"https:\/\/www.cal.org.pe\/v1\/wp-json\/wp\/v2\/media\/66424"}],"wp:attachment":[{"href":"https:\/\/www.cal.org.pe\/v1\/wp-json\/wp\/v2\/media?parent=69061"}],"wp:term":[{"taxonomy":"category","embeddable":true,"href":"https:\/\/www.cal.org.pe\/v1\/wp-json\/wp\/v2\/categories?post=69061"},{"taxonomy":"post_tag","embeddable":true,"href":"https:\/\/www.cal.org.pe\/v1\/wp-json\/wp\/v2\/tags?post=69061"}],"curies":[{"name":"wp","href":"https:\/\/api.w.org\/{rel}","templated":true}]}}