{"id":69027,"date":"2025-07-24T18:22:00","date_gmt":"2025-07-24T23:22:00","guid":{"rendered":"https:\/\/www.cal.org.pe\/v1\/?p=69027"},"modified":"2025-07-24T18:26:11","modified_gmt":"2025-07-24T23:26:11","slug":"celebremos-juntos-los-221-anos-del-colegio-de-abogados-de-lima","status":"publish","type":"post","link":"https:\/\/www.cal.org.pe\/v1\/2025\/07\/24\/celebremos-juntos-los-221-anos-del-colegio-de-abogados-de-lima\/","title":{"rendered":"\u00a1CELEBREMOS JUNTOS LOS 221 A\u00d1OS DEL COLEGIO DE ABOGADOS DE LIMA!"},"content":{"rendered":"\n<figure class=\"wp-block-image size-large\"><img fetchpriority=\"high\" decoding=\"async\" width=\"819\" height=\"1024\" src=\"https:\/\/www.cal.org.pe\/v1\/wp-content\/uploads\/2025\/07\/GRAFICA-221-1-819x1024.png\" alt=\"\" class=\"wp-image-69030\" srcset=\"https:\/\/www.cal.org.pe\/v1\/wp-content\/uploads\/2025\/07\/GRAFICA-221-1-819x1024.png 819w, https:\/\/www.cal.org.pe\/v1\/wp-content\/uploads\/2025\/07\/GRAFICA-221-1-240x300.png 240w, https:\/\/www.cal.org.pe\/v1\/wp-content\/uploads\/2025\/07\/GRAFICA-221-1-768x960.png 768w, https:\/\/www.cal.org.pe\/v1\/wp-content\/uploads\/2025\/07\/GRAFICA-221-1.png 1080w\" sizes=\"(max-width: 819px) 100vw, 819px\" \/><\/figure>\n\n\n\n<p>\u00a1Celebremos juntos los 221 a\u00f1os del Colegio de Abogados de Lima!<\/p>\n\n\n\n<p>Del <a><\/a>24 de julio al 2 de agosto, nuestra Ilustre Orden conmemora un nuevo aniversario con actividades acad\u00e9micas, protocolares, deportivas y de confraternidad.<\/p>\n\n\n\n<p>\u2e3b<\/p>\n\n\n\n<p>JUEVES 24 DE JULIO AL VIERNES 1 DE AGOSTO<\/p>\n\n\n\n<p><img decoding=\"async\" height=\"16\" width=\"16\" alt=\"\ud83d\udcda\" src=\"https:\/\/static.xx.fbcdn.net\/images\/emoji.php\/v9\/t49\/1\/16\/1f4da.png\"> Feria del Libro Jur\u00eddico \u2013 La Tarumba<\/p>\n\n\n\n<p>Sede Miraflores, Av. Santa Cruz 255<\/p>\n\n\n\n<p>\u2022 Inauguraci\u00f3n: jueves 24 \u2013 12:00 p.m.<\/p>\n\n\n\n<p>\u2022 Clausura: viernes 1 \u2013 12:00 p.m.<\/p>\n\n\n\n<p>\u2e3b<\/p>\n\n\n\n<p>S\u00c1BADO 26 DE JULIO<\/p>\n\n\n\n<p><img decoding=\"async\" height=\"16\" width=\"16\" alt=\"\u265f\" src=\"https:\/\/static.xx.fbcdn.net\/images\/emoji.php\/v9\/tbe\/1\/16\/265f.png\"> Torneo de Ajedrez \u2013 Cafeter\u00eda<\/p>\n\n\n\n<p>Sede Miraflores, Av. Santa Cruz 255<\/p>\n\n\n\n<p>\u2022 Inicio: 10:30 a.m.<\/p>\n\n\n\n<p>\u2022 Premiaci\u00f3n: 1:30 p.m.<\/p>\n\n\n\n<p>\u2e3b<\/p>\n\n\n\n<p>MI\u00c9RCOLES 30 DE JULIO<\/p>\n\n\n\n<p><img loading=\"lazy\" decoding=\"async\" height=\"16\" width=\"16\" alt=\"\u26bd\" src=\"https:\/\/static.xx.fbcdn.net\/images\/emoji.php\/v9\/taf\/1\/16\/26bd.png\"> Reuni\u00f3n de confraternidad y partido amistoso de f\u00fatbol<\/p>\n\n\n\n<p>\u2022 Complejo Deportivo Manuel Bonilla, Miraflores<\/p>\n\n\n\n<p>\u2022 5:00 p.m. a 8:00 p.m.<\/p>\n\n\n\n<p>\u2e3b<\/p>\n\n\n\n<p>JUEVES 31 DE JULIO<\/p>\n\n\n\n<p><img loading=\"lazy\" decoding=\"async\" height=\"16\" width=\"16\" alt=\"\ud83c\uddf5\ud83c\uddea\" src=\"https:\/\/static.xx.fbcdn.net\/images\/emoji.php\/v9\/t71\/1\/16\/1f1f5_1f1ea.png\"> Ceremonia C\u00edvico-Militar e Izamiento de Pabell\u00f3n Nacional<\/p>\n\n\n\n<p>\u2022 Frontis de la Sede Miraflores del CAL \u2013 11:00 a.m.<\/p>\n\n\n\n<p><img loading=\"lazy\" decoding=\"async\" height=\"16\" width=\"16\" alt=\"\ud83d\ude4f\" src=\"https:\/\/static.xx.fbcdn.net\/images\/emoji.php\/v9\/t80\/1\/16\/1f64f.png\"> Liturgia de Acci\u00f3n de Gracias<\/p>\n\n\n\n<p>\u2022 Auditorio Jos\u00e9 Le\u00f3n Barandiar\u00e1n \u2013 12:00 p.m.<\/p>\n\n\n\n<p><img loading=\"lazy\" decoding=\"async\" height=\"16\" width=\"16\" alt=\"\ud83c\udf96\" src=\"https:\/\/static.xx.fbcdn.net\/images\/emoji.php\/v9\/ta8\/1\/16\/1f396.png\"> Condecoraci\u00f3n con la Medalla C\u00edvica del Derecho<\/p>\n\n\n\n<p>\u2022 Auditorio Jos\u00e9 Le\u00f3n Barandiar\u00e1n \u2013 12:30 p.m.<\/p>\n\n\n\n<p><img loading=\"lazy\" decoding=\"async\" height=\"16\" width=\"16\" alt=\"\u2728\" src=\"https:\/\/static.xx.fbcdn.net\/images\/emoji.php\/v9\/tf4\/1\/16\/2728.png\"> Sesi\u00f3n Solemne e Incorporaci\u00f3n del abogado 100,000<\/p>\n\n\n\n<p>\u2022 Auditorio Jos\u00e9 Le\u00f3n Barandiar\u00e1n \u2013 6:00 p.m.<\/p>\n\n\n\n<p>\u2e3b<\/p>\n\n\n\n<p>VIERNES 1 DE AGOSTO<\/p>\n\n\n\n<p><img loading=\"lazy\" decoding=\"async\" height=\"16\" width=\"16\" alt=\"\ud83e\ude7a\" src=\"https:\/\/static.xx.fbcdn.net\/images\/emoji.php\/v9\/tc3\/1\/16\/1fa7a.png\"> Campa\u00f1as de Salud y Resotem<\/p>\n\n\n\n<p>\u2022 Sala Garc\u00eda Calder\u00f3n \u2013 Desde las 9:00 a.m.<\/p>\n\n\n\n<p>\u2e3b<\/p>\n\n\n\n<p>S\u00c1BADO 2 DE AGOSTO<\/p>\n\n\n\n<p><img loading=\"lazy\" decoding=\"async\" height=\"16\" width=\"16\" alt=\"\ud83c\udf57\" src=\"https:\/\/static.xx.fbcdn.net\/images\/emoji.php\/v9\/tad\/1\/16\/1f357.png\"> Almuerzo de Camarader\u00eda<\/p>\n\n\n\n<p>\u2022 11:00 a.m. a 5:00 p.m.<\/p>\n\n\n\n<p>\u2022 Inscripci\u00f3n previa en la Direcci\u00f3n de Bienestar Social (cupos limitados)<\/p>\n\n\n\n<p>\u2e3b<\/p>\n\n\n\n<p>\u00a1Acomp\u00e1\u00f1anos y s\u00e9 parte de esta gran celebraci\u00f3n por los 221 a\u00f1os de nuestra instituci\u00f3n!<\/p>\n","protected":false},"excerpt":{"rendered":"<p>\u00a1Celebremos juntos los 221 a\u00f1os del Colegio de Abogados de Lima! Del 24 de julio al 2 de agosto, nuestra Ilustre Orden conmemora un nuevo aniversario con actividades acad\u00e9micas, protocolares, deportivas y de confraternidad. \u2e3b JUEVES 24 DE JULIO AL VIERNES 1 DE AGOSTO Feria del Libro Jur\u00eddico \u2013 La Tarumba Sede Miraflores, Av. Santa Cruz 255 \u2022 Inauguraci\u00f3n: jueves 24 \u2013 12:00 p.m. \u2022 Clausura: viernes 1 \u2013 12:00 p.m. \u2e3b S\u00c1BADO 26 DE JULIO Torneo de Ajedrez \u2013 Cafeter\u00eda Sede Miraflores, Av. Santa Cruz 255 \u2022 Inicio: 10:30 a.m. \u2022 Premiaci\u00f3n: 1:30 p.m. \u2e3b MI\u00c9RCOLES 30 DE JULIO Reuni\u00f3n de confraternidad y partido amistoso de f\u00fatbol \u2022 Complejo Deportivo Manuel Bonilla, Miraflores \u2022 5:00 p.m. a 8:00 p.m. \u2e3b JUEVES 31 DE JULIO Ceremonia C\u00edvico-Militar e Izamiento de Pabell\u00f3n Nacional \u2022 Frontis de la Sede Miraflores del CAL \u2013 11:00 a.m. Liturgia de Acci\u00f3n de Gracias \u2022 Auditorio Jos\u00e9 Le\u00f3n Barandiar\u00e1n \u2013 12:00 p.m. Condecoraci\u00f3n con la Medalla C\u00edvica del Derecho \u2022 Auditorio Jos\u00e9 Le\u00f3n Barandiar\u00e1n \u2013 12:30 p.m. Sesi\u00f3n Solemne e Incorporaci\u00f3n del abogado 100,000 \u2022 Auditorio Jos\u00e9 Le\u00f3n Barandiar\u00e1n \u2013 6:00 p.m. \u2e3b VIERNES 1 DE AGOSTO Campa\u00f1as de Salud y Resotem \u2022 Sala Garc\u00eda Calder\u00f3n \u2013 Desde las 9:00 a.m. \u2e3b S\u00c1BADO 2 DE AGOSTO Almuerzo de Camarader\u00eda \u2022 11:00 a.m. a 5:00 p.m. \u2022 Inscripci\u00f3n previa en la Direcci\u00f3n de Bienestar Social (cupos limitados) \u2e3b \u00a1Acomp\u00e1\u00f1anos y s\u00e9 parte de esta gran celebraci\u00f3n por los 221 a\u00f1os de nuestra instituci\u00f3n!<\/p>\n","protected":false},"author":3,"featured_media":66418,"comment_status":"closed","ping_status":"open","sticky":false,"template":"","format":"standard","meta":{"pagelayer_contact_templates":[],"_pagelayer_content":"","footnotes":""},"categories":[13],"tags":[45],"class_list":["post-69027","post","type-post","status-publish","format-standard","has-post-thumbnail","hentry","category-decanato","tag-avisos"],"rttpg_featured_image_url":{"full":["https:\/\/www.cal.org.pe\/v1\/wp-content\/uploads\/2025\/04\/AVISOS.jpg",800,500,false],"landscape":["https:\/\/www.cal.org.pe\/v1\/wp-content\/uploads\/2025\/04\/AVISOS.jpg",800,500,false],"portraits":["https:\/\/www.cal.org.pe\/v1\/wp-content\/uploads\/2025\/04\/AVISOS.jpg",800,500,false],"thumbnail":["https:\/\/www.cal.org.pe\/v1\/wp-content\/uploads\/2025\/04\/AVISOS-150x150.jpg",150,150,true],"medium":["https:\/\/www.cal.org.pe\/v1\/wp-content\/uploads\/2025\/04\/AVISOS-300x188.jpg",300,188,true],"large":["https:\/\/www.cal.org.pe\/v1\/wp-content\/uploads\/2025\/04\/AVISOS.jpg",800,500,false],"1536x1536":["https:\/\/www.cal.org.pe\/v1\/wp-content\/uploads\/2025\/04\/AVISOS.jpg",800,500,false],"2048x2048":["https:\/\/www.cal.org.pe\/v1\/wp-content\/uploads\/2025\/04\/AVISOS.jpg",800,500,false]},"rttpg_author":{"display_name":"Prensa CAL","author_link":"https:\/\/www.cal.org.pe\/v1\/author\/prensa-cal\/"},"rttpg_comment":0,"rttpg_category":"<a href=\"https:\/\/www.cal.org.pe\/v1\/category\/decanato\/\" rel=\"category tag\">Decanato<\/a>","rttpg_excerpt":"\u00a1Celebremos juntos los 221 a\u00f1os del Colegio de Abogados de Lima! Del 24 de julio al 2 de agosto, nuestra Ilustre Orden conmemora un nuevo aniversario con actividades acad\u00e9micas, protocolares, deportivas y de confraternidad. \u2e3b JUEVES 24 DE JULIO AL VIERNES 1 DE AGOSTO Feria del Libro Jur\u00eddico \u2013 La Tarumba Sede Miraflores, Av. Santa&hellip;","_links":{"self":[{"href":"https:\/\/www.cal.org.pe\/v1\/wp-json\/wp\/v2\/posts\/69027","targetHints":{"allow":["GET"]}}],"collection":[{"href":"https:\/\/www.cal.org.pe\/v1\/wp-json\/wp\/v2\/posts"}],"about":[{"href":"https:\/\/www.cal.org.pe\/v1\/wp-json\/wp\/v2\/types\/post"}],"author":[{"embeddable":true,"href":"https:\/\/www.cal.org.pe\/v1\/wp-json\/wp\/v2\/users\/3"}],"replies":[{"embeddable":true,"href":"https:\/\/www.cal.org.pe\/v1\/wp-json\/wp\/v2\/comments?post=69027"}],"version-history":[{"count":1,"href":"https:\/\/www.cal.org.pe\/v1\/wp-json\/wp\/v2\/posts\/69027\/revisions"}],"predecessor-version":[{"id":69031,"href":"https:\/\/www.cal.org.pe\/v1\/wp-json\/wp\/v2\/posts\/69027\/revisions\/69031"}],"wp:featuredmedia":[{"embeddable":true,"href":"https:\/\/www.cal.org.pe\/v1\/wp-json\/wp\/v2\/media\/66418"}],"wp:attachment":[{"href":"https:\/\/www.cal.org.pe\/v1\/wp-json\/wp\/v2\/media?parent=69027"}],"wp:term":[{"taxonomy":"category","embeddable":true,"href":"https:\/\/www.cal.org.pe\/v1\/wp-json\/wp\/v2\/categories?post=69027"},{"taxonomy":"post_tag","embeddable":true,"href":"https:\/\/www.cal.org.pe\/v1\/wp-json\/wp\/v2\/tags?post=69027"}],"curies":[{"name":"wp","href":"https:\/\/api.w.org\/{rel}","templated":true}]}}