{"id":67548,"date":"2025-05-30T19:32:00","date_gmt":"2025-05-30T19:32:00","guid":{"rendered":"https:\/\/www.cal.org.pe\/v1\/?p=67548"},"modified":"2025-07-15T15:44:26","modified_gmt":"2025-07-15T20:44:26","slug":"publicacion-de-curriculums-vitae-de-los-nuevos-miembros-del-consejo-de-etica-del-cal","status":"publish","type":"post","link":"https:\/\/www.cal.org.pe\/v1\/2025\/05\/30\/publicacion-de-curriculums-vitae-de-los-nuevos-miembros-del-consejo-de-etica-del-cal\/","title":{"rendered":"PUBLICACI\u00d3N DE CURR\u00cdCULUMS VITAE DE LOS NUEVOS MIEMBROS DEL CONSEJO DE \u00c9TICA DEL CAL"},"content":{"rendered":"\n<figure class=\"wp-block-image size-full\"><img fetchpriority=\"high\" decoding=\"async\" width=\"2048\" height=\"2048\" src=\"https:\/\/www.cal.org.pe\/v1\/wp-content\/uploads\/2025\/05\/COMUNICADO-57.jpg\" alt=\"\" class=\"wp-image-68701\" srcset=\"https:\/\/www.cal.org.pe\/v1\/wp-content\/uploads\/2025\/05\/COMUNICADO-57.jpg 2048w, https:\/\/www.cal.org.pe\/v1\/wp-content\/uploads\/2025\/05\/COMUNICADO-57-300x300.jpg 300w, https:\/\/www.cal.org.pe\/v1\/wp-content\/uploads\/2025\/05\/COMUNICADO-57-1024x1024.jpg 1024w, https:\/\/www.cal.org.pe\/v1\/wp-content\/uploads\/2025\/05\/COMUNICADO-57-150x150.jpg 150w, https:\/\/www.cal.org.pe\/v1\/wp-content\/uploads\/2025\/05\/COMUNICADO-57-768x768.jpg 768w, https:\/\/www.cal.org.pe\/v1\/wp-content\/uploads\/2025\/05\/COMUNICADO-57-1536x1536.jpg 1536w\" sizes=\"(max-width: 2048px) 100vw, 2048px\" \/><\/figure>\n\n\n\n<p>La <a><\/a>Secretar\u00eda General del Colegio de Abogados de Lima informa a los agremiados que, conforme a lo se\u00f1alado en el comunicado institucional precedente, y en atenci\u00f3n a los principios de transparencia y acceso a la informaci\u00f3n, se procede NUEVAMENTE a la publicaci\u00f3n de los Curr\u00edculums Vitae de los nuevos miembros que se integran al Consejo de \u00c9tica del CAL, conforme a lo resuelto en la Asamblea General Ordinaria del 29 de mayo de 2025.<\/p>\n\n\n\n<p>Los nuevos miembros son:<\/p>\n\n\n\n<p>\u2022 Dr. Fernando Casta\u00f1eda Ipanaqu\u00e9<\/p>\n\n\n\n<p><a href=\"https:\/\/www.cal.org.pe\/...\/05\/CASTANEDA-IPANAQUE-final.pdf\">https:\/\/www.cal.org.pe\/&#8230;\/05\/CASTANEDA-IPANAQUE-final.pdf<\/a><\/p>\n\n\n\n<p>\u2022 Dra. Mar\u00eda Catalina Vera Tudela Pe\u00f1a<\/p>\n\n\n\n<p><a href=\"https:\/\/www.cal.org.pe\/...\/2025\/05\/VERA-TUDELA-fina.pdf\">https:\/\/www.cal.org.pe\/&#8230;\/2025\/05\/VERA-TUDELA-fina.pdf<\/a><\/p>\n\n\n\n<p>\u2022 Dr. F\u00e9lix Vasi Zevallos<\/p>\n\n\n\n<p><a href=\"https:\/\/www.cal.org.pe\/...\/2025\/05\/VASI-ZEVALLOS-final.pdf\">https:\/\/www.cal.org.pe\/&#8230;\/2025\/05\/VASI-ZEVALLOS-final.pdf<\/a><\/p>\n\n\n\n<p>Felicitamos a los mencionados profesionales por su incorporaci\u00f3n al Consejo de \u00c9tica y les deseamos el mayor de los \u00e9xitos en el cumplimiento de sus funciones, seguros de que su labor contribuir\u00e1 al fortalecimiento institucional del Colegio.<\/p>\n\n\n\n<p>Lima, 30 de mayo de 2025<\/p>\n","protected":false},"excerpt":{"rendered":"<p>La Secretar\u00eda General del Colegio de Abogados de Lima informa a los agremiados que, conforme a lo se\u00f1alado en el comunicado institucional precedente, y en atenci\u00f3n a los principios de transparencia y acceso a la informaci\u00f3n, se procede NUEVAMENTE a la publicaci\u00f3n de los Curr\u00edculums Vitae de los nuevos miembros que se integran al Consejo de \u00c9tica del CAL, conforme a lo resuelto en la Asamblea General Ordinaria del 29 de mayo de 2025. Los nuevos miembros son: \u2022 Dr. Fernando Casta\u00f1eda Ipanaqu\u00e9 https:\/\/www.cal.org.pe\/&#8230;\/05\/CASTANEDA-IPANAQUE-final.pdf \u2022 Dra. Mar\u00eda Catalina Vera Tudela Pe\u00f1a https:\/\/www.cal.org.pe\/&#8230;\/2025\/05\/VERA-TUDELA-fina.pdf \u2022 Dr. F\u00e9lix Vasi Zevallos https:\/\/www.cal.org.pe\/&#8230;\/2025\/05\/VASI-ZEVALLOS-final.pdf Felicitamos a los mencionados profesionales por su incorporaci\u00f3n al Consejo de \u00c9tica y les deseamos el mayor de los \u00e9xitos en el cumplimiento de sus funciones, seguros de que su labor contribuir\u00e1 al fortalecimiento institucional del Colegio. Lima, 30 de mayo de 2025<\/p>\n","protected":false},"author":3,"featured_media":66420,"comment_status":"closed","ping_status":"open","sticky":false,"template":"","format":"standard","meta":{"pagelayer_contact_templates":[],"_pagelayer_content":"","footnotes":""},"categories":[39],"tags":[43],"class_list":["post-67548","post","type-post","status-publish","format-standard","has-post-thumbnail","hentry","category-secretaria-general","tag-comunicados"],"rttpg_featured_image_url":{"full":["https:\/\/www.cal.org.pe\/v1\/wp-content\/uploads\/2025\/04\/COMUNICADOS.jpg",800,500,false],"landscape":["https:\/\/www.cal.org.pe\/v1\/wp-content\/uploads\/2025\/04\/COMUNICADOS.jpg",800,500,false],"portraits":["https:\/\/www.cal.org.pe\/v1\/wp-content\/uploads\/2025\/04\/COMUNICADOS.jpg",800,500,false],"thumbnail":["https:\/\/www.cal.org.pe\/v1\/wp-content\/uploads\/2025\/04\/COMUNICADOS-150x150.jpg",150,150,true],"medium":["https:\/\/www.cal.org.pe\/v1\/wp-content\/uploads\/2025\/04\/COMUNICADOS-300x188.jpg",300,188,true],"large":["https:\/\/www.cal.org.pe\/v1\/wp-content\/uploads\/2025\/04\/COMUNICADOS.jpg",800,500,false],"1536x1536":["https:\/\/www.cal.org.pe\/v1\/wp-content\/uploads\/2025\/04\/COMUNICADOS.jpg",800,500,false],"2048x2048":["https:\/\/www.cal.org.pe\/v1\/wp-content\/uploads\/2025\/04\/COMUNICADOS.jpg",800,500,false]},"rttpg_author":{"display_name":"Prensa CAL","author_link":"https:\/\/www.cal.org.pe\/v1\/author\/prensa-cal\/"},"rttpg_comment":0,"rttpg_category":"<a href=\"https:\/\/www.cal.org.pe\/v1\/category\/secretaria-general\/\" rel=\"category tag\">Secretar\u00eda General<\/a>","rttpg_excerpt":"La Secretar\u00eda General del Colegio de Abogados de Lima informa a los agremiados que, conforme a lo se\u00f1alado en el comunicado institucional precedente, y en atenci\u00f3n a los principios de transparencia y acceso a la informaci\u00f3n, se procede NUEVAMENTE a la publicaci\u00f3n de los Curr\u00edculums Vitae de los nuevos miembros que se integran al Consejo&hellip;","_links":{"self":[{"href":"https:\/\/www.cal.org.pe\/v1\/wp-json\/wp\/v2\/posts\/67548","targetHints":{"allow":["GET"]}}],"collection":[{"href":"https:\/\/www.cal.org.pe\/v1\/wp-json\/wp\/v2\/posts"}],"about":[{"href":"https:\/\/www.cal.org.pe\/v1\/wp-json\/wp\/v2\/types\/post"}],"author":[{"embeddable":true,"href":"https:\/\/www.cal.org.pe\/v1\/wp-json\/wp\/v2\/users\/3"}],"replies":[{"embeddable":true,"href":"https:\/\/www.cal.org.pe\/v1\/wp-json\/wp\/v2\/comments?post=67548"}],"version-history":[{"count":2,"href":"https:\/\/www.cal.org.pe\/v1\/wp-json\/wp\/v2\/posts\/67548\/revisions"}],"predecessor-version":[{"id":68702,"href":"https:\/\/www.cal.org.pe\/v1\/wp-json\/wp\/v2\/posts\/67548\/revisions\/68702"}],"wp:featuredmedia":[{"embeddable":true,"href":"https:\/\/www.cal.org.pe\/v1\/wp-json\/wp\/v2\/media\/66420"}],"wp:attachment":[{"href":"https:\/\/www.cal.org.pe\/v1\/wp-json\/wp\/v2\/media?parent=67548"}],"wp:term":[{"taxonomy":"category","embeddable":true,"href":"https:\/\/www.cal.org.pe\/v1\/wp-json\/wp\/v2\/categories?post=67548"},{"taxonomy":"post_tag","embeddable":true,"href":"https:\/\/www.cal.org.pe\/v1\/wp-json\/wp\/v2\/tags?post=67548"}],"curies":[{"name":"wp","href":"https:\/\/api.w.org\/{rel}","templated":true}]}}