{"id":67532,"date":"2025-05-30T17:28:38","date_gmt":"2025-05-30T17:28:38","guid":{"rendered":"https:\/\/www.cal.org.pe\/v1\/?p=67532"},"modified":"2025-07-15T15:45:11","modified_gmt":"2025-07-15T20:45:11","slug":"designacion-de-nuevos-miembros-de-consejo-de-etica-del-colegio-de-abogados-de-lima","status":"publish","type":"post","link":"https:\/\/www.cal.org.pe\/v1\/2025\/05\/30\/designacion-de-nuevos-miembros-de-consejo-de-etica-del-colegio-de-abogados-de-lima\/","title":{"rendered":"DESIGNACI\u00d3N DE NUEVOS MIEMBROS DE CONSEJO DE \u00c9TICA DEL COLEGIO DE ABOGADOS DE LIMA"},"content":{"rendered":"\n<figure class=\"wp-block-image size-full\"><img fetchpriority=\"high\" decoding=\"async\" width=\"2048\" height=\"2048\" src=\"https:\/\/www.cal.org.pe\/v1\/wp-content\/uploads\/2025\/05\/COMUNICADO-56.jpg\" alt=\"\" class=\"wp-image-68703\" srcset=\"https:\/\/www.cal.org.pe\/v1\/wp-content\/uploads\/2025\/05\/COMUNICADO-56.jpg 2048w, https:\/\/www.cal.org.pe\/v1\/wp-content\/uploads\/2025\/05\/COMUNICADO-56-300x300.jpg 300w, https:\/\/www.cal.org.pe\/v1\/wp-content\/uploads\/2025\/05\/COMUNICADO-56-1024x1024.jpg 1024w, https:\/\/www.cal.org.pe\/v1\/wp-content\/uploads\/2025\/05\/COMUNICADO-56-150x150.jpg 150w, https:\/\/www.cal.org.pe\/v1\/wp-content\/uploads\/2025\/05\/COMUNICADO-56-768x768.jpg 768w, https:\/\/www.cal.org.pe\/v1\/wp-content\/uploads\/2025\/05\/COMUNICADO-56-1536x1536.jpg 1536w\" sizes=\"(max-width: 2048px) 100vw, 2048px\" \/><\/figure>\n\n\n\n<p>La <a><\/a>Secretar\u00eda General del Colegio de Abogados de Lima informa a los colegiados y a la comunidad jur\u00eddica en general que, en cumplimiento de lo dispuesto en el art\u00edculo 14 del Estatuto y conforme a la convocatoria efectuada por el se\u00f1or Decano, Dr. Ra\u00fal Canelo Rabanal, se llev\u00f3 a cabo la Asamblea General Ordinaria el d\u00eda 29 de mayo de 2025. La sesi\u00f3n cont\u00f3 con la participaci\u00f3n de 56 delegados, quienes asistieron v\u00e1lidamente a la convocatoria, as\u00ed como de la Junta Directiva en pleno, elegida democr\u00e1ticamente por m\u00e1s de veinte mil abogados.<\/p>\n\n\n\n<p>Durante la sesi\u00f3n, se procedi\u00f3 a la elecci\u00f3n y designaci\u00f3n de los nuevos miembros del Consejo de \u00c9tica del CAL, en atenci\u00f3n a las vacancias generadas.<\/p>\n\n\n\n<p>Cabe se\u00f1alar que dichas vacancias fueron consecuencia de las siguientes medidas adoptadas:<\/p>\n\n\n\n<p>\u2022 En sesi\u00f3n de Junta Directiva de fecha 11 de octubre de 2024, se acept\u00f3 la renuncia voluntaria del Dr. Nelson Ram\u00edrez Jim\u00e9nez al cargo de miembro del Consejo de \u00c9tica.<\/p>\n\n\n\n<p>\u2022 Cese del exdirector Abog. Mauro Leandro Mart\u00edn, en aplicaci\u00f3n del art\u00edculo 23 del Estatuto, debido a inasistencias injustificadas a tres sesiones consecutivas y a la interposici\u00f3n de una denuncia penal en su contra por presunto fraude en agravio del Colegio.<\/p>\n\n\n\n<p>\u2022 Apartamiento de la se\u00f1ora Abog. Carmen Castillo Yataco, conforme al art\u00edculo 22 del Reglamento de Procedimientos Disciplinarios de JUDECAP, debido a la presentaci\u00f3n de una declaraci\u00f3n jurada inexacta, constitutiva de falsedad.<\/p>\n\n\n\n<p>\u2022 Apartamiento del exmiembro Abog. Jes\u00fas Palomino Figueroa, tambi\u00e9n conforme al reglamento citado, al verificarse la omisi\u00f3n de antecedentes relevantes en su declaraci\u00f3n jurada, incluyendo una denuncia por violencia familiar y una medida disciplinaria que motiv\u00f3 su separaci\u00f3n de la PNP.<\/p>\n\n\n\n<p>El nuevo Consejo de \u00c9tica ha quedado debidamente constituido bajo la presidencia de la actual Directora de \u00c9tica (e), Abog. M. J\u00e9ssica Guti\u00e9rrez Ambrocio, e integrado por los abogados Mar\u00eda Catalina Vera Tudela Pe\u00f1a, Felix Vasi Zevallos y Fernando Casta\u00f1eda Ipanaque, quienes han sido seleccionados en la referida Asamblea por contar con reconocida solvencia moral, \u00e9tica profesional, experiencia y trayectoria acreditada. Se mantiene como miembro en funciones el Abog. Chuquillanqui, conforme a lo establecido en el Estatuto.<\/p>\n\n\n\n<p>Con esta designaci\u00f3n, el Colegio reafirma su compromiso con la institucionalidad, la legalidad y la transparencia en sus procesos. Se informa adem\u00e1s que se vienen evaluando las acciones legales correspondientes frente a actos que, fuera del marco estatutario, habr\u00edan afectado el normal funcionamiento administrativo y financiero del CAL.<\/p>\n\n\n\n<p>El Colegio de Abogados de Lima reitera su firme compromiso con la defensa de la institucionalidad gremial, la \u00e9tica profesional y el respeto al marco normativo que nos rige.<\/p>\n\n\n\n<p>Lima, 30 de mayo de 2025<\/p>\n","protected":false},"excerpt":{"rendered":"<p>La Secretar\u00eda General del Colegio de Abogados de Lima informa a los colegiados y a la comunidad jur\u00eddica en general que, en cumplimiento de lo dispuesto en el art\u00edculo 14 del Estatuto y conforme a la convocatoria efectuada por el se\u00f1or Decano, Dr. Ra\u00fal Canelo Rabanal, se llev\u00f3 a cabo la Asamblea General Ordinaria el d\u00eda 29 de mayo de 2025. La sesi\u00f3n cont\u00f3 con la participaci\u00f3n de 56 delegados, quienes asistieron v\u00e1lidamente a la convocatoria, as\u00ed como de la Junta Directiva en pleno, elegida democr\u00e1ticamente por m\u00e1s de veinte mil abogados. Durante la sesi\u00f3n, se procedi\u00f3 a la elecci\u00f3n y designaci\u00f3n de los nuevos miembros del Consejo de \u00c9tica del CAL, en atenci\u00f3n a las vacancias generadas. Cabe se\u00f1alar que dichas vacancias fueron consecuencia de las siguientes medidas adoptadas: \u2022 En sesi\u00f3n de Junta Directiva de fecha 11 de octubre de 2024, se acept\u00f3 la renuncia voluntaria del Dr. Nelson Ram\u00edrez Jim\u00e9nez al cargo de miembro del Consejo de \u00c9tica. \u2022 Cese del exdirector Abog. Mauro Leandro Mart\u00edn, en aplicaci\u00f3n del art\u00edculo 23 del Estatuto, debido a inasistencias injustificadas a tres sesiones consecutivas y a la interposici\u00f3n de una denuncia penal en su contra por presunto fraude en agravio del Colegio. \u2022 Apartamiento de la se\u00f1ora Abog. Carmen Castillo Yataco, conforme al art\u00edculo 22 del Reglamento de Procedimientos Disciplinarios de JUDECAP, debido a la presentaci\u00f3n de una declaraci\u00f3n jurada inexacta, constitutiva de falsedad. \u2022 Apartamiento del exmiembro Abog. Jes\u00fas Palomino Figueroa, tambi\u00e9n conforme al reglamento citado, al verificarse la omisi\u00f3n de antecedentes relevantes en su declaraci\u00f3n jurada, incluyendo una denuncia por violencia familiar y una medida disciplinaria que motiv\u00f3 su separaci\u00f3n de la PNP. El nuevo Consejo de \u00c9tica ha quedado debidamente constituido bajo la presidencia de la actual Directora de \u00c9tica (e), Abog. M. J\u00e9ssica Guti\u00e9rrez Ambrocio, e integrado por los abogados Mar\u00eda Catalina Vera Tudela Pe\u00f1a, Felix Vasi Zevallos y Fernando Casta\u00f1eda Ipanaque, quienes han sido seleccionados en la referida Asamblea por contar con reconocida solvencia moral, \u00e9tica profesional, experiencia y trayectoria acreditada. Se mantiene como miembro en funciones el Abog. Chuquillanqui, conforme a lo establecido en el Estatuto. Con esta designaci\u00f3n, el Colegio reafirma su compromiso con la institucionalidad, la legalidad y la transparencia en sus procesos. Se informa adem\u00e1s que se vienen evaluando las acciones legales correspondientes frente a actos que, fuera del marco estatutario, habr\u00edan afectado el normal funcionamiento administrativo y financiero del CAL. El Colegio de Abogados de Lima reitera su firme compromiso con la defensa de la institucionalidad gremial, la \u00e9tica profesional y el respeto al marco normativo que nos rige. Lima, 30 de mayo de 2025<\/p>\n","protected":false},"author":3,"featured_media":66420,"comment_status":"closed","ping_status":"open","sticky":false,"template":"","format":"standard","meta":{"pagelayer_contact_templates":[],"_pagelayer_content":"","footnotes":""},"categories":[39],"tags":[43],"class_list":["post-67532","post","type-post","status-publish","format-standard","has-post-thumbnail","hentry","category-secretaria-general","tag-comunicados"],"rttpg_featured_image_url":{"full":["https:\/\/www.cal.org.pe\/v1\/wp-content\/uploads\/2025\/04\/COMUNICADOS.jpg",800,500,false],"landscape":["https:\/\/www.cal.org.pe\/v1\/wp-content\/uploads\/2025\/04\/COMUNICADOS.jpg",800,500,false],"portraits":["https:\/\/www.cal.org.pe\/v1\/wp-content\/uploads\/2025\/04\/COMUNICADOS.jpg",800,500,false],"thumbnail":["https:\/\/www.cal.org.pe\/v1\/wp-content\/uploads\/2025\/04\/COMUNICADOS-150x150.jpg",150,150,true],"medium":["https:\/\/www.cal.org.pe\/v1\/wp-content\/uploads\/2025\/04\/COMUNICADOS-300x188.jpg",300,188,true],"large":["https:\/\/www.cal.org.pe\/v1\/wp-content\/uploads\/2025\/04\/COMUNICADOS.jpg",800,500,false],"1536x1536":["https:\/\/www.cal.org.pe\/v1\/wp-content\/uploads\/2025\/04\/COMUNICADOS.jpg",800,500,false],"2048x2048":["https:\/\/www.cal.org.pe\/v1\/wp-content\/uploads\/2025\/04\/COMUNICADOS.jpg",800,500,false]},"rttpg_author":{"display_name":"Prensa CAL","author_link":"https:\/\/www.cal.org.pe\/v1\/author\/prensa-cal\/"},"rttpg_comment":0,"rttpg_category":"<a href=\"https:\/\/www.cal.org.pe\/v1\/category\/secretaria-general\/\" rel=\"category tag\">Secretar\u00eda General<\/a>","rttpg_excerpt":"La Secretar\u00eda General del Colegio de Abogados de Lima informa a los colegiados y a la comunidad jur\u00eddica en general que, en cumplimiento de lo dispuesto en el art\u00edculo 14 del Estatuto y conforme a la convocatoria efectuada por el se\u00f1or Decano, Dr. Ra\u00fal Canelo Rabanal, se llev\u00f3 a cabo la Asamblea General Ordinaria el&hellip;","_links":{"self":[{"href":"https:\/\/www.cal.org.pe\/v1\/wp-json\/wp\/v2\/posts\/67532","targetHints":{"allow":["GET"]}}],"collection":[{"href":"https:\/\/www.cal.org.pe\/v1\/wp-json\/wp\/v2\/posts"}],"about":[{"href":"https:\/\/www.cal.org.pe\/v1\/wp-json\/wp\/v2\/types\/post"}],"author":[{"embeddable":true,"href":"https:\/\/www.cal.org.pe\/v1\/wp-json\/wp\/v2\/users\/3"}],"replies":[{"embeddable":true,"href":"https:\/\/www.cal.org.pe\/v1\/wp-json\/wp\/v2\/comments?post=67532"}],"version-history":[{"count":2,"href":"https:\/\/www.cal.org.pe\/v1\/wp-json\/wp\/v2\/posts\/67532\/revisions"}],"predecessor-version":[{"id":68704,"href":"https:\/\/www.cal.org.pe\/v1\/wp-json\/wp\/v2\/posts\/67532\/revisions\/68704"}],"wp:featuredmedia":[{"embeddable":true,"href":"https:\/\/www.cal.org.pe\/v1\/wp-json\/wp\/v2\/media\/66420"}],"wp:attachment":[{"href":"https:\/\/www.cal.org.pe\/v1\/wp-json\/wp\/v2\/media?parent=67532"}],"wp:term":[{"taxonomy":"category","embeddable":true,"href":"https:\/\/www.cal.org.pe\/v1\/wp-json\/wp\/v2\/categories?post=67532"},{"taxonomy":"post_tag","embeddable":true,"href":"https:\/\/www.cal.org.pe\/v1\/wp-json\/wp\/v2\/tags?post=67532"}],"curies":[{"name":"wp","href":"https:\/\/api.w.org\/{rel}","templated":true}]}}