{"id":67486,"date":"2025-05-28T20:20:00","date_gmt":"2025-05-28T20:20:00","guid":{"rendered":"https:\/\/www.cal.org.pe\/v1\/?p=67486"},"modified":"2025-05-29T01:32:44","modified_gmt":"2025-05-29T01:32:44","slug":"convocatoria-a-eleccion-de-miembros-vacantes-del-consejo-de-etica","status":"publish","type":"post","link":"https:\/\/www.cal.org.pe\/v1\/2025\/05\/28\/convocatoria-a-eleccion-de-miembros-vacantes-del-consejo-de-etica\/","title":{"rendered":"CONVOCATORIA A ELECCI\u00d3N DE MIEMBROS VACANTES DEL CONSEJO DE \u00c9TICA"},"content":{"rendered":"\n<figure class=\"wp-block-image size-large\"><img fetchpriority=\"high\" decoding=\"async\" width=\"1024\" height=\"1024\" src=\"https:\/\/www.cal.org.pe\/v1\/wp-content\/uploads\/2025\/05\/501391507_1143116681184818_5038933068940720790_n-1024x1024.jpg\" alt=\"\" class=\"wp-image-67489\" srcset=\"https:\/\/www.cal.org.pe\/v1\/wp-content\/uploads\/2025\/05\/501391507_1143116681184818_5038933068940720790_n-1024x1024.jpg 1024w, https:\/\/www.cal.org.pe\/v1\/wp-content\/uploads\/2025\/05\/501391507_1143116681184818_5038933068940720790_n-300x300.jpg 300w, https:\/\/www.cal.org.pe\/v1\/wp-content\/uploads\/2025\/05\/501391507_1143116681184818_5038933068940720790_n-150x150.jpg 150w, https:\/\/www.cal.org.pe\/v1\/wp-content\/uploads\/2025\/05\/501391507_1143116681184818_5038933068940720790_n-768x768.jpg 768w, https:\/\/www.cal.org.pe\/v1\/wp-content\/uploads\/2025\/05\/501391507_1143116681184818_5038933068940720790_n-1536x1536.jpg 1536w, https:\/\/www.cal.org.pe\/v1\/wp-content\/uploads\/2025\/05\/501391507_1143116681184818_5038933068940720790_n.jpg 2048w\" sizes=\"(max-width: 1024px) 100vw, 1024px\" \/><\/figure>\n\n\n\n<p>La <a><\/a>Secretar\u00eda General del Colegio de Abogados de Lima informa a todos los agremiados que, conforme al cronograma aprobado, se ha dispuesto la elecci\u00f3n de los nuevos miembros del Consejo de \u00c9tica para cubrir las vacantes existentes, de acuerdo con lo establecido en el Art\u00edculo 14, literal B del Estatuto del CAL, el cual establece: \u201cLa Asamblea Ordinaria del mes de mayo se re\u00fane para: Elegir a los miembros del Comit\u00e9 Electoral, del Consejo de \u00c9tica, los miembros de la Caja de Previsi\u00f3n Social y completar las vacantes que se hubieran producido en ellas y la que corresponda.\u201d<\/p>\n\n\n\n<p>Las vacantes obedecen a los siguientes hechos:<\/p>\n\n\n\n<p>1. En sesi\u00f3n de Junta Directiva de fecha 11 de octubre de 2024, se acept\u00f3 la renuncia voluntaria del Dr. Nelson Ram\u00edrez Jim\u00e9nez al cargo de miembro del Consejo de \u00c9tica.<\/p>\n\n\n\n<p>2. En sesi\u00f3n de Junta Directiva de fecha 5 de mayo de 2025, se acord\u00f3 el apartamiento de la se\u00f1ora Carmen Castillo Yataco, conforme a lo establecido en el Art\u00edculo 23 del Reglamento Disciplinario de los Colegios de Abogados del Per\u00fa, el cual, en su tercer p\u00e1rrafo, establece: .\u201cLos miembros del Consejo de \u00c9tica podr\u00e1n ser apartados, cuando se presente de manera sobreviniente la generaci\u00f3n de un antecedente penal, judicial, queja fundada ante el Consejo de \u00c9tica o cualquier otro registro de sanci\u00f3n administrativa, debiendo el Presidente comunicar a Decanatura, bajo responsabilidad funcional.\u201d<\/p>\n\n\n\n<p>Cabe precisar que la mencionada abogada fue denunciada por la Direcci\u00f3n de Defensa Gremial, mediante escrito de fecha 2 de enero de 2025, por el presunto delito de falsedad gen\u00e9rica, al haber realizado una declaraci\u00f3n jurada falsa durante su postulaci\u00f3n, declarando no tener impedimentos cuando en realidad estaba vinculada a hechos que la inhabilitaban, siendo su postulaci\u00f3n avalada por los entonces directivos Mauro Leandro, Romero y V\u00edctor Alca.<\/p>\n\n\n\n<p>3. En sesi\u00f3n de Junta Directiva de fecha 16 de mayo de 2025, se aprob\u00f3 el apartamiento del se\u00f1or Palomino Figueroa, al detectarse que omiti\u00f3 informaci\u00f3n en su declaraci\u00f3n jurada, afirmando no contar con antecedentes, cuando obra en acta copia de denuncia por violencia familiar y violencia contra terceros, informaci\u00f3n incompatible con la idoneidad exigida para el cargo.<\/p>\n\n\n\n<p>En consecuencia, y en aplicaci\u00f3n del Estatuto, se ha convocado a Asamblea Ordinaria para el d\u00eda 29 de mayo de 2025, en la cual se proceder\u00e1 a la elecci\u00f3n de los tres nuevos miembros del Consejo de \u00c9tica del CAL.<\/p>\n\n\n\n<p>El Colegio de Abogados de Lima reitera su compromiso con la transparencia, la legalidad y el fortalecimiento institucional.<\/p>\n\n\n\n<p>Lima, 28 de mayo de 2025<\/p>\n","protected":false},"excerpt":{"rendered":"<p>La Secretar\u00eda General del Colegio de Abogados de Lima informa a todos los agremiados que, conforme al cronograma aprobado, se ha dispuesto la elecci\u00f3n de los nuevos miembros del Consejo de \u00c9tica para cubrir las vacantes existentes, de acuerdo con lo establecido en el Art\u00edculo 14, literal B del Estatuto del CAL, el cual establece: \u201cLa Asamblea Ordinaria del mes de mayo se re\u00fane para: Elegir a los miembros del Comit\u00e9 Electoral, del Consejo de \u00c9tica, los miembros de la Caja de Previsi\u00f3n Social y completar las vacantes que se hubieran producido en ellas y la que corresponda.\u201d Las vacantes obedecen a los siguientes hechos: 1. En sesi\u00f3n de Junta Directiva de fecha 11 de octubre de 2024, se acept\u00f3 la renuncia voluntaria del Dr. Nelson Ram\u00edrez Jim\u00e9nez al cargo de miembro del Consejo de \u00c9tica. 2. En sesi\u00f3n de Junta Directiva de fecha 5 de mayo de 2025, se acord\u00f3 el apartamiento de la se\u00f1ora Carmen Castillo Yataco, conforme a lo establecido en el Art\u00edculo 23 del Reglamento Disciplinario de los Colegios de Abogados del Per\u00fa, el cual, en su tercer p\u00e1rrafo, establece: .\u201cLos miembros del Consejo de \u00c9tica podr\u00e1n ser apartados, cuando se presente de manera sobreviniente la generaci\u00f3n de un antecedente penal, judicial, queja fundada ante el Consejo de \u00c9tica o cualquier otro registro de sanci\u00f3n administrativa, debiendo el Presidente comunicar a Decanatura, bajo responsabilidad funcional.\u201d Cabe precisar que la mencionada abogada fue denunciada por la Direcci\u00f3n de Defensa Gremial, mediante escrito de fecha 2 de enero de 2025, por el presunto delito de falsedad gen\u00e9rica, al haber realizado una declaraci\u00f3n jurada falsa durante su postulaci\u00f3n, declarando no tener impedimentos cuando en realidad estaba vinculada a hechos que la inhabilitaban, siendo su postulaci\u00f3n avalada por los entonces directivos Mauro Leandro, Romero y V\u00edctor Alca. 3. En sesi\u00f3n de Junta Directiva de fecha 16 de mayo de 2025, se aprob\u00f3 el apartamiento del se\u00f1or Palomino Figueroa, al detectarse que omiti\u00f3 informaci\u00f3n en su declaraci\u00f3n jurada, afirmando no contar con antecedentes, cuando obra en acta copia de denuncia por violencia familiar y violencia contra terceros, informaci\u00f3n incompatible con la idoneidad exigida para el cargo. En consecuencia, y en aplicaci\u00f3n del Estatuto, se ha convocado a Asamblea Ordinaria para el d\u00eda 29 de mayo de 2025, en la cual se proceder\u00e1 a la elecci\u00f3n de los tres nuevos miembros del Consejo de \u00c9tica del CAL. El Colegio de Abogados de Lima reitera su compromiso con la transparencia, la legalidad y el fortalecimiento institucional. Lima, 28 de mayo de 2025<\/p>\n","protected":false},"author":3,"featured_media":66420,"comment_status":"closed","ping_status":"open","sticky":false,"template":"","format":"standard","meta":{"pagelayer_contact_templates":[],"_pagelayer_content":"","footnotes":""},"categories":[39],"tags":[43],"class_list":["post-67486","post","type-post","status-publish","format-standard","has-post-thumbnail","hentry","category-secretaria-general","tag-comunicados"],"rttpg_featured_image_url":{"full":["https:\/\/www.cal.org.pe\/v1\/wp-content\/uploads\/2025\/04\/COMUNICADOS.jpg",800,500,false],"landscape":["https:\/\/www.cal.org.pe\/v1\/wp-content\/uploads\/2025\/04\/COMUNICADOS.jpg",800,500,false],"portraits":["https:\/\/www.cal.org.pe\/v1\/wp-content\/uploads\/2025\/04\/COMUNICADOS.jpg",800,500,false],"thumbnail":["https:\/\/www.cal.org.pe\/v1\/wp-content\/uploads\/2025\/04\/COMUNICADOS-150x150.jpg",150,150,true],"medium":["https:\/\/www.cal.org.pe\/v1\/wp-content\/uploads\/2025\/04\/COMUNICADOS-300x188.jpg",300,188,true],"large":["https:\/\/www.cal.org.pe\/v1\/wp-content\/uploads\/2025\/04\/COMUNICADOS.jpg",800,500,false],"1536x1536":["https:\/\/www.cal.org.pe\/v1\/wp-content\/uploads\/2025\/04\/COMUNICADOS.jpg",800,500,false],"2048x2048":["https:\/\/www.cal.org.pe\/v1\/wp-content\/uploads\/2025\/04\/COMUNICADOS.jpg",800,500,false]},"rttpg_author":{"display_name":"Prensa CAL","author_link":"https:\/\/www.cal.org.pe\/v1\/author\/prensa-cal\/"},"rttpg_comment":0,"rttpg_category":"<a href=\"https:\/\/www.cal.org.pe\/v1\/category\/secretaria-general\/\" rel=\"category tag\">Secretar\u00eda General<\/a>","rttpg_excerpt":"La Secretar\u00eda General del Colegio de Abogados de Lima informa a todos los agremiados que, conforme al cronograma aprobado, se ha dispuesto la elecci\u00f3n de los nuevos miembros del Consejo de \u00c9tica para cubrir las vacantes existentes, de acuerdo con lo establecido en el Art\u00edculo 14, literal B del Estatuto del CAL, el cual establece:&hellip;","_links":{"self":[{"href":"https:\/\/www.cal.org.pe\/v1\/wp-json\/wp\/v2\/posts\/67486","targetHints":{"allow":["GET"]}}],"collection":[{"href":"https:\/\/www.cal.org.pe\/v1\/wp-json\/wp\/v2\/posts"}],"about":[{"href":"https:\/\/www.cal.org.pe\/v1\/wp-json\/wp\/v2\/types\/post"}],"author":[{"embeddable":true,"href":"https:\/\/www.cal.org.pe\/v1\/wp-json\/wp\/v2\/users\/3"}],"replies":[{"embeddable":true,"href":"https:\/\/www.cal.org.pe\/v1\/wp-json\/wp\/v2\/comments?post=67486"}],"version-history":[{"count":1,"href":"https:\/\/www.cal.org.pe\/v1\/wp-json\/wp\/v2\/posts\/67486\/revisions"}],"predecessor-version":[{"id":67490,"href":"https:\/\/www.cal.org.pe\/v1\/wp-json\/wp\/v2\/posts\/67486\/revisions\/67490"}],"wp:featuredmedia":[{"embeddable":true,"href":"https:\/\/www.cal.org.pe\/v1\/wp-json\/wp\/v2\/media\/66420"}],"wp:attachment":[{"href":"https:\/\/www.cal.org.pe\/v1\/wp-json\/wp\/v2\/media?parent=67486"}],"wp:term":[{"taxonomy":"category","embeddable":true,"href":"https:\/\/www.cal.org.pe\/v1\/wp-json\/wp\/v2\/categories?post=67486"},{"taxonomy":"post_tag","embeddable":true,"href":"https:\/\/www.cal.org.pe\/v1\/wp-json\/wp\/v2\/tags?post=67486"}],"curies":[{"name":"wp","href":"https:\/\/api.w.org\/{rel}","templated":true}]}}