{"id":67473,"date":"2025-05-29T00:18:39","date_gmt":"2025-05-29T00:18:39","guid":{"rendered":"https:\/\/www.cal.org.pe\/v1\/?p=67473"},"modified":"2025-05-29T00:48:41","modified_gmt":"2025-05-29T00:48:41","slug":"publicacion-de-curriculums-vitae-de-postulantes-al-consejo-de-etica-del-cal","status":"publish","type":"post","link":"https:\/\/www.cal.org.pe\/v1\/2025\/05\/29\/publicacion-de-curriculums-vitae-de-postulantes-al-consejo-de-etica-del-cal\/","title":{"rendered":"PUBLICACI\u00d3N DE CURR\u00cdCULUMS VITAE DE POSTULANTES AL CONSEJO DE \u00c9TICA DEL CAL"},"content":{"rendered":"\n<p>En cumplimiento de los principios de <strong>transparencia<\/strong>, <strong>meritocracia<\/strong> y <strong>acceso a la informaci\u00f3n<\/strong>, la Comisi\u00f3n encargada del proceso de selecci\u00f3n y calificaci\u00f3n de postulantes para ocupar los cargos vacantes en el <strong>Consejo de \u00c9tica del Ilustre Colegio de Abogados de Lima (CAL)<\/strong> ha dispuesto la publicaci\u00f3n de los <strong>Curr\u00edculums Vitae de los postulantes que han sido debidamente inscritos y admitidos<\/strong>.<\/p>\n\n\n\n<p>El objetivo de esta medida es permitir que los colegiados puedan conocer las trayectorias profesionales y acad\u00e9micas de quienes aspiran a integrar esta importante instancia deontol\u00f3gica del gremio.<\/p>\n\n\n\n<p>La comisi\u00f3n responsable de este proceso est\u00e1 conformada por:<\/p>\n\n\n\n<ul class=\"wp-block-list\">\n<li><strong>Dra. Milagros Terry Gamarra<\/strong>, Vicedecana del Colegio de Abogados de Lima<\/li>\n\n\n\n<li><strong>Dr. Te\u00f3filo Noa Apari<\/strong>, Director de la Biblioteca<\/li>\n\n\n\n<li><strong>Dra. Emilia Vicu\u00f1a Ramos<\/strong>, Directora de Comisiones y Consultas<\/li>\n<\/ul>\n\n\n\n<p>Los documentos pueden consultarse a trav\u00e9s de la pesta\u00f1a <strong>\u00abSecretar\u00eda General\u00bb<\/strong> en la p\u00e1gina web oficial del CAL. A continuaci\u00f3n, compartimos los enlaces directos a los CV de los postulantes:<\/p>\n\n\n\n<ul class=\"wp-block-list\">\n<li><a class=\"\" href=\"https:\/\/tinyurl.com\/43868383\">Fernando Casta\u00f1eda Ipanaque<\/a><\/li>\n\n\n\n<li><a class=\"\" href=\"https:\/\/tinyurl.com\/mr34netx\">Mar\u00eda Catalina Vera Tudela Pe\u00f1a<\/a><\/li>\n\n\n\n<li><a class=\"\" href=\"https:\/\/tinyurl.com\/yc544su7\">Sally Jussara De la Cruz Tenicela<\/a><\/li>\n\n\n\n<li><a class=\"\" href=\"https:\/\/tinyurl.com\/2yp3kd4n\">Feliz Vasi Zevallos<\/a><\/li>\n<\/ul>\n\n\n\n<p>\ud83d\udcc5 <em>Lima, 28 de mayo de 2025<\/em><\/p>\n","protected":false},"excerpt":{"rendered":"<p>En cumplimiento de los principios de transparencia, meritocracia y acceso a la informaci\u00f3n, la Comisi\u00f3n encargada del proceso de selecci\u00f3n y calificaci\u00f3n de postulantes para ocupar los cargos vacantes en el Consejo de \u00c9tica del Ilustre Colegio de Abogados de Lima (CAL) ha dispuesto la publicaci\u00f3n de los Curr\u00edculums Vitae de los postulantes que han sido debidamente inscritos y admitidos. El objetivo de esta medida es permitir que los colegiados puedan conocer las trayectorias profesionales y acad\u00e9micas de quienes aspiran a integrar esta importante instancia deontol\u00f3gica del gremio. La comisi\u00f3n responsable de este proceso est\u00e1 conformada por: Los documentos pueden consultarse a trav\u00e9s de la pesta\u00f1a \u00abSecretar\u00eda General\u00bb en la p\u00e1gina web oficial del CAL. A continuaci\u00f3n, compartimos los enlaces directos a los CV de los postulantes: \ud83d\udcc5 Lima, 28 de mayo de 2025<\/p>\n","protected":false},"author":3,"featured_media":66418,"comment_status":"closed","ping_status":"open","sticky":false,"template":"","format":"standard","meta":{"pagelayer_contact_templates":[],"_pagelayer_content":"","footnotes":""},"categories":[39],"tags":[45],"class_list":["post-67473","post","type-post","status-publish","format-standard","has-post-thumbnail","hentry","category-secretaria-general","tag-avisos"],"rttpg_featured_image_url":{"full":["https:\/\/www.cal.org.pe\/v1\/wp-content\/uploads\/2025\/04\/AVISOS.jpg",800,500,false],"landscape":["https:\/\/www.cal.org.pe\/v1\/wp-content\/uploads\/2025\/04\/AVISOS.jpg",800,500,false],"portraits":["https:\/\/www.cal.org.pe\/v1\/wp-content\/uploads\/2025\/04\/AVISOS.jpg",800,500,false],"thumbnail":["https:\/\/www.cal.org.pe\/v1\/wp-content\/uploads\/2025\/04\/AVISOS-150x150.jpg",150,150,true],"medium":["https:\/\/www.cal.org.pe\/v1\/wp-content\/uploads\/2025\/04\/AVISOS-300x188.jpg",300,188,true],"large":["https:\/\/www.cal.org.pe\/v1\/wp-content\/uploads\/2025\/04\/AVISOS.jpg",800,500,false],"1536x1536":["https:\/\/www.cal.org.pe\/v1\/wp-content\/uploads\/2025\/04\/AVISOS.jpg",800,500,false],"2048x2048":["https:\/\/www.cal.org.pe\/v1\/wp-content\/uploads\/2025\/04\/AVISOS.jpg",800,500,false]},"rttpg_author":{"display_name":"Prensa CAL","author_link":"https:\/\/www.cal.org.pe\/v1\/author\/prensa-cal\/"},"rttpg_comment":0,"rttpg_category":"<a href=\"https:\/\/www.cal.org.pe\/v1\/category\/secretaria-general\/\" rel=\"category tag\">Secretar\u00eda General<\/a>","rttpg_excerpt":"En cumplimiento de los principios de transparencia, meritocracia y acceso a la informaci\u00f3n, la Comisi\u00f3n encargada del proceso de selecci\u00f3n y calificaci\u00f3n de postulantes para ocupar los cargos vacantes en el Consejo de \u00c9tica del Ilustre Colegio de Abogados de Lima (CAL) ha dispuesto la publicaci\u00f3n de los Curr\u00edculums Vitae de los postulantes que han&hellip;","_links":{"self":[{"href":"https:\/\/www.cal.org.pe\/v1\/wp-json\/wp\/v2\/posts\/67473","targetHints":{"allow":["GET"]}}],"collection":[{"href":"https:\/\/www.cal.org.pe\/v1\/wp-json\/wp\/v2\/posts"}],"about":[{"href":"https:\/\/www.cal.org.pe\/v1\/wp-json\/wp\/v2\/types\/post"}],"author":[{"embeddable":true,"href":"https:\/\/www.cal.org.pe\/v1\/wp-json\/wp\/v2\/users\/3"}],"replies":[{"embeddable":true,"href":"https:\/\/www.cal.org.pe\/v1\/wp-json\/wp\/v2\/comments?post=67473"}],"version-history":[{"count":3,"href":"https:\/\/www.cal.org.pe\/v1\/wp-json\/wp\/v2\/posts\/67473\/revisions"}],"predecessor-version":[{"id":67482,"href":"https:\/\/www.cal.org.pe\/v1\/wp-json\/wp\/v2\/posts\/67473\/revisions\/67482"}],"wp:featuredmedia":[{"embeddable":true,"href":"https:\/\/www.cal.org.pe\/v1\/wp-json\/wp\/v2\/media\/66418"}],"wp:attachment":[{"href":"https:\/\/www.cal.org.pe\/v1\/wp-json\/wp\/v2\/media?parent=67473"}],"wp:term":[{"taxonomy":"category","embeddable":true,"href":"https:\/\/www.cal.org.pe\/v1\/wp-json\/wp\/v2\/categories?post=67473"},{"taxonomy":"post_tag","embeddable":true,"href":"https:\/\/www.cal.org.pe\/v1\/wp-json\/wp\/v2\/tags?post=67473"}],"curies":[{"name":"wp","href":"https:\/\/api.w.org\/{rel}","templated":true}]}}