{"id":67470,"date":"2025-05-28T19:48:00","date_gmt":"2025-05-28T19:48:00","guid":{"rendered":"https:\/\/www.cal.org.pe\/v1\/?p=67470"},"modified":"2025-05-29T01:27:32","modified_gmt":"2025-05-29T01:27:32","slug":"publicacion-de-curriculums-vitae-de-postulantes-al-consejo-de-etica","status":"publish","type":"post","link":"https:\/\/www.cal.org.pe\/v1\/2025\/05\/28\/publicacion-de-curriculums-vitae-de-postulantes-al-consejo-de-etica\/","title":{"rendered":"PUBLICACI\u00d3N DE CURR\u00cdCULUMS VITAE DE POSTULANTES AL CONSEJO DE \u00c9TICA"},"content":{"rendered":"\n<figure class=\"wp-block-image size-large\"><img fetchpriority=\"high\" decoding=\"async\" width=\"1024\" height=\"1024\" src=\"https:\/\/www.cal.org.pe\/v1\/wp-content\/uploads\/2025\/05\/501445971_1143109237852229_7241594970216999634_n-1024x1024.jpg\" alt=\"\" class=\"wp-image-67484\" srcset=\"https:\/\/www.cal.org.pe\/v1\/wp-content\/uploads\/2025\/05\/501445971_1143109237852229_7241594970216999634_n-1024x1024.jpg 1024w, https:\/\/www.cal.org.pe\/v1\/wp-content\/uploads\/2025\/05\/501445971_1143109237852229_7241594970216999634_n-300x300.jpg 300w, https:\/\/www.cal.org.pe\/v1\/wp-content\/uploads\/2025\/05\/501445971_1143109237852229_7241594970216999634_n-150x150.jpg 150w, https:\/\/www.cal.org.pe\/v1\/wp-content\/uploads\/2025\/05\/501445971_1143109237852229_7241594970216999634_n-768x768.jpg 768w, https:\/\/www.cal.org.pe\/v1\/wp-content\/uploads\/2025\/05\/501445971_1143109237852229_7241594970216999634_n-1536x1536.jpg 1536w, https:\/\/www.cal.org.pe\/v1\/wp-content\/uploads\/2025\/05\/501445971_1143109237852229_7241594970216999634_n.jpg 2048w\" sizes=\"(max-width: 1024px) 100vw, 1024px\" \/><\/figure>\n\n\n\n<p>La Comisi\u00f3n encargada del proceso de selecci\u00f3n y calificaci\u00f3n de postulantes para ocupar los cargos vacantes en el Consejo de \u00c9tica del Ilustre Colegio de Abogados de Lima, en cumplimiento de los principios de transparencia, meritocracia y acceso a la informaci\u00f3n, informa a los agremiados y a la comunidad jur\u00eddica que:<\/p>\n\n\n\n<p>Se ha dispuesto la publicaci\u00f3n de los Curr\u00edculums Vitae de los postulantes que han sido debidamente inscritos y admitidos en el presente proceso, a fin de que los colegiados puedan conocer sus trayectorias profesionales y acad\u00e9micas antes de la elecci\u00f3n correspondiente.<\/p>\n\n\n\n<p>La comisi\u00f3n responsable est\u00e1 integrada por:<\/p>\n\n\n\n<p>Dra. Milagros Terry Gamarra \u2013 Vicedecana del Colegio de Abogados de Lima<\/p>\n\n\n\n<p>Dr. Te\u00f3filo Noa Apari \u2013 Director de Biblioteca<\/p>\n\n\n\n<p>Dra. Emilia Vicu\u00f1a Ramos \u2013 Directora de Comisiones y Consultas<\/p>\n\n\n\n<p>Los documentos estar\u00e1n disponibles para su consulta a trav\u00e9s de la pesta\u00f1a SECRETAR\u00cdA GENERAL de la p\u00e1gina web del CAL: <a href=\"https:\/\/www.cal.org.pe\/v1\/2025\/05\/28\/publicacion-de-curriculums-vitae-de-postulantes-al-consejo-de-etica-del-cal\/\">https:\/\/www.cal.org.pe\/v1\/2025\/05\/28\/publicacion-de-curriculums-vitae-de-postulantes-al-consejo-de-etica-del-cal\/<\/a><\/p>\n\n\n\n<p>Lima, 29 de mayo de 2025<\/p>\n\n\n\n<p>COMISI\u00d3N DE SELECCI\u00d3N Y CALIFICACI\u00d3N<\/p>\n","protected":false},"excerpt":{"rendered":"<p>La Comisi\u00f3n encargada del proceso de selecci\u00f3n y calificaci\u00f3n de postulantes para ocupar los cargos vacantes en el Consejo de \u00c9tica del Ilustre Colegio de Abogados de Lima, en cumplimiento de los principios de transparencia, meritocracia y acceso a la informaci\u00f3n, informa a los agremiados y a la comunidad jur\u00eddica que: Se ha dispuesto la publicaci\u00f3n de los Curr\u00edculums Vitae de los postulantes que han sido debidamente inscritos y admitidos en el presente proceso, a fin de que los colegiados puedan conocer sus trayectorias profesionales y acad\u00e9micas antes de la elecci\u00f3n correspondiente. La comisi\u00f3n responsable est\u00e1 integrada por: Dra. Milagros Terry Gamarra \u2013 Vicedecana del Colegio de Abogados de Lima Dr. Te\u00f3filo Noa Apari \u2013 Director de Biblioteca Dra. Emilia Vicu\u00f1a Ramos \u2013 Directora de Comisiones y Consultas Los documentos estar\u00e1n disponibles para su consulta a trav\u00e9s de la pesta\u00f1a SECRETAR\u00cdA GENERAL de la p\u00e1gina web del CAL: https:\/\/www.cal.org.pe\/v1\/2025\/05\/28\/publicacion-de-curriculums-vitae-de-postulantes-al-consejo-de-etica-del-cal\/ Lima, 29 de mayo de 2025 COMISI\u00d3N DE SELECCI\u00d3N Y CALIFICACI\u00d3N<\/p>\n","protected":false},"author":3,"featured_media":66420,"comment_status":"closed","ping_status":"open","sticky":false,"template":"","format":"standard","meta":{"pagelayer_contact_templates":[],"_pagelayer_content":"","footnotes":""},"categories":[31],"tags":[43],"class_list":["post-67470","post","type-post","status-publish","format-standard","has-post-thumbnail","hentry","category-vicedecanato","tag-comunicados"],"rttpg_featured_image_url":{"full":["https:\/\/www.cal.org.pe\/v1\/wp-content\/uploads\/2025\/04\/COMUNICADOS.jpg",800,500,false],"landscape":["https:\/\/www.cal.org.pe\/v1\/wp-content\/uploads\/2025\/04\/COMUNICADOS.jpg",800,500,false],"portraits":["https:\/\/www.cal.org.pe\/v1\/wp-content\/uploads\/2025\/04\/COMUNICADOS.jpg",800,500,false],"thumbnail":["https:\/\/www.cal.org.pe\/v1\/wp-content\/uploads\/2025\/04\/COMUNICADOS-150x150.jpg",150,150,true],"medium":["https:\/\/www.cal.org.pe\/v1\/wp-content\/uploads\/2025\/04\/COMUNICADOS-300x188.jpg",300,188,true],"large":["https:\/\/www.cal.org.pe\/v1\/wp-content\/uploads\/2025\/04\/COMUNICADOS.jpg",800,500,false],"1536x1536":["https:\/\/www.cal.org.pe\/v1\/wp-content\/uploads\/2025\/04\/COMUNICADOS.jpg",800,500,false],"2048x2048":["https:\/\/www.cal.org.pe\/v1\/wp-content\/uploads\/2025\/04\/COMUNICADOS.jpg",800,500,false]},"rttpg_author":{"display_name":"Prensa CAL","author_link":"https:\/\/www.cal.org.pe\/v1\/author\/prensa-cal\/"},"rttpg_comment":0,"rttpg_category":"<a href=\"https:\/\/www.cal.org.pe\/v1\/category\/vicedecanato\/\" rel=\"category tag\">Vicedecanato<\/a>","rttpg_excerpt":"La Comisi\u00f3n encargada del proceso de selecci\u00f3n y calificaci\u00f3n de postulantes para ocupar los cargos vacantes en el Consejo de \u00c9tica del Ilustre Colegio de Abogados de Lima, en cumplimiento de los principios de transparencia, meritocracia y acceso a la informaci\u00f3n, informa a los agremiados y a la comunidad jur\u00eddica que: Se ha dispuesto la&hellip;","_links":{"self":[{"href":"https:\/\/www.cal.org.pe\/v1\/wp-json\/wp\/v2\/posts\/67470","targetHints":{"allow":["GET"]}}],"collection":[{"href":"https:\/\/www.cal.org.pe\/v1\/wp-json\/wp\/v2\/posts"}],"about":[{"href":"https:\/\/www.cal.org.pe\/v1\/wp-json\/wp\/v2\/types\/post"}],"author":[{"embeddable":true,"href":"https:\/\/www.cal.org.pe\/v1\/wp-json\/wp\/v2\/users\/3"}],"replies":[{"embeddable":true,"href":"https:\/\/www.cal.org.pe\/v1\/wp-json\/wp\/v2\/comments?post=67470"}],"version-history":[{"count":1,"href":"https:\/\/www.cal.org.pe\/v1\/wp-json\/wp\/v2\/posts\/67470\/revisions"}],"predecessor-version":[{"id":67485,"href":"https:\/\/www.cal.org.pe\/v1\/wp-json\/wp\/v2\/posts\/67470\/revisions\/67485"}],"wp:featuredmedia":[{"embeddable":true,"href":"https:\/\/www.cal.org.pe\/v1\/wp-json\/wp\/v2\/media\/66420"}],"wp:attachment":[{"href":"https:\/\/www.cal.org.pe\/v1\/wp-json\/wp\/v2\/media?parent=67470"}],"wp:term":[{"taxonomy":"category","embeddable":true,"href":"https:\/\/www.cal.org.pe\/v1\/wp-json\/wp\/v2\/categories?post=67470"},{"taxonomy":"post_tag","embeddable":true,"href":"https:\/\/www.cal.org.pe\/v1\/wp-json\/wp\/v2\/tags?post=67470"}],"curies":[{"name":"wp","href":"https:\/\/api.w.org\/{rel}","templated":true}]}}