{"id":67219,"date":"2025-05-16T23:29:28","date_gmt":"2025-05-16T23:29:28","guid":{"rendered":"https:\/\/www.cal.org.pe\/v1\/?p=67219"},"modified":"2025-05-19T18:15:58","modified_gmt":"2025-05-19T18:15:58","slug":"convocatoria-proceso-de-eleccion-de-cargos-de-miembros-del-consejo-de-etica","status":"publish","type":"post","link":"https:\/\/www.cal.org.pe\/v1\/2025\/05\/16\/convocatoria-proceso-de-eleccion-de-cargos-de-miembros-del-consejo-de-etica\/","title":{"rendered":"CONVOCATORIA: PROCESO DE ELECCI\u00d3N DE CARGOS DE MIEMBROS DEL CONSEJO DE \u00c9TICA"},"content":{"rendered":"\n<p>Se hace de conocimiento a los miembros de la Orden, que decidan postular a la elecci\u00f3n como miembros del <strong>CONSEJO DE \u00c9TICA<\/strong> en concordancia con el Art. 14 Inc. B del Estatuto, deben cumplir con los siguientes requisitos:<\/p>\n\n\n\n<ol class=\"wp-block-list\">\n<li>Tener cinco (05) a\u00f1os de abogado colegiado.<\/li>\n\n\n\n<li>Se requiere tener estudios de Mag\u00edster.<\/li>\n\n\n\n<li>Ser abogado activo y h\u00e1bil (presentar Constancia de Habilidad).<\/li>\n\n\n\n<li>No haber ejercido cargo de Directivo del CAL en el per\u00edodo anterior.<\/li>\n\n\n\n<li>No podr\u00e1n ser candidatos los actuales miembros de la Junta Directiva, Junta de Vigilancia, Comit\u00e9 Electoral, Consejo de \u00c9tica y Delegados, miembros de Caja de Previsi\u00f3n Social y otros estamentos.<\/li>\n\n\n\n<li>No podr\u00e1n ser candidatos los que ejercieron el cargo en los diferentes estamentos en el per\u00edodo anterior.<\/li>\n\n\n\n<li>No haber sido trabajador o haber tenido v\u00ednculo laboral con el Colegio de Abogados de Lima, en el per\u00edodo anterior bajo ninguna modalidad.<\/li>\n\n\n\n<li>No haber sido sancionado disciplinariamente por la Orden.<\/li>\n\n\n\n<li>No estar sujeto a proceso disciplinario de acuerdo al Estatuto y Reglamento del CAL, ni a proceso judicial alguno.<\/li>\n\n\n\n<li>Presentar certificado y\/o Declaraci\u00f3n Jurada de no registrar antecedentes penales, judiciales, ni policiales.<\/li>\n\n\n\n<li>Declaraci\u00f3n Jurada de no tener sentencia por delito doloso.<\/li>\n\n\n\n<li>Declaraci\u00f3n Jurada de no estar en el registro de Deudores Alimentarios Morosos.<\/li>\n\n\n\n<li>Declaraci\u00f3n Jurada de no ser abogado dependiente de ninguna entidad p\u00fablica o privada con jornada completa de trabajo.<\/li>\n<\/ol>\n\n\n\n<p>Los postulantes deber\u00e1n presentar su Hoja de Vida resumida y en caso de los requisitos (4), (5), (6), (7), (8) y (9), s\u00f3lo una Declaraci\u00f3n Jurada simple; de detectarse con posterioridad a su elecci\u00f3n que la declaraci\u00f3n es falsa, ser\u00e1 causal de remoci\u00f3n del cargo sin perjuicio de interponer contra el infractor la denuncia penal correspondiente.<\/p>\n\n\n\n<p>Las tachas contra los candidatos deber\u00e1n ser presentadas debidamente fundamentadas y sustentadas con las pruebas pertinentes, v\u00eda moci\u00f3n s\u00f3lo el d\u00eda <strong>23 de mayo del 2025<\/strong>, en concordancia con el Art. 18 del Estatuto y el Reglamento de la Asamblea General, en caso de no ser debidamente improcedentes.<\/p>\n\n\n\n<p><strong>Los postulantes deber\u00e1n presentar su Hoja de Vida y cumplir con los requisitos establecidos en la Oficina de Mesa de Partes (f\u00edsica) del CAL hasta el 20 de mayo del 2025.<\/strong><\/p>\n\n\n\n<p><a href=\"https:\/\/www.cal.org.pe\/v1\/wp-content\/uploads\/2025\/05\/CRONOGRAMA-1.jpeg\" data-type=\"link\" data-id=\"https:\/\/www.cal.org.pe\/v1\/wp-content\/uploads\/2025\/05\/CRONOGRAMA-1.jpeg\">VER CRONOGRAMA<\/a><\/p>\n\n\n\n<p><strong>RA\u00daL CANO RABANAL<\/strong><br>Decano<\/p>\n\n\n\n<p><strong>TE\u00d3FILO NOA APARI<\/strong><br>Secretario General (e)<\/p>\n\n\n\n<p><em>Lima, 16 de mayo del 2025<\/em><\/p>\n\n\n\n<p><\/p>\n","protected":false},"excerpt":{"rendered":"<p>Se hace de conocimiento a los miembros de la Orden, que decidan postular a la elecci\u00f3n como miembros del CONSEJO DE \u00c9TICA en concordancia con el Art. 14 Inc. B del Estatuto, deben cumplir con los siguientes requisitos: Los postulantes deber\u00e1n presentar su Hoja de Vida resumida y en caso de los requisitos (4), (5), (6), (7), (8) y (9), s\u00f3lo una Declaraci\u00f3n Jurada simple; de detectarse con posterioridad a su elecci\u00f3n que la declaraci\u00f3n es falsa, ser\u00e1 causal de remoci\u00f3n del cargo sin perjuicio de interponer contra el infractor la denuncia penal correspondiente. Las tachas contra los candidatos deber\u00e1n ser presentadas debidamente fundamentadas y sustentadas con las pruebas pertinentes, v\u00eda moci\u00f3n s\u00f3lo el d\u00eda 23 de mayo del 2025, en concordancia con el Art. 18 del Estatuto y el Reglamento de la Asamblea General, en caso de no ser debidamente improcedentes. Los postulantes deber\u00e1n presentar su Hoja de Vida y cumplir con los requisitos establecidos en la Oficina de Mesa de Partes (f\u00edsica) del CAL hasta el 20 de mayo del 2025. VER CRONOGRAMA RA\u00daL CANO RABANALDecano TE\u00d3FILO NOA APARISecretario General (e) Lima, 16 de mayo del 2025<\/p>\n","protected":false},"author":3,"featured_media":66421,"comment_status":"closed","ping_status":"open","sticky":false,"template":"","format":"standard","meta":{"pagelayer_contact_templates":[],"_pagelayer_content":"","footnotes":""},"categories":[39],"tags":[45],"class_list":["post-67219","post","type-post","status-publish","format-standard","has-post-thumbnail","hentry","category-secretaria-general","tag-avisos"],"rttpg_featured_image_url":{"full":["https:\/\/www.cal.org.pe\/v1\/wp-content\/uploads\/2025\/04\/CONVOCATORIAS.jpg",800,500,false],"landscape":["https:\/\/www.cal.org.pe\/v1\/wp-content\/uploads\/2025\/04\/CONVOCATORIAS.jpg",800,500,false],"portraits":["https:\/\/www.cal.org.pe\/v1\/wp-content\/uploads\/2025\/04\/CONVOCATORIAS.jpg",800,500,false],"thumbnail":["https:\/\/www.cal.org.pe\/v1\/wp-content\/uploads\/2025\/04\/CONVOCATORIAS-150x150.jpg",150,150,true],"medium":["https:\/\/www.cal.org.pe\/v1\/wp-content\/uploads\/2025\/04\/CONVOCATORIAS-300x188.jpg",300,188,true],"large":["https:\/\/www.cal.org.pe\/v1\/wp-content\/uploads\/2025\/04\/CONVOCATORIAS.jpg",800,500,false],"1536x1536":["https:\/\/www.cal.org.pe\/v1\/wp-content\/uploads\/2025\/04\/CONVOCATORIAS.jpg",800,500,false],"2048x2048":["https:\/\/www.cal.org.pe\/v1\/wp-content\/uploads\/2025\/04\/CONVOCATORIAS.jpg",800,500,false]},"rttpg_author":{"display_name":"Prensa CAL","author_link":"https:\/\/www.cal.org.pe\/v1\/author\/prensa-cal\/"},"rttpg_comment":0,"rttpg_category":"<a href=\"https:\/\/www.cal.org.pe\/v1\/category\/secretaria-general\/\" rel=\"category tag\">Secretar\u00eda General<\/a>","rttpg_excerpt":"Se hace de conocimiento a los miembros de la Orden, que decidan postular a la elecci\u00f3n como miembros del CONSEJO DE \u00c9TICA en concordancia con el Art. 14 Inc. B del Estatuto, deben cumplir con los siguientes requisitos: Los postulantes deber\u00e1n presentar su Hoja de Vida resumida y en caso de los requisitos (4), (5),&hellip;","_links":{"self":[{"href":"https:\/\/www.cal.org.pe\/v1\/wp-json\/wp\/v2\/posts\/67219","targetHints":{"allow":["GET"]}}],"collection":[{"href":"https:\/\/www.cal.org.pe\/v1\/wp-json\/wp\/v2\/posts"}],"about":[{"href":"https:\/\/www.cal.org.pe\/v1\/wp-json\/wp\/v2\/types\/post"}],"author":[{"embeddable":true,"href":"https:\/\/www.cal.org.pe\/v1\/wp-json\/wp\/v2\/users\/3"}],"replies":[{"embeddable":true,"href":"https:\/\/www.cal.org.pe\/v1\/wp-json\/wp\/v2\/comments?post=67219"}],"version-history":[{"count":2,"href":"https:\/\/www.cal.org.pe\/v1\/wp-json\/wp\/v2\/posts\/67219\/revisions"}],"predecessor-version":[{"id":67239,"href":"https:\/\/www.cal.org.pe\/v1\/wp-json\/wp\/v2\/posts\/67219\/revisions\/67239"}],"wp:featuredmedia":[{"embeddable":true,"href":"https:\/\/www.cal.org.pe\/v1\/wp-json\/wp\/v2\/media\/66421"}],"wp:attachment":[{"href":"https:\/\/www.cal.org.pe\/v1\/wp-json\/wp\/v2\/media?parent=67219"}],"wp:term":[{"taxonomy":"category","embeddable":true,"href":"https:\/\/www.cal.org.pe\/v1\/wp-json\/wp\/v2\/categories?post=67219"},{"taxonomy":"post_tag","embeddable":true,"href":"https:\/\/www.cal.org.pe\/v1\/wp-json\/wp\/v2\/tags?post=67219"}],"curies":[{"name":"wp","href":"https:\/\/api.w.org\/{rel}","templated":true}]}}