{"id":66734,"date":"2025-04-29T22:07:51","date_gmt":"2025-04-29T22:07:51","guid":{"rendered":"https:\/\/www.cal.org.pe\/v1\/?p=66734"},"modified":"2025-04-29T22:07:52","modified_gmt":"2025-04-29T22:07:52","slug":"decano-del-cal-participa-en-jornadas-iberoamericanas-de-derecho-procesal-en-la-pucp","status":"publish","type":"post","link":"https:\/\/www.cal.org.pe\/v1\/2025\/04\/29\/decano-del-cal-participa-en-jornadas-iberoamericanas-de-derecho-procesal-en-la-pucp\/","title":{"rendered":"DECANO DEL CAL PARTICIPA EN JORNADAS IBEROAMERICANAS DE DERECHO PROCESAL EN LA PUCP"},"content":{"rendered":"\n<figure class=\"wp-block-image size-full\"><img fetchpriority=\"high\" decoding=\"async\" width=\"800\" height=\"500\" src=\"https:\/\/www.cal.org.pe\/v1\/wp-content\/uploads\/2025\/04\/NOTAS-DE-PRENSA.jpg\" alt=\"\" class=\"wp-image-66424\" srcset=\"https:\/\/www.cal.org.pe\/v1\/wp-content\/uploads\/2025\/04\/NOTAS-DE-PRENSA.jpg 800w, https:\/\/www.cal.org.pe\/v1\/wp-content\/uploads\/2025\/04\/NOTAS-DE-PRENSA-300x188.jpg 300w, https:\/\/www.cal.org.pe\/v1\/wp-content\/uploads\/2025\/04\/NOTAS-DE-PRENSA-768x480.jpg 768w\" sizes=\"(max-width: 800px) 100vw, 800px\" \/><\/figure>\n\n\n\n<p>El Decano del Colegio de Abogados de Lima, Ra\u00fal Canelo Rabanal, particip\u00f3 como ponente en las XXVIII Jornadas Iberoamericanas de Derecho Procesal, evento acad\u00e9mico de gran prestigio organizado por el Instituto Iberoamericano de Derecho Procesal, la Escuela de Posgrado de la PUCP, la Maestr\u00eda en Derecho Procesal y la Facultad de Derecho de la Pontificia Universidad Cat\u00f3lica del Per\u00fa. El encuentro reuni\u00f3 a m\u00e1s de 500 asistentes y cont\u00f3 con la presencia de m\u00e1s de 200 profesores expertos en materia procesal provenientes de Am\u00e9rica y Europa.<\/p>\n\n\n\n<p>Durante su exposici\u00f3n, Canelo Rabanal abord\u00f3 el tema \u201cProtecci\u00f3n de los derechos de los m\u00e1s vulnerables\u201d, haciendo una reflexi\u00f3n cr\u00edtica sobre los avances y desaf\u00edos de la ley de justicia itinerante en el Per\u00fa. Enfatiz\u00f3 que \u201cacercar la justicia a quienes m\u00e1s la necesitan no solo fortalece la institucionalidad, sino que dignifica al Estado de Derecho y refuerza la cohesi\u00f3n social\u201d.<\/p>\n\n\n\n<p>Asimismo, el Decano destac\u00f3 los beneficios de la justicia itinerante como herramienta de acceso real a los servicios judiciales para comunidades en situaci\u00f3n de vulnerabilidad, al tiempo que subray\u00f3 la necesidad de una implementaci\u00f3n m\u00e1s integral y sostenible de esta pol\u00edtica p\u00fablica, identificando a\u00fan falencias estructurales que deben ser corregidas.<\/p>\n\n\n\n<p>La participaci\u00f3n del Ra\u00fal Canelo en estas jornadas reafirma el compromiso del Colegio de Abogados de Lima con el fortalecimiento del sistema de justicia, el debate acad\u00e9mico y la promoci\u00f3n de reformas procesales que pongan en el centro a la persona humana.<\/p>\n\n\n\n<p>Lima, 29 de abril de 2025<\/p>\n","protected":false},"excerpt":{"rendered":"<p>El Decano del Colegio de Abogados de Lima, Ra\u00fal Canelo Rabanal, particip\u00f3 como ponente en las XXVIII Jornadas Iberoamericanas de Derecho Procesal, evento acad\u00e9mico de gran prestigio organizado por el Instituto Iberoamericano de Derecho Procesal, la Escuela de Posgrado de la PUCP, la Maestr\u00eda en Derecho Procesal y la Facultad de Derecho de la Pontificia Universidad Cat\u00f3lica del Per\u00fa. El encuentro reuni\u00f3 a m\u00e1s de 500 asistentes y cont\u00f3 con la presencia de m\u00e1s de 200 profesores expertos en materia procesal provenientes de Am\u00e9rica y Europa. Durante su exposici\u00f3n, Canelo Rabanal abord\u00f3 el tema \u201cProtecci\u00f3n de los derechos de los m\u00e1s vulnerables\u201d, haciendo una reflexi\u00f3n cr\u00edtica sobre los avances y desaf\u00edos de la ley de justicia itinerante en el Per\u00fa. Enfatiz\u00f3 que \u201cacercar la justicia a quienes m\u00e1s la necesitan no solo fortalece la institucionalidad, sino que dignifica al Estado de Derecho y refuerza la cohesi\u00f3n social\u201d. Asimismo, el Decano destac\u00f3 los beneficios de la justicia itinerante como herramienta de acceso real a los servicios judiciales para comunidades en situaci\u00f3n de vulnerabilidad, al tiempo que subray\u00f3 la necesidad de una implementaci\u00f3n m\u00e1s integral y sostenible de esta pol\u00edtica p\u00fablica, identificando a\u00fan falencias estructurales que deben ser corregidas. La participaci\u00f3n del Ra\u00fal Canelo en estas jornadas reafirma el compromiso del Colegio de Abogados de Lima con el fortalecimiento del sistema de justicia, el debate acad\u00e9mico y la promoci\u00f3n de reformas procesales que pongan en el centro a la persona humana. Lima, 29 de abril de 2025<\/p>\n","protected":false},"author":3,"featured_media":66424,"comment_status":"closed","ping_status":"open","sticky":false,"template":"","format":"standard","meta":{"pagelayer_contact_templates":[],"_pagelayer_content":"","footnotes":""},"categories":[13],"tags":[47],"class_list":["post-66734","post","type-post","status-publish","format-standard","has-post-thumbnail","hentry","category-decanato","tag-nota-de-prensa"],"rttpg_featured_image_url":{"full":["https:\/\/www.cal.org.pe\/v1\/wp-content\/uploads\/2025\/04\/NOTAS-DE-PRENSA.jpg",800,500,false],"landscape":["https:\/\/www.cal.org.pe\/v1\/wp-content\/uploads\/2025\/04\/NOTAS-DE-PRENSA.jpg",800,500,false],"portraits":["https:\/\/www.cal.org.pe\/v1\/wp-content\/uploads\/2025\/04\/NOTAS-DE-PRENSA.jpg",800,500,false],"thumbnail":["https:\/\/www.cal.org.pe\/v1\/wp-content\/uploads\/2025\/04\/NOTAS-DE-PRENSA-150x150.jpg",150,150,true],"medium":["https:\/\/www.cal.org.pe\/v1\/wp-content\/uploads\/2025\/04\/NOTAS-DE-PRENSA-300x188.jpg",300,188,true],"large":["https:\/\/www.cal.org.pe\/v1\/wp-content\/uploads\/2025\/04\/NOTAS-DE-PRENSA.jpg",800,500,false],"1536x1536":["https:\/\/www.cal.org.pe\/v1\/wp-content\/uploads\/2025\/04\/NOTAS-DE-PRENSA.jpg",800,500,false],"2048x2048":["https:\/\/www.cal.org.pe\/v1\/wp-content\/uploads\/2025\/04\/NOTAS-DE-PRENSA.jpg",800,500,false]},"rttpg_author":{"display_name":"Prensa CAL","author_link":"https:\/\/www.cal.org.pe\/v1\/author\/prensa-cal\/"},"rttpg_comment":0,"rttpg_category":"<a href=\"https:\/\/www.cal.org.pe\/v1\/category\/decanato\/\" rel=\"category tag\">Decanato<\/a>","rttpg_excerpt":"El Decano del Colegio de Abogados de Lima, Ra\u00fal Canelo Rabanal, particip\u00f3 como ponente en las XXVIII Jornadas Iberoamericanas de Derecho Procesal, evento acad\u00e9mico de gran prestigio organizado por el Instituto Iberoamericano de Derecho Procesal, la Escuela de Posgrado de la PUCP, la Maestr\u00eda en Derecho Procesal y la Facultad de Derecho de la Pontificia&hellip;","_links":{"self":[{"href":"https:\/\/www.cal.org.pe\/v1\/wp-json\/wp\/v2\/posts\/66734","targetHints":{"allow":["GET"]}}],"collection":[{"href":"https:\/\/www.cal.org.pe\/v1\/wp-json\/wp\/v2\/posts"}],"about":[{"href":"https:\/\/www.cal.org.pe\/v1\/wp-json\/wp\/v2\/types\/post"}],"author":[{"embeddable":true,"href":"https:\/\/www.cal.org.pe\/v1\/wp-json\/wp\/v2\/users\/3"}],"replies":[{"embeddable":true,"href":"https:\/\/www.cal.org.pe\/v1\/wp-json\/wp\/v2\/comments?post=66734"}],"version-history":[{"count":1,"href":"https:\/\/www.cal.org.pe\/v1\/wp-json\/wp\/v2\/posts\/66734\/revisions"}],"predecessor-version":[{"id":66737,"href":"https:\/\/www.cal.org.pe\/v1\/wp-json\/wp\/v2\/posts\/66734\/revisions\/66737"}],"wp:featuredmedia":[{"embeddable":true,"href":"https:\/\/www.cal.org.pe\/v1\/wp-json\/wp\/v2\/media\/66424"}],"wp:attachment":[{"href":"https:\/\/www.cal.org.pe\/v1\/wp-json\/wp\/v2\/media?parent=66734"}],"wp:term":[{"taxonomy":"category","embeddable":true,"href":"https:\/\/www.cal.org.pe\/v1\/wp-json\/wp\/v2\/categories?post=66734"},{"taxonomy":"post_tag","embeddable":true,"href":"https:\/\/www.cal.org.pe\/v1\/wp-json\/wp\/v2\/tags?post=66734"}],"curies":[{"name":"wp","href":"https:\/\/api.w.org\/{rel}","templated":true}]}}