{"id":65471,"date":"2025-03-13T19:40:54","date_gmt":"2025-03-13T19:40:54","guid":{"rendered":"https:\/\/www.cal.org.pe\/v1\/?p=65471"},"modified":"2025-03-13T19:40:55","modified_gmt":"2025-03-13T19:40:55","slug":"procesos-de-seleccion-de-personal-cas-corte-suprema-de-justicia-de-la-republica-3","status":"publish","type":"post","link":"https:\/\/www.cal.org.pe\/v1\/2025\/03\/13\/procesos-de-seleccion-de-personal-cas-corte-suprema-de-justicia-de-la-republica-3\/","title":{"rendered":"PROCESOS DE SELECCI\u00d3N DE PERSONAL CAS | CORTE SUPREMA DE JUSTICIA DE LA REP\u00daBLICA"},"content":{"rendered":"\n<p>El Comit\u00e9 de Selecci\u00f3n de Personal del Consejo Ejecutivo del Poder Judicial pone en<br>conocimiento el proceso de selecci\u00f3n de personal que se llevar\u00e1 a cabo para cubrir las siguientes<br>posiciones CAS:<\/p>\n\n\n\n<p><strong>PROCESO DE SELECCI\u00d3N DE PERSONAL CAS N.\u00b0 028-2025<\/strong><\/p>\n\n\n\n<ul class=\"wp-block-list\">\n<li><a href=\"https:\/\/www.cal.org.pe\/v1\/wp-content\/uploads\/2025\/03\/10683_AnuncioConvocatoria.pdf\" data-type=\"link\" data-id=\"https:\/\/www.cal.org.pe\/v1\/wp-content\/uploads\/2025\/03\/10683_AnuncioConvocatoria.pdf\">Anuncio<\/a><\/li>\n\n\n\n<li><a href=\"https:\/\/www.cal.org.pe\/v1\/wp-content\/uploads\/2025\/03\/10683_BasesConcurso.pdf\" data-type=\"link\" data-id=\"https:\/\/www.cal.org.pe\/v1\/wp-content\/uploads\/2025\/03\/10683_BasesConcurso.pdf\">Bases<\/a><\/li>\n\n\n\n<li><a href=\"https:\/\/www.cal.org.pe\/v1\/wp-content\/uploads\/2025\/03\/10683_Cronograma.pdf\" data-type=\"link\" data-id=\"https:\/\/www.cal.org.pe\/v1\/wp-content\/uploads\/2025\/03\/10683_Cronograma.pdf\">Cronograma<\/a><\/li>\n\n\n\n<li><a href=\"https:\/\/www.cal.org.pe\/v1\/wp-content\/uploads\/2025\/03\/10683_COMUNICADO-001-2025-MODIFICACION-DE-CRONOGRAMA-028-2025.pdf\" data-type=\"link\" data-id=\"https:\/\/www.cal.org.pe\/v1\/wp-content\/uploads\/2025\/03\/10683_COMUNICADO-001-2025-MODIFICACION-DE-CRONOGRAMA-028-2025.pdf\">COMUNICADO N\u00b0 001-2025<\/a><\/li>\n<\/ul>\n\n\n\n<p><strong>PROCESO DE SELECCI\u00d3N DE PERSONAL CAS N.\u00b0 029-2025<\/strong><\/p>\n\n\n\n<ul class=\"wp-block-list\">\n<li><a href=\"https:\/\/www.cal.org.pe\/v1\/wp-content\/uploads\/2025\/03\/10725_AnuncioConvocatoria.pdf\" data-type=\"link\" data-id=\"https:\/\/www.cal.org.pe\/v1\/wp-content\/uploads\/2025\/03\/10725_AnuncioConvocatoria.pdf\">Anuncio<\/a><\/li>\n\n\n\n<li><a href=\"https:\/\/www.cal.org.pe\/v1\/wp-content\/uploads\/2025\/03\/10725_BasesConcurso.pdf\" data-type=\"link\" data-id=\"https:\/\/www.cal.org.pe\/v1\/wp-content\/uploads\/2025\/03\/10725_BasesConcurso.pdf\">Bases<\/a><\/li>\n\n\n\n<li><a href=\"https:\/\/www.cal.org.pe\/v1\/wp-content\/uploads\/2025\/03\/10725_Cronograma.pdf\" data-type=\"link\" data-id=\"https:\/\/www.cal.org.pe\/v1\/wp-content\/uploads\/2025\/03\/10725_Cronograma.pdf\">Cronograma<\/a><\/li>\n<\/ul>\n\n\n\n<p><strong>PROCESO DE SELECCI\u00d3N DE PERSONAL CAS N.\u00b0 031-2025<\/strong><\/p>\n\n\n\n<ul class=\"wp-block-list\">\n<li><a href=\"https:\/\/www.cal.org.pe\/v1\/wp-content\/uploads\/2025\/03\/10738_AnuncioConvocatoria.pdf\" data-type=\"link\" data-id=\"https:\/\/www.cal.org.pe\/v1\/wp-content\/uploads\/2025\/03\/10738_AnuncioConvocatoria.pdf\">Anuncio<\/a><\/li>\n\n\n\n<li><a href=\"https:\/\/www.cal.org.pe\/v1\/wp-content\/uploads\/2025\/03\/10738_BasesConcurso.pdf\" data-type=\"link\" data-id=\"https:\/\/www.cal.org.pe\/v1\/wp-content\/uploads\/2025\/03\/10738_BasesConcurso.pdf\">Bases<\/a><\/li>\n\n\n\n<li><a href=\"https:\/\/www.cal.org.pe\/v1\/wp-content\/uploads\/2025\/03\/10738_Cronograma.pdf\" data-type=\"link\" data-id=\"https:\/\/www.cal.org.pe\/v1\/wp-content\/uploads\/2025\/03\/10738_Cronograma.pdf\">Cronograma<\/a><\/li>\n<\/ul>\n\n\n\n<p><strong>PROCESO DE SELECCI\u00d3N DE PERSONAL CAS N.\u00b0 034-2025<\/strong><\/p>\n\n\n\n<ul class=\"wp-block-list\">\n<li><a href=\"https:\/\/www.cal.org.pe\/v1\/wp-content\/uploads\/2025\/03\/10739_AnuncioConvocatoria.pdf\" data-type=\"link\" data-id=\"https:\/\/www.cal.org.pe\/v1\/wp-content\/uploads\/2025\/03\/10739_AnuncioConvocatoria.pdf\">Anuncio<\/a><\/li>\n\n\n\n<li><a href=\"https:\/\/www.cal.org.pe\/v1\/wp-content\/uploads\/2025\/03\/10739_BasesConcurso.pdf\" data-type=\"link\" data-id=\"https:\/\/www.cal.org.pe\/v1\/wp-content\/uploads\/2025\/03\/10739_BasesConcurso.pdf\">Bases<\/a><\/li>\n\n\n\n<li><a href=\"https:\/\/www.cal.org.pe\/v1\/wp-content\/uploads\/2025\/03\/10739_Cronograma.pdf\" data-type=\"link\" data-id=\"https:\/\/www.cal.org.pe\/v1\/wp-content\/uploads\/2025\/03\/10739_Cronograma.pdf\">Cronograma<\/a><\/li>\n<\/ul>\n\n\n\n<p><strong>PROCESO DE SELECCI\u00d3N DE PERSONAL CAS N.\u00b0 035-2025<\/strong><\/p>\n\n\n\n<ul class=\"wp-block-list\">\n<li><a href=\"https:\/\/www.cal.org.pe\/v1\/wp-content\/uploads\/2025\/03\/10741_AnuncioConvocatoria.pdf\" data-type=\"link\" data-id=\"https:\/\/www.cal.org.pe\/v1\/wp-content\/uploads\/2025\/03\/10741_AnuncioConvocatoria.pdf\">Anuncio<\/a><\/li>\n\n\n\n<li><a href=\"https:\/\/www.cal.org.pe\/v1\/wp-content\/uploads\/2025\/03\/10741_BasesConcurso.pdf\" data-type=\"link\" data-id=\"https:\/\/www.cal.org.pe\/v1\/wp-content\/uploads\/2025\/03\/10741_BasesConcurso.pdf\">Bases<\/a><\/li>\n\n\n\n<li><a href=\"https:\/\/www.cal.org.pe\/v1\/wp-content\/uploads\/2025\/03\/10741_Cronograma.pdf\" data-type=\"link\" data-id=\"https:\/\/www.cal.org.pe\/v1\/wp-content\/uploads\/2025\/03\/10741_Cronograma.pdf\">Cronograma<\/a><\/li>\n<\/ul>\n\n\n\n<p><strong>PROCESO DE SELECCI\u00d3N DE PERSONAL CAS N.\u00b0 037-2025<\/strong><\/p>\n\n\n\n<ul class=\"wp-block-list\">\n<li><a href=\"https:\/\/www.cal.org.pe\/v1\/wp-content\/uploads\/2025\/03\/10744_AnuncioConvocatoria.pdf\" data-type=\"link\" data-id=\"https:\/\/www.cal.org.pe\/v1\/wp-content\/uploads\/2025\/03\/10744_AnuncioConvocatoria.pdf\">Anuncio<\/a><\/li>\n\n\n\n<li><a href=\"https:\/\/www.cal.org.pe\/v1\/wp-content\/uploads\/2025\/03\/10744_BasesConcurso.pdf\" data-type=\"link\" data-id=\"https:\/\/www.cal.org.pe\/v1\/wp-content\/uploads\/2025\/03\/10744_BasesConcurso.pdf\">Bases<\/a><\/li>\n\n\n\n<li><a href=\"https:\/\/www.cal.org.pe\/v1\/wp-content\/uploads\/2025\/03\/10744_Cronograma.pdf\" data-type=\"link\" data-id=\"https:\/\/www.cal.org.pe\/v1\/wp-content\/uploads\/2025\/03\/10744_Cronograma.pdf\">Cronograma<\/a><\/li>\n<\/ul>\n\n\n\n<p><\/p>\n","protected":false},"excerpt":{"rendered":"<p>El Comit\u00e9 de Selecci\u00f3n de Personal del Consejo Ejecutivo del Poder Judicial pone enconocimiento el proceso de selecci\u00f3n de personal que se llevar\u00e1 a cabo para cubrir las siguientesposiciones CAS: PROCESO DE SELECCI\u00d3N DE PERSONAL CAS N.\u00b0 028-2025 PROCESO DE SELECCI\u00d3N DE PERSONAL CAS N.\u00b0 029-2025 PROCESO DE SELECCI\u00d3N DE PERSONAL CAS N.\u00b0 031-2025 PROCESO DE SELECCI\u00d3N DE PERSONAL CAS N.\u00b0 034-2025 PROCESO DE SELECCI\u00d3N DE PERSONAL CAS N.\u00b0 035-2025 PROCESO DE SELECCI\u00d3N DE PERSONAL CAS N.\u00b0 037-2025<\/p>\n","protected":false},"author":3,"featured_media":64175,"comment_status":"open","ping_status":"open","sticky":false,"template":"","format":"standard","meta":{"pagelayer_contact_templates":[],"_pagelayer_content":"","footnotes":""},"categories":[46],"tags":[],"class_list":["post-65471","post","type-post","status-publish","format-standard","has-post-thumbnail","hentry","category-bolsa-de-trabajo"],"rttpg_featured_image_url":{"full":["https:\/\/www.cal.org.pe\/v1\/wp-content\/uploads\/2025\/02\/PORTADAS-WEB-IMG.jpg",800,500,false],"landscape":["https:\/\/www.cal.org.pe\/v1\/wp-content\/uploads\/2025\/02\/PORTADAS-WEB-IMG.jpg",800,500,false],"portraits":["https:\/\/www.cal.org.pe\/v1\/wp-content\/uploads\/2025\/02\/PORTADAS-WEB-IMG.jpg",800,500,false],"thumbnail":["https:\/\/www.cal.org.pe\/v1\/wp-content\/uploads\/2025\/02\/PORTADAS-WEB-IMG-150x150.jpg",150,150,true],"medium":["https:\/\/www.cal.org.pe\/v1\/wp-content\/uploads\/2025\/02\/PORTADAS-WEB-IMG-300x188.jpg",300,188,true],"large":["https:\/\/www.cal.org.pe\/v1\/wp-content\/uploads\/2025\/02\/PORTADAS-WEB-IMG.jpg",800,500,false],"1536x1536":["https:\/\/www.cal.org.pe\/v1\/wp-content\/uploads\/2025\/02\/PORTADAS-WEB-IMG.jpg",800,500,false],"2048x2048":["https:\/\/www.cal.org.pe\/v1\/wp-content\/uploads\/2025\/02\/PORTADAS-WEB-IMG.jpg",800,500,false]},"rttpg_author":{"display_name":"Prensa CAL","author_link":"https:\/\/www.cal.org.pe\/v1\/author\/prensa-cal\/"},"rttpg_comment":1,"rttpg_category":"<a href=\"https:\/\/www.cal.org.pe\/v1\/category\/bolsa-de-trabajo\/\" rel=\"category tag\">Bolsa de Trabajo<\/a>","rttpg_excerpt":"El Comit\u00e9 de Selecci\u00f3n de Personal del Consejo Ejecutivo del Poder Judicial pone enconocimiento el proceso de selecci\u00f3n de personal que se llevar\u00e1 a cabo para cubrir las siguientesposiciones CAS: PROCESO DE SELECCI\u00d3N DE PERSONAL CAS N.\u00b0 028-2025 PROCESO DE SELECCI\u00d3N DE PERSONAL CAS N.\u00b0 029-2025 PROCESO DE SELECCI\u00d3N DE PERSONAL CAS N.\u00b0 031-2025 PROCESO&hellip;","_links":{"self":[{"href":"https:\/\/www.cal.org.pe\/v1\/wp-json\/wp\/v2\/posts\/65471","targetHints":{"allow":["GET"]}}],"collection":[{"href":"https:\/\/www.cal.org.pe\/v1\/wp-json\/wp\/v2\/posts"}],"about":[{"href":"https:\/\/www.cal.org.pe\/v1\/wp-json\/wp\/v2\/types\/post"}],"author":[{"embeddable":true,"href":"https:\/\/www.cal.org.pe\/v1\/wp-json\/wp\/v2\/users\/3"}],"replies":[{"embeddable":true,"href":"https:\/\/www.cal.org.pe\/v1\/wp-json\/wp\/v2\/comments?post=65471"}],"version-history":[{"count":1,"href":"https:\/\/www.cal.org.pe\/v1\/wp-json\/wp\/v2\/posts\/65471\/revisions"}],"predecessor-version":[{"id":65489,"href":"https:\/\/www.cal.org.pe\/v1\/wp-json\/wp\/v2\/posts\/65471\/revisions\/65489"}],"wp:featuredmedia":[{"embeddable":true,"href":"https:\/\/www.cal.org.pe\/v1\/wp-json\/wp\/v2\/media\/64175"}],"wp:attachment":[{"href":"https:\/\/www.cal.org.pe\/v1\/wp-json\/wp\/v2\/media?parent=65471"}],"wp:term":[{"taxonomy":"category","embeddable":true,"href":"https:\/\/www.cal.org.pe\/v1\/wp-json\/wp\/v2\/categories?post=65471"},{"taxonomy":"post_tag","embeddable":true,"href":"https:\/\/www.cal.org.pe\/v1\/wp-json\/wp\/v2\/tags?post=65471"}],"curies":[{"name":"wp","href":"https:\/\/api.w.org\/{rel}","templated":true}]}}