{"id":65456,"date":"2025-03-13T16:46:57","date_gmt":"2025-03-13T16:46:57","guid":{"rendered":"https:\/\/www.cal.org.pe\/v1\/?p=65456"},"modified":"2025-03-13T16:46:57","modified_gmt":"2025-03-13T16:46:57","slug":"procesos-de-seleccion-de-personal-cas-pge","status":"publish","type":"post","link":"https:\/\/www.cal.org.pe\/v1\/2025\/03\/13\/procesos-de-seleccion-de-personal-cas-pge\/","title":{"rendered":"PROCESOS DE SELECCI\u00d3N DE PERSONAL CAS &#8211; PGE"},"content":{"rendered":"\n<p>Tengo el agrado de dirigirme a ustedes, y al mismo tiempo hacer de su<br>conocimiento que la Procuradur\u00eda General del Estado se encuentra realizando<br>convocatorias de procesos de selecci\u00f3n de personal bajo el Decreto Legislativo<br>N\u00b01057 CAS, seg\u00fan el siguiente detalle:<\/p>\n\n\n\n<figure class=\"wp-block-image size-full\"><img fetchpriority=\"high\" decoding=\"async\" width=\"662\" height=\"742\" src=\"https:\/\/www.cal.org.pe\/v1\/wp-content\/uploads\/2025\/03\/puestos1.jpg\" alt=\"\" class=\"wp-image-65457\" srcset=\"https:\/\/www.cal.org.pe\/v1\/wp-content\/uploads\/2025\/03\/puestos1.jpg 662w, https:\/\/www.cal.org.pe\/v1\/wp-content\/uploads\/2025\/03\/puestos1-268x300.jpg 268w\" sizes=\"(max-width: 662px) 100vw, 662px\" \/><\/figure>\n\n\n\n<p>Cabe precisar que la informaci\u00f3n adicional de los procesos de selecci\u00f3n que<br>convoca la PGE puede ser revisada en el portal institucional ingresando al<br>siguiente link: <a href=\"https:\/\/convocas.pge.gob.pe\/\">https:\/\/convocas.pge.gob.pe\/<\/a><\/p>\n\n\n\n<p><\/p>\n","protected":false},"excerpt":{"rendered":"<p>Tengo el agrado de dirigirme a ustedes, y al mismo tiempo hacer de suconocimiento que la Procuradur\u00eda General del Estado se encuentra realizandoconvocatorias de procesos de selecci\u00f3n de personal bajo el Decreto LegislativoN\u00b01057 CAS, seg\u00fan el siguiente detalle: Cabe precisar que la informaci\u00f3n adicional de los procesos de selecci\u00f3n queconvoca la PGE puede ser revisada en el portal institucional ingresando alsiguiente link: https:\/\/convocas.pge.gob.pe\/<\/p>\n","protected":false},"author":3,"featured_media":64175,"comment_status":"open","ping_status":"open","sticky":false,"template":"","format":"standard","meta":{"pagelayer_contact_templates":[],"_pagelayer_content":"","footnotes":""},"categories":[46],"tags":[],"class_list":["post-65456","post","type-post","status-publish","format-standard","has-post-thumbnail","hentry","category-bolsa-de-trabajo"],"rttpg_featured_image_url":{"full":["https:\/\/www.cal.org.pe\/v1\/wp-content\/uploads\/2025\/02\/PORTADAS-WEB-IMG.jpg",800,500,false],"landscape":["https:\/\/www.cal.org.pe\/v1\/wp-content\/uploads\/2025\/02\/PORTADAS-WEB-IMG.jpg",800,500,false],"portraits":["https:\/\/www.cal.org.pe\/v1\/wp-content\/uploads\/2025\/02\/PORTADAS-WEB-IMG.jpg",800,500,false],"thumbnail":["https:\/\/www.cal.org.pe\/v1\/wp-content\/uploads\/2025\/02\/PORTADAS-WEB-IMG-150x150.jpg",150,150,true],"medium":["https:\/\/www.cal.org.pe\/v1\/wp-content\/uploads\/2025\/02\/PORTADAS-WEB-IMG-300x188.jpg",300,188,true],"large":["https:\/\/www.cal.org.pe\/v1\/wp-content\/uploads\/2025\/02\/PORTADAS-WEB-IMG.jpg",800,500,false],"1536x1536":["https:\/\/www.cal.org.pe\/v1\/wp-content\/uploads\/2025\/02\/PORTADAS-WEB-IMG.jpg",800,500,false],"2048x2048":["https:\/\/www.cal.org.pe\/v1\/wp-content\/uploads\/2025\/02\/PORTADAS-WEB-IMG.jpg",800,500,false]},"rttpg_author":{"display_name":"Prensa CAL","author_link":"https:\/\/www.cal.org.pe\/v1\/author\/prensa-cal\/"},"rttpg_comment":0,"rttpg_category":"<a href=\"https:\/\/www.cal.org.pe\/v1\/category\/bolsa-de-trabajo\/\" rel=\"category tag\">Bolsa de Trabajo<\/a>","rttpg_excerpt":"Tengo el agrado de dirigirme a ustedes, y al mismo tiempo hacer de suconocimiento que la Procuradur\u00eda General del Estado se encuentra realizandoconvocatorias de procesos de selecci\u00f3n de personal bajo el Decreto LegislativoN\u00b01057 CAS, seg\u00fan el siguiente detalle: Cabe precisar que la informaci\u00f3n adicional de los procesos de selecci\u00f3n queconvoca la PGE puede ser revisada&hellip;","_links":{"self":[{"href":"https:\/\/www.cal.org.pe\/v1\/wp-json\/wp\/v2\/posts\/65456","targetHints":{"allow":["GET"]}}],"collection":[{"href":"https:\/\/www.cal.org.pe\/v1\/wp-json\/wp\/v2\/posts"}],"about":[{"href":"https:\/\/www.cal.org.pe\/v1\/wp-json\/wp\/v2\/types\/post"}],"author":[{"embeddable":true,"href":"https:\/\/www.cal.org.pe\/v1\/wp-json\/wp\/v2\/users\/3"}],"replies":[{"embeddable":true,"href":"https:\/\/www.cal.org.pe\/v1\/wp-json\/wp\/v2\/comments?post=65456"}],"version-history":[{"count":1,"href":"https:\/\/www.cal.org.pe\/v1\/wp-json\/wp\/v2\/posts\/65456\/revisions"}],"predecessor-version":[{"id":65458,"href":"https:\/\/www.cal.org.pe\/v1\/wp-json\/wp\/v2\/posts\/65456\/revisions\/65458"}],"wp:featuredmedia":[{"embeddable":true,"href":"https:\/\/www.cal.org.pe\/v1\/wp-json\/wp\/v2\/media\/64175"}],"wp:attachment":[{"href":"https:\/\/www.cal.org.pe\/v1\/wp-json\/wp\/v2\/media?parent=65456"}],"wp:term":[{"taxonomy":"category","embeddable":true,"href":"https:\/\/www.cal.org.pe\/v1\/wp-json\/wp\/v2\/categories?post=65456"},{"taxonomy":"post_tag","embeddable":true,"href":"https:\/\/www.cal.org.pe\/v1\/wp-json\/wp\/v2\/tags?post=65456"}],"curies":[{"name":"wp","href":"https:\/\/api.w.org\/{rel}","templated":true}]}}