{"id":65301,"date":"2025-03-07T22:15:37","date_gmt":"2025-03-07T22:15:37","guid":{"rendered":"https:\/\/www.cal.org.pe\/v1\/?p=65301"},"modified":"2025-03-07T22:15:37","modified_gmt":"2025-03-07T22:15:37","slug":"feria-de-actividades-por-el-dia-de-la-mujer","status":"publish","type":"post","link":"https:\/\/www.cal.org.pe\/v1\/2025\/03\/07\/feria-de-actividades-por-el-dia-de-la-mujer\/","title":{"rendered":"Feria de Actividades por el D\u00eda de la Mujer"},"content":{"rendered":"\n<figure class=\"wp-block-image size-full\"><img fetchpriority=\"high\" decoding=\"async\" width=\"800\" height=\"500\" src=\"https:\/\/www.cal.org.pe\/v1\/wp-content\/uploads\/2024\/11\/NOTAS-DE-PRENSA.jpg\" alt=\"\" class=\"wp-image-62300\" srcset=\"https:\/\/www.cal.org.pe\/v1\/wp-content\/uploads\/2024\/11\/NOTAS-DE-PRENSA.jpg 800w, https:\/\/www.cal.org.pe\/v1\/wp-content\/uploads\/2024\/11\/NOTAS-DE-PRENSA-300x188.jpg 300w, https:\/\/www.cal.org.pe\/v1\/wp-content\/uploads\/2024\/11\/NOTAS-DE-PRENSA-768x480.jpg 768w\" sizes=\"(max-width: 800px) 100vw, 800px\" \/><\/figure>\n\n\n\n<p>El d\u00eda mi\u00e9rcoles 5 de marzo del presente a\u00f1o, se dio inicio a la Feria de Actividades por el D\u00eda de la Mujer, evento organizado por la Corte <a><\/a>Superior de Justicia de Lima en coordinaci\u00f3n con la Direcci\u00f3n de Extensi\u00f3n Social y Participaci\u00f3n del Colegio de Abogados de Lima, a cargo del Dr. Juan Humberto Quir\u00f3z Rosas, y otras instituciones como el Ministerio de Justicia, Jurado Nacional de Elecciones, Polic\u00eda Nacional del Per\u00fa y el Programa Aurora del Ministerio de la Mujer.<\/p>\n\n\n\n<p>Este magno evento se contin\u00faa desarrollando los d\u00edas 6 y 7 de marzo del presente a\u00f1o en las tres sedes del Poder Judicial de manera simult\u00e1nea (Sede Alzamora Valdez, Sede Anselmo Barreto y Sede Miroquesada), con la participaci\u00f3n de las Defensoras Sociales Ad Honorem (Abog. Natividad Flores Contreras, Abog. Alinda Benjamina Hern\u00e1ndez Tagle, Abog. Teresa de Jes\u00fas Utrilla Ruiz, Abog. Jaguinet Romero Ames, Abog. Luz Crizeida \u00c1vila Balde\u00f3n, Abog. Agnez Irene Ch\u00e1vez Cisneros y Abog. July Evelyn Savero Cotera), as\u00ed como del equipo de la Direcci\u00f3n (Abog. Rosa Alejandrina S\u00e1nchez Taza \u2013 Coordinadora, Abog. Carla Fiorella Milla Dom\u00ednguez &#8211; Coordinadora y la Abog. Sof\u00eda Nayloo Rubio Escalante \u2013 Asesora).<\/p>\n\n\n\n<p>Lima, 5 de marzo de 2025<\/p>\n","protected":false},"excerpt":{"rendered":"<p>El d\u00eda mi\u00e9rcoles 5 de marzo del presente a\u00f1o, se dio inicio a la Feria de Actividades por el D\u00eda de la Mujer, evento organizado por la Corte Superior de Justicia de Lima en coordinaci\u00f3n con la Direcci\u00f3n de Extensi\u00f3n Social y Participaci\u00f3n del Colegio de Abogados de Lima, a cargo del Dr. Juan Humberto Quir\u00f3z Rosas, y otras instituciones como el Ministerio de Justicia, Jurado Nacional de Elecciones, Polic\u00eda Nacional del Per\u00fa y el Programa Aurora del Ministerio de la Mujer. Este magno evento se contin\u00faa desarrollando los d\u00edas 6 y 7 de marzo del presente a\u00f1o en las tres sedes del Poder Judicial de manera simult\u00e1nea (Sede Alzamora Valdez, Sede Anselmo Barreto y Sede Miroquesada), con la participaci\u00f3n de las Defensoras Sociales Ad Honorem (Abog. Natividad Flores Contreras, Abog. Alinda Benjamina Hern\u00e1ndez Tagle, Abog. Teresa de Jes\u00fas Utrilla Ruiz, Abog. Jaguinet Romero Ames, Abog. Luz Crizeida \u00c1vila Balde\u00f3n, Abog. Agnez Irene Ch\u00e1vez Cisneros y Abog. July Evelyn Savero Cotera), as\u00ed como del equipo de la Direcci\u00f3n (Abog. Rosa Alejandrina S\u00e1nchez Taza \u2013 Coordinadora, Abog. Carla Fiorella Milla Dom\u00ednguez &#8211; Coordinadora y la Abog. Sof\u00eda Nayloo Rubio Escalante \u2013 Asesora). Lima, 5 de marzo de 2025<\/p>\n","protected":false},"author":3,"featured_media":62300,"comment_status":"closed","ping_status":"open","sticky":false,"template":"","format":"standard","meta":{"pagelayer_contact_templates":[],"_pagelayer_content":"","footnotes":""},"categories":[22],"tags":[47],"class_list":["post-65301","post","type-post","status-publish","format-standard","has-post-thumbnail","hentry","category-direccion-de-extension-social-y-participacion","tag-nota-de-prensa"],"rttpg_featured_image_url":{"full":["https:\/\/www.cal.org.pe\/v1\/wp-content\/uploads\/2024\/11\/NOTAS-DE-PRENSA.jpg",800,500,false],"landscape":["https:\/\/www.cal.org.pe\/v1\/wp-content\/uploads\/2024\/11\/NOTAS-DE-PRENSA.jpg",800,500,false],"portraits":["https:\/\/www.cal.org.pe\/v1\/wp-content\/uploads\/2024\/11\/NOTAS-DE-PRENSA.jpg",800,500,false],"thumbnail":["https:\/\/www.cal.org.pe\/v1\/wp-content\/uploads\/2024\/11\/NOTAS-DE-PRENSA-150x150.jpg",150,150,true],"medium":["https:\/\/www.cal.org.pe\/v1\/wp-content\/uploads\/2024\/11\/NOTAS-DE-PRENSA-300x188.jpg",300,188,true],"large":["https:\/\/www.cal.org.pe\/v1\/wp-content\/uploads\/2024\/11\/NOTAS-DE-PRENSA.jpg",800,500,false],"1536x1536":["https:\/\/www.cal.org.pe\/v1\/wp-content\/uploads\/2024\/11\/NOTAS-DE-PRENSA.jpg",800,500,false],"2048x2048":["https:\/\/www.cal.org.pe\/v1\/wp-content\/uploads\/2024\/11\/NOTAS-DE-PRENSA.jpg",800,500,false]},"rttpg_author":{"display_name":"Prensa CAL","author_link":"https:\/\/www.cal.org.pe\/v1\/author\/prensa-cal\/"},"rttpg_comment":0,"rttpg_category":"<a href=\"https:\/\/www.cal.org.pe\/v1\/category\/direccion-de-extension-social-y-participacion\/\" rel=\"category tag\">Direcci\u00f3n de Extensi\u00f3n Social y Participaci\u00f3n<\/a>","rttpg_excerpt":"El d\u00eda mi\u00e9rcoles 5 de marzo del presente a\u00f1o, se dio inicio a la Feria de Actividades por el D\u00eda de la Mujer, evento organizado por la Corte Superior de Justicia de Lima en coordinaci\u00f3n con la Direcci\u00f3n de Extensi\u00f3n Social y Participaci\u00f3n del Colegio de Abogados de Lima, a cargo del Dr. Juan Humberto&hellip;","_links":{"self":[{"href":"https:\/\/www.cal.org.pe\/v1\/wp-json\/wp\/v2\/posts\/65301","targetHints":{"allow":["GET"]}}],"collection":[{"href":"https:\/\/www.cal.org.pe\/v1\/wp-json\/wp\/v2\/posts"}],"about":[{"href":"https:\/\/www.cal.org.pe\/v1\/wp-json\/wp\/v2\/types\/post"}],"author":[{"embeddable":true,"href":"https:\/\/www.cal.org.pe\/v1\/wp-json\/wp\/v2\/users\/3"}],"replies":[{"embeddable":true,"href":"https:\/\/www.cal.org.pe\/v1\/wp-json\/wp\/v2\/comments?post=65301"}],"version-history":[{"count":1,"href":"https:\/\/www.cal.org.pe\/v1\/wp-json\/wp\/v2\/posts\/65301\/revisions"}],"predecessor-version":[{"id":65306,"href":"https:\/\/www.cal.org.pe\/v1\/wp-json\/wp\/v2\/posts\/65301\/revisions\/65306"}],"wp:featuredmedia":[{"embeddable":true,"href":"https:\/\/www.cal.org.pe\/v1\/wp-json\/wp\/v2\/media\/62300"}],"wp:attachment":[{"href":"https:\/\/www.cal.org.pe\/v1\/wp-json\/wp\/v2\/media?parent=65301"}],"wp:term":[{"taxonomy":"category","embeddable":true,"href":"https:\/\/www.cal.org.pe\/v1\/wp-json\/wp\/v2\/categories?post=65301"},{"taxonomy":"post_tag","embeddable":true,"href":"https:\/\/www.cal.org.pe\/v1\/wp-json\/wp\/v2\/tags?post=65301"}],"curies":[{"name":"wp","href":"https:\/\/api.w.org\/{rel}","templated":true}]}}