{"id":65283,"date":"2025-03-07T17:51:59","date_gmt":"2025-03-07T17:51:59","guid":{"rendered":"https:\/\/www.cal.org.pe\/v1\/?p=65283"},"modified":"2025-03-07T17:51:59","modified_gmt":"2025-03-07T17:51:59","slug":"feliz-dia-de-la-mujer","status":"publish","type":"post","link":"https:\/\/www.cal.org.pe\/v1\/2025\/03\/07\/feliz-dia-de-la-mujer\/","title":{"rendered":"\u00a1FELIZ D\u00cdA DE LA MUJER!"},"content":{"rendered":"\n<figure class=\"wp-block-image size-large\"><img fetchpriority=\"high\" decoding=\"async\" width=\"1024\" height=\"940\" src=\"https:\/\/www.cal.org.pe\/v1\/wp-content\/uploads\/2025\/03\/482082600_1076101154553038_8847929809021043341_n-1024x940.jpg\" alt=\"\" class=\"wp-image-65284\" srcset=\"https:\/\/www.cal.org.pe\/v1\/wp-content\/uploads\/2025\/03\/482082600_1076101154553038_8847929809021043341_n-1024x940.jpg 1024w, https:\/\/www.cal.org.pe\/v1\/wp-content\/uploads\/2025\/03\/482082600_1076101154553038_8847929809021043341_n-300x275.jpg 300w, https:\/\/www.cal.org.pe\/v1\/wp-content\/uploads\/2025\/03\/482082600_1076101154553038_8847929809021043341_n-768x705.jpg 768w, https:\/\/www.cal.org.pe\/v1\/wp-content\/uploads\/2025\/03\/482082600_1076101154553038_8847929809021043341_n-1536x1410.jpg 1536w, https:\/\/www.cal.org.pe\/v1\/wp-content\/uploads\/2025\/03\/482082600_1076101154553038_8847929809021043341_n.jpg 1550w\" sizes=\"(max-width: 1024px) 100vw, 1024px\" \/><\/figure>\n\n\n\n<p>\ud83e\ude77\u2728 D\u00eda Internacional de la Mujer \u2728\ud83e\ude77 El Colegio de Abogados de Lima rinde homenaje a todas las mujeres abogadas que, con su talento, esfuerzo y compromiso, contribuyen d\u00eda a d\u00eda a la defensa de la justicia y los derechos fundamentales.<br>Su liderazgo y dedicaci\u00f3n son pilares fundamentales para construir una sociedad m\u00e1s equitativa y con mayor acceso a la justicia. \u00a1Feliz d\u00eda! \ud83d\udc9c\u2696\ufe0f<\/p>\n","protected":false},"excerpt":{"rendered":"<p>\ud83e\ude77\u2728 D\u00eda Internacional de la Mujer \u2728\ud83e\ude77 El Colegio de Abogados de Lima rinde homenaje a todas las mujeres abogadas que, con su talento, esfuerzo y compromiso, contribuyen d\u00eda a d\u00eda a la defensa de la justicia y los derechos fundamentales.Su liderazgo y dedicaci\u00f3n son pilares fundamentales para construir una sociedad m\u00e1s equitativa y con mayor acceso a la justicia. \u00a1Feliz d\u00eda! \ud83d\udc9c\u2696\ufe0f<\/p>\n","protected":false},"author":3,"featured_media":62294,"comment_status":"closed","ping_status":"open","sticky":false,"template":"","format":"standard","meta":{"pagelayer_contact_templates":[],"_pagelayer_content":"","footnotes":""},"categories":[13],"tags":[45],"class_list":["post-65283","post","type-post","status-publish","format-standard","has-post-thumbnail","hentry","category-decanato","tag-avisos"],"rttpg_featured_image_url":{"full":["https:\/\/www.cal.org.pe\/v1\/wp-content\/uploads\/2024\/11\/AVISOS.jpg",800,500,false],"landscape":["https:\/\/www.cal.org.pe\/v1\/wp-content\/uploads\/2024\/11\/AVISOS.jpg",800,500,false],"portraits":["https:\/\/www.cal.org.pe\/v1\/wp-content\/uploads\/2024\/11\/AVISOS.jpg",800,500,false],"thumbnail":["https:\/\/www.cal.org.pe\/v1\/wp-content\/uploads\/2024\/11\/AVISOS-150x150.jpg",150,150,true],"medium":["https:\/\/www.cal.org.pe\/v1\/wp-content\/uploads\/2024\/11\/AVISOS-300x188.jpg",300,188,true],"large":["https:\/\/www.cal.org.pe\/v1\/wp-content\/uploads\/2024\/11\/AVISOS.jpg",800,500,false],"1536x1536":["https:\/\/www.cal.org.pe\/v1\/wp-content\/uploads\/2024\/11\/AVISOS.jpg",800,500,false],"2048x2048":["https:\/\/www.cal.org.pe\/v1\/wp-content\/uploads\/2024\/11\/AVISOS.jpg",800,500,false]},"rttpg_author":{"display_name":"Prensa CAL","author_link":"https:\/\/www.cal.org.pe\/v1\/author\/prensa-cal\/"},"rttpg_comment":0,"rttpg_category":"<a href=\"https:\/\/www.cal.org.pe\/v1\/category\/decanato\/\" rel=\"category tag\">Decanato<\/a>","rttpg_excerpt":"\ud83e\ude77\u2728 D\u00eda Internacional de la Mujer \u2728\ud83e\ude77 El Colegio de Abogados de Lima rinde homenaje a todas las mujeres abogadas que, con su talento, esfuerzo y compromiso, contribuyen d\u00eda a d\u00eda a la defensa de la justicia y los derechos fundamentales.Su liderazgo y dedicaci\u00f3n son pilares fundamentales para construir una sociedad m\u00e1s equitativa y con&hellip;","_links":{"self":[{"href":"https:\/\/www.cal.org.pe\/v1\/wp-json\/wp\/v2\/posts\/65283","targetHints":{"allow":["GET"]}}],"collection":[{"href":"https:\/\/www.cal.org.pe\/v1\/wp-json\/wp\/v2\/posts"}],"about":[{"href":"https:\/\/www.cal.org.pe\/v1\/wp-json\/wp\/v2\/types\/post"}],"author":[{"embeddable":true,"href":"https:\/\/www.cal.org.pe\/v1\/wp-json\/wp\/v2\/users\/3"}],"replies":[{"embeddable":true,"href":"https:\/\/www.cal.org.pe\/v1\/wp-json\/wp\/v2\/comments?post=65283"}],"version-history":[{"count":1,"href":"https:\/\/www.cal.org.pe\/v1\/wp-json\/wp\/v2\/posts\/65283\/revisions"}],"predecessor-version":[{"id":65287,"href":"https:\/\/www.cal.org.pe\/v1\/wp-json\/wp\/v2\/posts\/65283\/revisions\/65287"}],"wp:featuredmedia":[{"embeddable":true,"href":"https:\/\/www.cal.org.pe\/v1\/wp-json\/wp\/v2\/media\/62294"}],"wp:attachment":[{"href":"https:\/\/www.cal.org.pe\/v1\/wp-json\/wp\/v2\/media?parent=65283"}],"wp:term":[{"taxonomy":"category","embeddable":true,"href":"https:\/\/www.cal.org.pe\/v1\/wp-json\/wp\/v2\/categories?post=65283"},{"taxonomy":"post_tag","embeddable":true,"href":"https:\/\/www.cal.org.pe\/v1\/wp-json\/wp\/v2\/tags?post=65283"}],"curies":[{"name":"wp","href":"https:\/\/api.w.org\/{rel}","templated":true}]}}