{"id":63384,"date":"2025-01-08T23:32:47","date_gmt":"2025-01-08T23:32:47","guid":{"rendered":"https:\/\/www.cal.org.pe\/v1\/?p=63384"},"modified":"2025-01-08T23:32:49","modified_gmt":"2025-01-08T23:32:49","slug":"capacitacion-virtual-derecho-laboral-y-procesal-laboral","status":"publish","type":"post","link":"https:\/\/www.cal.org.pe\/v1\/2025\/01\/08\/capacitacion-virtual-derecho-laboral-y-procesal-laboral\/","title":{"rendered":"CAPACITACI\u00d3N VIRTUAL: \u00abDERECHO LABORAL Y PROCESAL LABORAL\u00bb"},"content":{"rendered":"\n<figure class=\"wp-block-image size-large\"><img fetchpriority=\"high\" decoding=\"async\" width=\"905\" height=\"1024\" src=\"https:\/\/www.cal.org.pe\/v1\/wp-content\/uploads\/2025\/01\/DERECHO-LABORAL-905x1024.png\" alt=\"\" class=\"wp-image-63385\" srcset=\"https:\/\/www.cal.org.pe\/v1\/wp-content\/uploads\/2025\/01\/DERECHO-LABORAL-905x1024.png 905w, https:\/\/www.cal.org.pe\/v1\/wp-content\/uploads\/2025\/01\/DERECHO-LABORAL-265x300.png 265w, https:\/\/www.cal.org.pe\/v1\/wp-content\/uploads\/2025\/01\/DERECHO-LABORAL-768x869.png 768w, https:\/\/www.cal.org.pe\/v1\/wp-content\/uploads\/2025\/01\/DERECHO-LABORAL.png 1200w\" sizes=\"(max-width: 905px) 100vw, 905px\" \/><\/figure>\n\n\n\n<p>\ud83d\udd35\ud83d\udce2 | INGRESO LIBRE | La Direcci\u00f3n de Extensi\u00f3n Social y Participaci\u00f3n, a cargo del Dr. Juan Humberto Quiroz Rosas, invita a los agremiados de la orden y p\u00fablico general a la CAPACITACI\u00d3N VIRTUAL: DERECHO LABORAL Y PROCESAL LABORAL<\/p>\n\n\n\n<p>\ud83d\uddd3\ufe0f Martes 14 de enero 2025<br>\u23f0 6:00 p.m.<br>\ud83d\udccd Modalidad Virtual ZOOM<\/p>\n\n\n\n<p>\u2705CERTIFICADO GRATUITO<\/p>\n\n\n\n<p>\u2705 Entrar Zoom Reuni\u00f3n<br><a href=\"https:\/\/us02web.zoom.us\/j\/83055319293?pwd=iMTWDIaQaafenu9k4zUvj5hOgFbTa5.1\">https:\/\/us02web.zoom.us\/j\/83055319293?pwd=iMTWDIaQaafenu9k4zUvj5hOgFbTa5.1<\/a><\/p>\n\n\n\n<p>ID de reuni\u00f3n: 830 5531 9293<br>C\u00f3digo de acceso: 206531<\/p>\n","protected":false},"excerpt":{"rendered":"<p>\ud83d\udd35\ud83d\udce2 | INGRESO LIBRE | La Direcci\u00f3n de Extensi\u00f3n Social y Participaci\u00f3n, a cargo del Dr. Juan Humberto Quiroz Rosas, invita a los agremiados de la orden y p\u00fablico general a la CAPACITACI\u00d3N VIRTUAL: DERECHO LABORAL Y PROCESAL LABORAL \ud83d\uddd3\ufe0f Martes 14 de enero 2025\u23f0 6:00 p.m.\ud83d\udccd Modalidad Virtual ZOOM \u2705CERTIFICADO GRATUITO \u2705 Entrar Zoom Reuni\u00f3nhttps:\/\/us02web.zoom.us\/j\/83055319293?pwd=iMTWDIaQaafenu9k4zUvj5hOgFbTa5.1 ID de reuni\u00f3n: 830 5531 9293C\u00f3digo de acceso: 206531<\/p>\n","protected":false},"author":3,"featured_media":62299,"comment_status":"closed","ping_status":"open","sticky":false,"template":"","format":"standard","meta":{"pagelayer_contact_templates":[],"_pagelayer_content":"","footnotes":""},"categories":[22],"tags":[48],"class_list":["post-63384","post","type-post","status-publish","format-standard","has-post-thumbnail","hentry","category-direccion-de-extension-social-y-participacion","tag-formacion-integral"],"rttpg_featured_image_url":{"full":["https:\/\/www.cal.org.pe\/v1\/wp-content\/uploads\/2024\/11\/FORMACION-INTEGRAL.jpg",800,500,false],"landscape":["https:\/\/www.cal.org.pe\/v1\/wp-content\/uploads\/2024\/11\/FORMACION-INTEGRAL.jpg",800,500,false],"portraits":["https:\/\/www.cal.org.pe\/v1\/wp-content\/uploads\/2024\/11\/FORMACION-INTEGRAL.jpg",800,500,false],"thumbnail":["https:\/\/www.cal.org.pe\/v1\/wp-content\/uploads\/2024\/11\/FORMACION-INTEGRAL-150x150.jpg",150,150,true],"medium":["https:\/\/www.cal.org.pe\/v1\/wp-content\/uploads\/2024\/11\/FORMACION-INTEGRAL-300x188.jpg",300,188,true],"large":["https:\/\/www.cal.org.pe\/v1\/wp-content\/uploads\/2024\/11\/FORMACION-INTEGRAL.jpg",800,500,false],"1536x1536":["https:\/\/www.cal.org.pe\/v1\/wp-content\/uploads\/2024\/11\/FORMACION-INTEGRAL.jpg",800,500,false],"2048x2048":["https:\/\/www.cal.org.pe\/v1\/wp-content\/uploads\/2024\/11\/FORMACION-INTEGRAL.jpg",800,500,false]},"rttpg_author":{"display_name":"Prensa CAL","author_link":"https:\/\/www.cal.org.pe\/v1\/author\/prensa-cal\/"},"rttpg_comment":0,"rttpg_category":"<a href=\"https:\/\/www.cal.org.pe\/v1\/category\/direccion-de-extension-social-y-participacion\/\" rel=\"category tag\">Direcci\u00f3n de Extensi\u00f3n Social y Participaci\u00f3n<\/a>","rttpg_excerpt":"\ud83d\udd35\ud83d\udce2 | INGRESO LIBRE | La Direcci\u00f3n de Extensi\u00f3n Social y Participaci\u00f3n, a cargo del Dr. Juan Humberto Quiroz Rosas, invita a los agremiados de la orden y p\u00fablico general a la CAPACITACI\u00d3N VIRTUAL: DERECHO LABORAL Y PROCESAL LABORAL \ud83d\uddd3\ufe0f Martes 14 de enero 2025\u23f0 6:00 p.m.\ud83d\udccd Modalidad Virtual ZOOM \u2705CERTIFICADO GRATUITO \u2705 Entrar Zoom&hellip;","_links":{"self":[{"href":"https:\/\/www.cal.org.pe\/v1\/wp-json\/wp\/v2\/posts\/63384","targetHints":{"allow":["GET"]}}],"collection":[{"href":"https:\/\/www.cal.org.pe\/v1\/wp-json\/wp\/v2\/posts"}],"about":[{"href":"https:\/\/www.cal.org.pe\/v1\/wp-json\/wp\/v2\/types\/post"}],"author":[{"embeddable":true,"href":"https:\/\/www.cal.org.pe\/v1\/wp-json\/wp\/v2\/users\/3"}],"replies":[{"embeddable":true,"href":"https:\/\/www.cal.org.pe\/v1\/wp-json\/wp\/v2\/comments?post=63384"}],"version-history":[{"count":1,"href":"https:\/\/www.cal.org.pe\/v1\/wp-json\/wp\/v2\/posts\/63384\/revisions"}],"predecessor-version":[{"id":63390,"href":"https:\/\/www.cal.org.pe\/v1\/wp-json\/wp\/v2\/posts\/63384\/revisions\/63390"}],"wp:featuredmedia":[{"embeddable":true,"href":"https:\/\/www.cal.org.pe\/v1\/wp-json\/wp\/v2\/media\/62299"}],"wp:attachment":[{"href":"https:\/\/www.cal.org.pe\/v1\/wp-json\/wp\/v2\/media?parent=63384"}],"wp:term":[{"taxonomy":"category","embeddable":true,"href":"https:\/\/www.cal.org.pe\/v1\/wp-json\/wp\/v2\/categories?post=63384"},{"taxonomy":"post_tag","embeddable":true,"href":"https:\/\/www.cal.org.pe\/v1\/wp-json\/wp\/v2\/tags?post=63384"}],"curies":[{"name":"wp","href":"https:\/\/api.w.org\/{rel}","templated":true}]}}