{"id":63375,"date":"2025-01-08T09:11:00","date_gmt":"2025-01-08T09:11:00","guid":{"rendered":"https:\/\/www.cal.org.pe\/v1\/?p=63375"},"modified":"2025-01-13T22:38:05","modified_gmt":"2025-01-13T22:38:05","slug":"gobierno-amenaza-al-decano-y-directivos-del-cal-por-reunion-con-miemrbos-de-la-cidh","status":"publish","type":"post","link":"https:\/\/www.cal.org.pe\/v1\/2025\/01\/08\/gobierno-amenaza-al-decano-y-directivos-del-cal-por-reunion-con-miemrbos-de-la-cidh\/","title":{"rendered":"GOBIERNO AMENAZA AL DECANO Y DIRECTIVOS DEL CAL POR REUNI\u00d3N CON MIEMBROS DE LA CIDH"},"content":{"rendered":"\n<figure class=\"wp-block-image size-large\"><img fetchpriority=\"high\" decoding=\"async\" width=\"1024\" height=\"1024\" src=\"https:\/\/www.cal.org.pe\/v1\/wp-content\/uploads\/2025\/01\/COMUNICADO-002-2025-1024x1024.jpeg\" alt=\"\" class=\"wp-image-63376\" srcset=\"https:\/\/www.cal.org.pe\/v1\/wp-content\/uploads\/2025\/01\/COMUNICADO-002-2025-1024x1024.jpeg 1024w, https:\/\/www.cal.org.pe\/v1\/wp-content\/uploads\/2025\/01\/COMUNICADO-002-2025-300x300.jpeg 300w, https:\/\/www.cal.org.pe\/v1\/wp-content\/uploads\/2025\/01\/COMUNICADO-002-2025-150x150.jpeg 150w, https:\/\/www.cal.org.pe\/v1\/wp-content\/uploads\/2025\/01\/COMUNICADO-002-2025-768x768.jpeg 768w, https:\/\/www.cal.org.pe\/v1\/wp-content\/uploads\/2025\/01\/COMUNICADO-002-2025-1536x1536.jpeg 1536w, https:\/\/www.cal.org.pe\/v1\/wp-content\/uploads\/2025\/01\/COMUNICADO-002-2025.jpeg 1600w\" sizes=\"(max-width: 1024px) 100vw, 1024px\" \/><\/figure>\n\n\n\n<p>El Gobierno de la presidenta Dina Boluarte Zegarra, a trav\u00e9s de la Direcci\u00f3n General de Derechos Humanos del Ministerio de Justicia y Derechos Humanos, ha intentado amordazar y amedrentar a miembros de la Junta Directiva del Colegio de Abogados de Lima (CAL) tras sostener una reuni\u00f3n virtual con miembros de la Comisi\u00f3n Interamericana de Derechos Humanos (CIDH) el pasado 26 de <a><\/a>diciembre de 2024. Durante dicha reuni\u00f3n, se cuestion\u00f3 la aprobaci\u00f3n de normas inconstitucionales no observadas por el Poder Ejecutivo.<\/p>\n\n\n\n<p>Lamentamos que la Presidenta Dina Boluarte, abogada, agremiada y ex directiva del CAL, desconozca las normas estatutarias e incurra a trav\u00e9s de \u00f3rganos del Poder Ejecutivo en amordazar y vulnerar la dignidad de colegas que ejercen su derecho constitucional de libertad de opini\u00f3n y expresi\u00f3n ante lo que acontece en el pa\u00eds.<\/p>\n\n\n\n<p>La Junta Directiva el CAL rechaza la demanda interpuesta por el MINJUS, que busca silenciar a un sector que leg\u00edtimamente cuestiona el deficiente accionar del Congreso de la Rep\u00fablica y del Poder Ejecutivo en perjuicio de la sociedad civil.<\/p>\n\n\n\n<p>Lima, 8 de enero 2025<\/p>\n","protected":false},"excerpt":{"rendered":"<p>El Gobierno de la presidenta Dina Boluarte Zegarra, a trav\u00e9s de la Direcci\u00f3n General de Derechos Humanos del Ministerio de Justicia y Derechos Humanos, ha intentado amordazar y amedrentar a miembros de la Junta Directiva del Colegio de Abogados de Lima (CAL) tras sostener una reuni\u00f3n virtual con miembros de la Comisi\u00f3n Interamericana de Derechos Humanos (CIDH) el pasado 26 de diciembre de 2024. Durante dicha reuni\u00f3n, se cuestion\u00f3 la aprobaci\u00f3n de normas inconstitucionales no observadas por el Poder Ejecutivo. Lamentamos que la Presidenta Dina Boluarte, abogada, agremiada y ex directiva del CAL, desconozca las normas estatutarias e incurra a trav\u00e9s de \u00f3rganos del Poder Ejecutivo en amordazar y vulnerar la dignidad de colegas que ejercen su derecho constitucional de libertad de opini\u00f3n y expresi\u00f3n ante lo que acontece en el pa\u00eds. La Junta Directiva el CAL rechaza la demanda interpuesta por el MINJUS, que busca silenciar a un sector que leg\u00edtimamente cuestiona el deficiente accionar del Congreso de la Rep\u00fablica y del Poder Ejecutivo en perjuicio de la sociedad civil. Lima, 8 de enero 2025<\/p>\n","protected":false},"author":3,"featured_media":62296,"comment_status":"closed","ping_status":"open","sticky":false,"template":"","format":"standard","meta":{"pagelayer_contact_templates":[],"_pagelayer_content":"","footnotes":""},"categories":[13],"tags":[43],"class_list":["post-63375","post","type-post","status-publish","format-standard","has-post-thumbnail","hentry","category-decanato","tag-comunicados"],"rttpg_featured_image_url":{"full":["https:\/\/www.cal.org.pe\/v1\/wp-content\/uploads\/2024\/11\/COMUNICADOS.jpg",800,500,false],"landscape":["https:\/\/www.cal.org.pe\/v1\/wp-content\/uploads\/2024\/11\/COMUNICADOS.jpg",800,500,false],"portraits":["https:\/\/www.cal.org.pe\/v1\/wp-content\/uploads\/2024\/11\/COMUNICADOS.jpg",800,500,false],"thumbnail":["https:\/\/www.cal.org.pe\/v1\/wp-content\/uploads\/2024\/11\/COMUNICADOS-150x150.jpg",150,150,true],"medium":["https:\/\/www.cal.org.pe\/v1\/wp-content\/uploads\/2024\/11\/COMUNICADOS-300x188.jpg",300,188,true],"large":["https:\/\/www.cal.org.pe\/v1\/wp-content\/uploads\/2024\/11\/COMUNICADOS.jpg",800,500,false],"1536x1536":["https:\/\/www.cal.org.pe\/v1\/wp-content\/uploads\/2024\/11\/COMUNICADOS.jpg",800,500,false],"2048x2048":["https:\/\/www.cal.org.pe\/v1\/wp-content\/uploads\/2024\/11\/COMUNICADOS.jpg",800,500,false]},"rttpg_author":{"display_name":"Prensa CAL","author_link":"https:\/\/www.cal.org.pe\/v1\/author\/prensa-cal\/"},"rttpg_comment":1,"rttpg_category":"<a href=\"https:\/\/www.cal.org.pe\/v1\/category\/decanato\/\" rel=\"category tag\">Decanato<\/a>","rttpg_excerpt":"El Gobierno de la presidenta Dina Boluarte Zegarra, a trav\u00e9s de la Direcci\u00f3n General de Derechos Humanos del Ministerio de Justicia y Derechos Humanos, ha intentado amordazar y amedrentar a miembros de la Junta Directiva del Colegio de Abogados de Lima (CAL) tras sostener una reuni\u00f3n virtual con miembros de la Comisi\u00f3n Interamericana de Derechos&hellip;","_links":{"self":[{"href":"https:\/\/www.cal.org.pe\/v1\/wp-json\/wp\/v2\/posts\/63375","targetHints":{"allow":["GET"]}}],"collection":[{"href":"https:\/\/www.cal.org.pe\/v1\/wp-json\/wp\/v2\/posts"}],"about":[{"href":"https:\/\/www.cal.org.pe\/v1\/wp-json\/wp\/v2\/types\/post"}],"author":[{"embeddable":true,"href":"https:\/\/www.cal.org.pe\/v1\/wp-json\/wp\/v2\/users\/3"}],"replies":[{"embeddable":true,"href":"https:\/\/www.cal.org.pe\/v1\/wp-json\/wp\/v2\/comments?post=63375"}],"version-history":[{"count":2,"href":"https:\/\/www.cal.org.pe\/v1\/wp-json\/wp\/v2\/posts\/63375\/revisions"}],"predecessor-version":[{"id":63381,"href":"https:\/\/www.cal.org.pe\/v1\/wp-json\/wp\/v2\/posts\/63375\/revisions\/63381"}],"wp:featuredmedia":[{"embeddable":true,"href":"https:\/\/www.cal.org.pe\/v1\/wp-json\/wp\/v2\/media\/62296"}],"wp:attachment":[{"href":"https:\/\/www.cal.org.pe\/v1\/wp-json\/wp\/v2\/media?parent=63375"}],"wp:term":[{"taxonomy":"category","embeddable":true,"href":"https:\/\/www.cal.org.pe\/v1\/wp-json\/wp\/v2\/categories?post=63375"},{"taxonomy":"post_tag","embeddable":true,"href":"https:\/\/www.cal.org.pe\/v1\/wp-json\/wp\/v2\/tags?post=63375"}],"curies":[{"name":"wp","href":"https:\/\/api.w.org\/{rel}","templated":true}]}}