{"id":63338,"date":"2025-01-08T02:03:34","date_gmt":"2025-01-08T02:03:34","guid":{"rendered":"https:\/\/www.cal.org.pe\/v1\/?p=63338"},"modified":"2025-01-08T02:03:34","modified_gmt":"2025-01-08T02:03:34","slug":"curso-presencial-conciliacion-extrajudicial","status":"publish","type":"post","link":"https:\/\/www.cal.org.pe\/v1\/2025\/01\/08\/curso-presencial-conciliacion-extrajudicial\/","title":{"rendered":"CURSO PRESENCIAL: CONCILIACI\u00d3N EXTRAJUDICIAL"},"content":{"rendered":"\n<figure class=\"wp-block-image size-large\"><img fetchpriority=\"high\" decoding=\"async\" width=\"1024\" height=\"1004\" src=\"https:\/\/www.cal.org.pe\/v1\/wp-content\/uploads\/2025\/01\/CURSO-CONCILIACION-EXTRAJUDICIAL-1024x1004.jpg\" alt=\"\" class=\"wp-image-63339\" srcset=\"https:\/\/www.cal.org.pe\/v1\/wp-content\/uploads\/2025\/01\/CURSO-CONCILIACION-EXTRAJUDICIAL-1024x1004.jpg 1024w, https:\/\/www.cal.org.pe\/v1\/wp-content\/uploads\/2025\/01\/CURSO-CONCILIACION-EXTRAJUDICIAL-300x294.jpg 300w, https:\/\/www.cal.org.pe\/v1\/wp-content\/uploads\/2025\/01\/CURSO-CONCILIACION-EXTRAJUDICIAL-768x753.jpg 768w, https:\/\/www.cal.org.pe\/v1\/wp-content\/uploads\/2025\/01\/CURSO-CONCILIACION-EXTRAJUDICIAL.jpg 1200w\" sizes=\"(max-width: 1024px) 100vw, 1024px\" \/><\/figure>\n\n\n\n<p>\ud83d\udd35 \u00a1INSCRIPCIONES ABIERTAS! VACANTES LIMITADAS\ud83d\udd35\ud83d\udcda Participa en nuestro Curso Presencial de Conciliaci\u00f3n Extrajudicial, una gran oportunidad para fortalecer tus habilidades en la resoluci\u00f3n de conflictos.<\/p>\n\n\n\n<p>\ud83d\udcc5 Inicio: 20 de enero de 2025<br>\ud83d\udccd Lugar: Av. Santa Cruz N.\u00b0 255, Miraflores<\/p>\n\n\n\n<p>\ud83d\udcb0 Inversi\u00f3n \u00fanica:<br>P\u00fablico general: S\/600<br>Agremiados CAL: S\/550<\/p>\n\n\n\n<p>\u26a0 Vacantes limitadas. \u00a1Asegura tu lugar ahora!<\/p>\n\n\n\n<p>\ud83d\udce9 Informes e inscripciones:<br>WhatsApp: \ud83d\udcf1 947 120 355<br>https:\/\/wa.link\/jb7i0x<\/p>\n\n\n\n<p>Correo: conciliaci\u00f3n@colegiodeabogadosdelima.pe<\/p>\n\n\n\n<p>\u2714 Curso autorizado por Resoluci\u00f3n Ministerial N.\u00b0 190-98-JUS.<\/p>\n\n\n\n<p>\u00a1No pierdas esta oportunidad de crecer profesionalmente! \ud83d\ude4c<\/p>\n","protected":false},"excerpt":{"rendered":"<p>\ud83d\udd35 \u00a1INSCRIPCIONES ABIERTAS! VACANTES LIMITADAS\ud83d\udd35\ud83d\udcda Participa en nuestro Curso Presencial de Conciliaci\u00f3n Extrajudicial, una gran oportunidad para fortalecer tus habilidades en la resoluci\u00f3n de conflictos. \ud83d\udcc5 Inicio: 20 de enero de 2025\ud83d\udccd Lugar: Av. Santa Cruz N.\u00b0 255, Miraflores \ud83d\udcb0 Inversi\u00f3n \u00fanica:P\u00fablico general: S\/600Agremiados CAL: S\/550 \u26a0 Vacantes limitadas. \u00a1Asegura tu lugar ahora! \ud83d\udce9 Informes e inscripciones:WhatsApp: \ud83d\udcf1 947 120 355https:\/\/wa.link\/jb7i0x Correo: conciliaci\u00f3n@colegiodeabogadosdelima.pe \u2714 Curso autorizado por Resoluci\u00f3n Ministerial N.\u00b0 190-98-JUS. \u00a1No pierdas esta oportunidad de crecer profesionalmente! \ud83d\ude4c<\/p>\n","protected":false},"author":3,"featured_media":62298,"comment_status":"closed","ping_status":"open","sticky":false,"template":"","format":"standard","meta":{"pagelayer_contact_templates":[],"_pagelayer_content":"","footnotes":""},"categories":[13],"tags":[16],"class_list":["post-63338","post","type-post","status-publish","format-standard","has-post-thumbnail","hentry","category-decanato","tag-eventos-academicos"],"rttpg_featured_image_url":{"full":["https:\/\/www.cal.org.pe\/v1\/wp-content\/uploads\/2024\/11\/EVENTOS-ACADEMICOS.jpg",800,500,false],"landscape":["https:\/\/www.cal.org.pe\/v1\/wp-content\/uploads\/2024\/11\/EVENTOS-ACADEMICOS.jpg",800,500,false],"portraits":["https:\/\/www.cal.org.pe\/v1\/wp-content\/uploads\/2024\/11\/EVENTOS-ACADEMICOS.jpg",800,500,false],"thumbnail":["https:\/\/www.cal.org.pe\/v1\/wp-content\/uploads\/2024\/11\/EVENTOS-ACADEMICOS-150x150.jpg",150,150,true],"medium":["https:\/\/www.cal.org.pe\/v1\/wp-content\/uploads\/2024\/11\/EVENTOS-ACADEMICOS-300x188.jpg",300,188,true],"large":["https:\/\/www.cal.org.pe\/v1\/wp-content\/uploads\/2024\/11\/EVENTOS-ACADEMICOS.jpg",800,500,false],"1536x1536":["https:\/\/www.cal.org.pe\/v1\/wp-content\/uploads\/2024\/11\/EVENTOS-ACADEMICOS.jpg",800,500,false],"2048x2048":["https:\/\/www.cal.org.pe\/v1\/wp-content\/uploads\/2024\/11\/EVENTOS-ACADEMICOS.jpg",800,500,false]},"rttpg_author":{"display_name":"Prensa CAL","author_link":"https:\/\/www.cal.org.pe\/v1\/author\/prensa-cal\/"},"rttpg_comment":0,"rttpg_category":"<a href=\"https:\/\/www.cal.org.pe\/v1\/category\/decanato\/\" rel=\"category tag\">Decanato<\/a>","rttpg_excerpt":"\ud83d\udd35 \u00a1INSCRIPCIONES ABIERTAS! VACANTES LIMITADAS\ud83d\udd35\ud83d\udcda Participa en nuestro Curso Presencial de Conciliaci\u00f3n Extrajudicial, una gran oportunidad para fortalecer tus habilidades en la resoluci\u00f3n de conflictos. \ud83d\udcc5 Inicio: 20 de enero de 2025\ud83d\udccd Lugar: Av. Santa Cruz N.\u00b0 255, Miraflores \ud83d\udcb0 Inversi\u00f3n \u00fanica:P\u00fablico general: S\/600Agremiados CAL: S\/550 \u26a0 Vacantes limitadas. \u00a1Asegura tu lugar ahora! \ud83d\udce9 Informes&hellip;","_links":{"self":[{"href":"https:\/\/www.cal.org.pe\/v1\/wp-json\/wp\/v2\/posts\/63338","targetHints":{"allow":["GET"]}}],"collection":[{"href":"https:\/\/www.cal.org.pe\/v1\/wp-json\/wp\/v2\/posts"}],"about":[{"href":"https:\/\/www.cal.org.pe\/v1\/wp-json\/wp\/v2\/types\/post"}],"author":[{"embeddable":true,"href":"https:\/\/www.cal.org.pe\/v1\/wp-json\/wp\/v2\/users\/3"}],"replies":[{"embeddable":true,"href":"https:\/\/www.cal.org.pe\/v1\/wp-json\/wp\/v2\/comments?post=63338"}],"version-history":[{"count":1,"href":"https:\/\/www.cal.org.pe\/v1\/wp-json\/wp\/v2\/posts\/63338\/revisions"}],"predecessor-version":[{"id":63344,"href":"https:\/\/www.cal.org.pe\/v1\/wp-json\/wp\/v2\/posts\/63338\/revisions\/63344"}],"wp:featuredmedia":[{"embeddable":true,"href":"https:\/\/www.cal.org.pe\/v1\/wp-json\/wp\/v2\/media\/62298"}],"wp:attachment":[{"href":"https:\/\/www.cal.org.pe\/v1\/wp-json\/wp\/v2\/media?parent=63338"}],"wp:term":[{"taxonomy":"category","embeddable":true,"href":"https:\/\/www.cal.org.pe\/v1\/wp-json\/wp\/v2\/categories?post=63338"},{"taxonomy":"post_tag","embeddable":true,"href":"https:\/\/www.cal.org.pe\/v1\/wp-json\/wp\/v2\/tags?post=63338"}],"curies":[{"name":"wp","href":"https:\/\/api.w.org\/{rel}","templated":true}]}}