{"id":62648,"date":"2024-12-07T16:02:38","date_gmt":"2024-12-07T16:02:38","guid":{"rendered":"https:\/\/www.cal.org.pe\/v1\/?p=62648"},"modified":"2024-12-12T20:18:34","modified_gmt":"2024-12-12T20:18:34","slug":"actualizate-y-preparate-para-integrar-la-nomina-2025","status":"publish","type":"post","link":"https:\/\/www.cal.org.pe\/v1\/2024\/12\/07\/actualizate-y-preparate-para-integrar-la-nomina-2025\/","title":{"rendered":"\u00a1Actual\u00edzate y prep\u00e1rate para integrar la n\u00f3mina 2025!"},"content":{"rendered":"\n<p>El Colegio de Abogados de Lima invita a todos los agremiados a participar en el XIV Curso de Actualizaci\u00f3n para integrar la n\u00f3mina de CURADORES PROCESALES, que se realizar\u00e1:<\/p>\n\n\n\n<p>Clases: 11, 12 y 13 de diciembre de 6:00 p.m. a 9:00 p.m.<\/p>\n\n\n\n<p>MODALIDAD VIRTUAL: Microsoft Teams<\/p>\n\n\n\n<p>Inscripci\u00f3n: Escanea el QR o llena tus datos AQU\u00cd: <a href=\"https:\/\/tinyurl.com\/CuradoresProcesales2025?fbclid=IwZXh0bgNhZW0CMTAAAR13hqnztRtMX_V2_iZ-VzUyK1pfib9o5wJFqyVZjxELytA1Qxh0rg-RSs0_aem_7fOb46Nf6dqrhlIb-hcB4A\" target=\"_blank\" rel=\"noreferrer noopener\">https:\/\/tinyurl.com\/CuradoresProcesales2025<\/a><\/p>\n\n\n\n<p>WhatsApp: 968707175<\/p>\n\n\n\n<p>Pago en CAJA del CAL:<\/p>\n\n\n\n<p>Inversi\u00f3n: S\/ 50.00<\/p>\n\n\n\n<p>C\u00f3digo de pago: CA558<\/p>\n\n\n\n<p>O en l\u00ednea: <a href=\"https:\/\/l.facebook.com\/l.php?u=https%3A%2F%2Fpagoenlineacal.org.pe%2F%3Ffbclid%3DIwZXh0bgNhZW0CMTAAAR1Ez3y0QFd7lYyP4wf6F3MeftqxoQuodlZNkA7zKNNeBUDOMa0k5_stO1E_aem_lne34PxdI_KozKpzPx8RBQ&amp;h=AT0rlzEXkaWYoPbasmThUOdrjK3V04dBguoH4pAQFnAoIq6R4IgtsPgXL1qk3tCFkYDYjlKBzCvtJ2WxKMR8Wl7CwkkUzq0DfMKuj9lcC3wb1s6dWY7cx3uHtiUxw29OgaZt&amp;__tn__=-UK-R&amp;c[0]=AT1k6pQ3OoJgxNoh0DTA3p1ZS099rx-zkjNbHrxxKF35yhHaJUhcymcvbnE7CzGLgK_bcK-sCM85trJ1FhKHOC7LiqNfS-b9Wm90JkpIcbklhBulD-0QpnW7865j7SV7wd6A_ZJPtvftdKxTAvmzCV0nMqrV2PeHz4vtNWAiSlxH9Xq1D8Cf7101SjO_ax_Dhg\" rel=\"noreferrer noopener\" target=\"_blank\">https:\/\/pagoenlineacal.org.pe<\/a><\/p>\n\n\n\n<p>A) REQUISITOS PARA EL CURSO:<\/p>\n\n\n\n<p>\u2022 Encontrarse h\u00e1bil en el ejercicio profesional.<\/p>\n\n\n\n<p>\u2022 Tener como m\u00ednimo dos a\u00f1os de incorporado en el CAL.<\/p>\n\n\n\n<p>\u2022 Inscribirse mediante el C\u00f3digo QR (Obligatorio).<\/p>\n\n\n\n<p>\u2022 Remitir y adjuntar al correo electr\u00f3nico:<\/p>\n\n\n\n<p>curadoresprocesales@colegiodeabogadosdelima.pe<\/p>\n\n\n\n<p>\u2022 La boleta o voucher de pago y el DNI del participante (Obligatorio).<\/p>\n\n\n\n<p>B) REQUISITOS PARA INTEGRAR LA N\u00d3MINA 2025:<\/p>\n\n\n\n<p>Luego de haber aprobado el Curso, a partir del 26 al 28 de diciembre, el postulante deber\u00e1 cumplir con lo siguiente:<\/p>\n\n\n\n<p>\u2022 Haber registrado los datos mediante el C\u00f3digo QR.<\/p>\n\n\n\n<p>\u2022 Remitir al correo electr\u00f3nico indicado:<\/p>\n\n\n\n<p>\u2022 Curr\u00edculum vitae documentado en formato digital (PDF).<\/p>\n\n\n\n<p>\u2022 Certificado vigente de haber aprobado el Curso (PDF).<\/p>\n\n\n\n<p>\u2022 Una foto formal a color en formato JPG.<\/p>\n\n\n\n<p>\u2022 Una Declaraci\u00f3n Jurada de no tener antecedentes penales, policiales ni administrativos, ni medida disciplinaria en el CAL (PDF o JPG).<\/p>\n\n\n\n<p>NOTA IMPORTANTE:<\/p>\n\n\n\n<p>\u2022 Para el ejercicio del a\u00f1o 2025, la presente n\u00f3mina solo ser\u00e1 utilizada en las presidencias de las Cortes Superiores de Lima Norte, Lima y Sur Este.<\/p>\n\n\n\n<p>\u2022 Para integrar la n\u00f3mina, el postulante presentar\u00e1 los requisitos ya mencionados.<\/p>\n\n\n\n<p>\u2022 Solo el certificado por diploma tendr\u00e1 una vigencia de dos a\u00f1os.<\/p>\n\n\n\n<p>\u2022 Los abogados que llevaron el Curso del a\u00f1o 2023 solo podr\u00e1n integrar la N\u00f3mina de Curadores 2025 presentando los requisitos establecidos en el punto 2 y haber pagado el derecho de inscripci\u00f3n de S\/. 30.00.<\/p>\n\n\n\n<p>\u2022 La n\u00f3mina ser\u00e1 elaborada de acuerdo al orden de presentaci\u00f3n de los requisitos, el cual estar\u00e1 habilitado a partir del 26 al 28 de diciembre.<\/p>\n\n\n\n<p><img decoding=\"async\" height=\"16\" width=\"16\" alt=\"\ud83d\udcc6\" src=\"https:\/\/static.xx.fbcdn.net\/images\/emoji.php\/v9\/tff\/1\/16\/1f4c6.png\"> Postulaci\u00f3n a la n\u00f3mina 2025:<\/p>\n\n\n\n<p>Env\u00eda tus documentos del 26 al 28 de diciembre y s\u00e9 parte de esta importante n\u00f3mina.<\/p>\n\n\n\n<p><img decoding=\"async\" height=\"16\" width=\"16\" alt=\"\ud83d\udce9\" src=\"https:\/\/static.xx.fbcdn.net\/images\/emoji.php\/v9\/tc0\/1\/16\/1f4e9.png\"> INFORMES:<\/p>\n\n\n\n<p><img decoding=\"async\" height=\"16\" width=\"16\" alt=\"\ud83d\udcde\" src=\"https:\/\/static.xx.fbcdn.net\/images\/emoji.php\/v9\/t4d\/1\/16\/1f4de.png\"> Tel\u00e9fono: 01 7066000 Anexo 6610 \/ 6635<\/p>\n\n\n\n<p><img loading=\"lazy\" decoding=\"async\" height=\"16\" width=\"16\" src=\"https:\/\/static.xx.fbcdn.net\/images\/emoji.php\/v9\/t57\/1\/16\/1f4f1.png\" alt=\"\ud83d\udcf1\"> WhatsApp: 968 701 715<\/p>\n\n\n\n<p><img loading=\"lazy\" decoding=\"async\" height=\"16\" width=\"16\" alt=\"\u2709\ufe0f\" src=\"https:\/\/static.xx.fbcdn.net\/images\/emoji.php\/v9\/t37\/1\/16\/2709.png\"> Correo: curadoresprocesales@colegiodeabogadosdelima.pe<\/p>\n\n\n\n<p><img loading=\"lazy\" decoding=\"async\" height=\"16\" width=\"16\" alt=\"\ud83d\udd17\" src=\"https:\/\/static.xx.fbcdn.net\/images\/emoji.php\/v9\/tb3\/1\/16\/1f517.png\"> \u00a1Participa y fortalece tu carrera profesional con el CAL!<\/p>\n\n\n\n<figure class=\"wp-block-image size-large\"><img loading=\"lazy\" decoding=\"async\" width=\"994\" height=\"1024\" src=\"https:\/\/www.cal.org.pe\/v1\/wp-content\/uploads\/2024\/12\/image-1-994x1024.png\" alt=\"\" class=\"wp-image-62754\" srcset=\"https:\/\/www.cal.org.pe\/v1\/wp-content\/uploads\/2024\/12\/image-1-994x1024.png 994w, https:\/\/www.cal.org.pe\/v1\/wp-content\/uploads\/2024\/12\/image-1-291x300.png 291w, https:\/\/www.cal.org.pe\/v1\/wp-content\/uploads\/2024\/12\/image-1-768x791.png 768w, https:\/\/www.cal.org.pe\/v1\/wp-content\/uploads\/2024\/12\/image-1.png 1196w\" sizes=\"(max-width: 994px) 100vw, 994px\" \/><\/figure>\n","protected":false},"excerpt":{"rendered":"<p>El Colegio de Abogados de Lima invita a todos los agremiados a participar en el XIV Curso de Actualizaci\u00f3n para integrar la n\u00f3mina de CURADORES PROCESALES, que se realizar\u00e1: Clases: 11, 12 y 13 de diciembre de 6:00 p.m. a 9:00 p.m. MODALIDAD VIRTUAL: Microsoft Teams Inscripci\u00f3n: Escanea el QR o llena tus datos AQU\u00cd: https:\/\/tinyurl.com\/CuradoresProcesales2025 WhatsApp: 968707175 Pago en CAJA del CAL: Inversi\u00f3n: S\/ 50.00 C\u00f3digo de pago: CA558 O en l\u00ednea: https:\/\/pagoenlineacal.org.pe A) REQUISITOS PARA EL CURSO: \u2022 Encontrarse h\u00e1bil en el ejercicio profesional. \u2022 Tener como m\u00ednimo dos a\u00f1os de incorporado en el CAL. \u2022 Inscribirse mediante el C\u00f3digo QR (Obligatorio). \u2022 Remitir y adjuntar al correo electr\u00f3nico: curadoresprocesales@colegiodeabogadosdelima.pe \u2022 La boleta o voucher de pago y el DNI del participante (Obligatorio). B) REQUISITOS PARA INTEGRAR LA N\u00d3MINA 2025: Luego de haber aprobado el Curso, a partir del 26 al 28 de diciembre, el postulante deber\u00e1 cumplir con lo siguiente: \u2022 Haber registrado los datos mediante el C\u00f3digo QR. \u2022 Remitir al correo electr\u00f3nico indicado: \u2022 Curr\u00edculum vitae documentado en formato digital (PDF). \u2022 Certificado vigente de haber aprobado el Curso (PDF). \u2022 Una foto formal a color en formato JPG. \u2022 Una Declaraci\u00f3n Jurada de no tener antecedentes penales, policiales ni administrativos, ni medida disciplinaria en el CAL (PDF o JPG). NOTA IMPORTANTE: \u2022 Para el ejercicio del a\u00f1o 2025, la presente n\u00f3mina solo ser\u00e1 utilizada en las presidencias de las Cortes Superiores de Lima Norte, Lima y Sur Este. \u2022 Para integrar la n\u00f3mina, el postulante presentar\u00e1 los requisitos ya mencionados. \u2022 Solo el certificado por diploma tendr\u00e1 una vigencia de dos a\u00f1os. \u2022 Los abogados que llevaron el Curso del a\u00f1o 2023 solo podr\u00e1n integrar la N\u00f3mina de Curadores 2025 presentando los requisitos establecidos en el punto 2 y haber pagado el derecho de inscripci\u00f3n de S\/. 30.00. \u2022 La n\u00f3mina ser\u00e1 elaborada de acuerdo al orden de presentaci\u00f3n de los requisitos, el cual estar\u00e1 habilitado a partir del 26 al 28 de diciembre. Postulaci\u00f3n a la n\u00f3mina 2025: Env\u00eda tus documentos del 26 al 28 de diciembre y s\u00e9 parte de esta importante n\u00f3mina. INFORMES: Tel\u00e9fono: 01 7066000 Anexo 6610 \/ 6635 WhatsApp: 968 701 715 Correo: curadoresprocesales@colegiodeabogadosdelima.pe \u00a1Participa y fortalece tu carrera profesional con el CAL!<\/p>\n","protected":false},"author":3,"featured_media":62299,"comment_status":"open","ping_status":"open","sticky":false,"template":"","format":"standard","meta":{"pagelayer_contact_templates":[],"_pagelayer_content":"","footnotes":""},"categories":[31],"tags":[48],"class_list":["post-62648","post","type-post","status-publish","format-standard","has-post-thumbnail","hentry","category-vicedecanato","tag-formacion-integral"],"rttpg_featured_image_url":{"full":["https:\/\/www.cal.org.pe\/v1\/wp-content\/uploads\/2024\/11\/FORMACION-INTEGRAL.jpg",800,500,false],"landscape":["https:\/\/www.cal.org.pe\/v1\/wp-content\/uploads\/2024\/11\/FORMACION-INTEGRAL.jpg",800,500,false],"portraits":["https:\/\/www.cal.org.pe\/v1\/wp-content\/uploads\/2024\/11\/FORMACION-INTEGRAL.jpg",800,500,false],"thumbnail":["https:\/\/www.cal.org.pe\/v1\/wp-content\/uploads\/2024\/11\/FORMACION-INTEGRAL-150x150.jpg",150,150,true],"medium":["https:\/\/www.cal.org.pe\/v1\/wp-content\/uploads\/2024\/11\/FORMACION-INTEGRAL-300x188.jpg",300,188,true],"large":["https:\/\/www.cal.org.pe\/v1\/wp-content\/uploads\/2024\/11\/FORMACION-INTEGRAL.jpg",800,500,false],"1536x1536":["https:\/\/www.cal.org.pe\/v1\/wp-content\/uploads\/2024\/11\/FORMACION-INTEGRAL.jpg",800,500,false],"2048x2048":["https:\/\/www.cal.org.pe\/v1\/wp-content\/uploads\/2024\/11\/FORMACION-INTEGRAL.jpg",800,500,false]},"rttpg_author":{"display_name":"Prensa CAL","author_link":"https:\/\/www.cal.org.pe\/v1\/author\/prensa-cal\/"},"rttpg_comment":2,"rttpg_category":"<a href=\"https:\/\/www.cal.org.pe\/v1\/category\/vicedecanato\/\" rel=\"category tag\">Vicedecanato<\/a>","rttpg_excerpt":"El Colegio de Abogados de Lima invita a todos los agremiados a participar en el XIV Curso de Actualizaci\u00f3n para integrar la n\u00f3mina de CURADORES PROCESALES, que se realizar\u00e1: Clases: 11, 12 y 13 de diciembre de 6:00 p.m. a 9:00 p.m. MODALIDAD VIRTUAL: Microsoft Teams Inscripci\u00f3n: Escanea el QR o llena tus datos AQU\u00cd:&hellip;","_links":{"self":[{"href":"https:\/\/www.cal.org.pe\/v1\/wp-json\/wp\/v2\/posts\/62648","targetHints":{"allow":["GET"]}}],"collection":[{"href":"https:\/\/www.cal.org.pe\/v1\/wp-json\/wp\/v2\/posts"}],"about":[{"href":"https:\/\/www.cal.org.pe\/v1\/wp-json\/wp\/v2\/types\/post"}],"author":[{"embeddable":true,"href":"https:\/\/www.cal.org.pe\/v1\/wp-json\/wp\/v2\/users\/3"}],"replies":[{"embeddable":true,"href":"https:\/\/www.cal.org.pe\/v1\/wp-json\/wp\/v2\/comments?post=62648"}],"version-history":[{"count":2,"href":"https:\/\/www.cal.org.pe\/v1\/wp-json\/wp\/v2\/posts\/62648\/revisions"}],"predecessor-version":[{"id":62755,"href":"https:\/\/www.cal.org.pe\/v1\/wp-json\/wp\/v2\/posts\/62648\/revisions\/62755"}],"wp:featuredmedia":[{"embeddable":true,"href":"https:\/\/www.cal.org.pe\/v1\/wp-json\/wp\/v2\/media\/62299"}],"wp:attachment":[{"href":"https:\/\/www.cal.org.pe\/v1\/wp-json\/wp\/v2\/media?parent=62648"}],"wp:term":[{"taxonomy":"category","embeddable":true,"href":"https:\/\/www.cal.org.pe\/v1\/wp-json\/wp\/v2\/categories?post=62648"},{"taxonomy":"post_tag","embeddable":true,"href":"https:\/\/www.cal.org.pe\/v1\/wp-json\/wp\/v2\/tags?post=62648"}],"curies":[{"name":"wp","href":"https:\/\/api.w.org\/{rel}","templated":true}]}}