{"id":62256,"date":"2024-11-27T22:00:00","date_gmt":"2024-11-27T22:00:00","guid":{"rendered":"https:\/\/www.cal.org.pe\/v1\/?p=62256"},"modified":"2024-11-28T16:47:37","modified_gmt":"2024-11-28T16:47:37","slug":"colegio-de-abogados-de-lima-inicio-el-primer-dia-del-congreso-nacional-de-etica-en-la-abogacia","status":"publish","type":"post","link":"https:\/\/www.cal.org.pe\/v1\/2024\/11\/27\/colegio-de-abogados-de-lima-inicio-el-primer-dia-del-congreso-nacional-de-etica-en-la-abogacia\/","title":{"rendered":"Colegio de Abogados de Lima inici\u00f3 el primer d\u00eda del Congreso Nacional de \u00c9tica en la Abogac\u00eda"},"content":{"rendered":"\n<figure class=\"wp-block-image size-full is-resized\"><img fetchpriority=\"high\" decoding=\"async\" width=\"800\" height=\"500\" src=\"https:\/\/www.cal.org.pe\/v1\/wp-content\/uploads\/2024\/10\/NOTAS-DE-PRENSA.jpg\" alt=\"\" class=\"wp-image-58884\" style=\"width:840px;height:auto\" srcset=\"https:\/\/www.cal.org.pe\/v1\/wp-content\/uploads\/2024\/10\/NOTAS-DE-PRENSA.jpg 800w, https:\/\/www.cal.org.pe\/v1\/wp-content\/uploads\/2024\/10\/NOTAS-DE-PRENSA-300x188.jpg 300w, https:\/\/www.cal.org.pe\/v1\/wp-content\/uploads\/2024\/10\/NOTAS-DE-PRENSA-768x480.jpg 768w\" sizes=\"(max-width: 800px) 100vw, 800px\" \/><\/figure>\n\n\n\n<p>El Colegio de Abogados de Lima (CAL) llev\u00f3 a cabo el Congreso Nacional de \u00c9tica en la Abogac\u00eda, un evento que reuni\u00f3 a destacados juristas y expertos nacionales e internacionales bajo el lema \u201cConstruyendo el futuro del Derecho\u201d.<\/p>\n\n\n\n<p>El congreso, organizado por la Direcci\u00f3n de \u00c9tica Profesional del CAL, fue inaugurado por el Dr. Mauro Leandro Mart\u00edn, Director de \u00c9tica <a><\/a>Profesional, quien destac\u00f3 en sus palabras la importancia de la \u00e9tica como pilar fundamental del ejercicio profesional: \u201cLa \u00e9tica no solo define el actuar del abogado, sino tambi\u00e9n su capacidad de generar confianza en la ciudadan\u00eda y contribuir a un sistema de justicia m\u00e1s justo y transparente\u201d. La ceremonia de apertura tambi\u00e9n incluy\u00f3 una conferencia magistral a cargo del Dr. Fernando Vidal Ram\u00edrez, ex Decano del CAL, quien abord\u00f3 los desaf\u00edos \u00e9ticos que enfrenta la profesi\u00f3n legal en el Per\u00fa y la necesidad de fortalecer los valores en el ejercicio del Derecho.<\/p>\n\n\n\n<p>En modalidad virtual, el Dr. Alejandro Gonz\u00e1les Monz\u00f3n, desde Cuba, comparti\u00f3 reflexiones sobre \u201cDerecho, Moral y \u00c9tica Jur\u00eddica: Reflexiones del pasado y el presente\u201d, aportando una perspectiva internacional sobre la evoluci\u00f3n de los principios \u00e9ticos en la abogac\u00eda. Asimismo, el Dr. Nelson Ram\u00edrez Jim\u00e9nez, miembro del JNE, ofreci\u00f3 una ponencia titulada \u201cLas vicisitudes del proceso ante el Consejo de \u00c9tica\u201d, en la cual abord\u00f3 los retos de los procesos disciplinarios en el gremio.<\/p>\n\n\n\n<p>El evento tambi\u00e9n incluy\u00f3 cuatro mesas de trabajo que abordaron temas fundamentales como los fundamentos de la abogac\u00eda \u00e9tica, la innovaci\u00f3n y \u00e9tica en el Derecho del futuro, el compromiso \u00e9tico y la responsabilidad social del abogado, as\u00ed como la exposici\u00f3n de trabajos presentados por los estudiantes de Derecho. Estas mesas permitieron un intercambio de ideas y propuestas entre los participantes, destacando la relevancia de fortalecer la \u00e9tica profesional en todos los niveles del ejercicio jur\u00eddico.<\/p>\n\n\n\n<p>La jornada contin\u00faa ma\u00f1ana, jueves 28 de noviembre, con el Segundo D\u00eda del Congreso Nacional de \u00c9tica en la Abogac\u00eda, una importante sesi\u00f3n acad\u00e9mica que invita a reflexionar sobre la \u00e9tica en el ejercicio de la abogac\u00eda y su impacto en la construcci\u00f3n del futuro del Derecho. El programa incluir\u00e1 conferencias principales como \u201c\u00c9tica y Abogac\u00eda en tiempos Digitales\u201d a cargo del Dr. Ronald C\u00e1rdenas Krenz, Decano de la Facultad de Derecho de la Universidad de Lima, y \u201cLos valores deontol\u00f3gicos y su aporte al Derecho\u201d del Dr. Juan A. Ramos Suyo, entre otras destacadas exposiciones. La cita es a las 6:00 p.m. en el Auditorio Jos\u00e9 Le\u00f3n Barandiar\u00e1n del CAL, ubicado en Av. Santa Cruz N.\u00ba 255, Miraflores.<\/p>\n\n\n\n<p>Lima, 27 de noviembre de 2024<\/p>\n","protected":false},"excerpt":{"rendered":"<p>El Colegio de Abogados de Lima (CAL) llev\u00f3 a cabo el Congreso Nacional de \u00c9tica en la Abogac\u00eda, un evento que reuni\u00f3 a destacados juristas y expertos nacionales e internacionales bajo el lema \u201cConstruyendo el futuro del Derecho\u201d. El congreso, organizado por la Direcci\u00f3n de \u00c9tica Profesional del CAL, fue inaugurado por el Dr. Mauro Leandro Mart\u00edn, Director de \u00c9tica Profesional, quien destac\u00f3 en sus palabras la importancia de la \u00e9tica como pilar fundamental del ejercicio profesional: \u201cLa \u00e9tica no solo define el actuar del abogado, sino tambi\u00e9n su capacidad de generar confianza en la ciudadan\u00eda y contribuir a un sistema de justicia m\u00e1s justo y transparente\u201d. La ceremonia de apertura tambi\u00e9n incluy\u00f3 una conferencia magistral a cargo del Dr. Fernando Vidal Ram\u00edrez, ex Decano del CAL, quien abord\u00f3 los desaf\u00edos \u00e9ticos que enfrenta la profesi\u00f3n legal en el Per\u00fa y la necesidad de fortalecer los valores en el ejercicio del Derecho. En modalidad virtual, el Dr. Alejandro Gonz\u00e1les Monz\u00f3n, desde Cuba, comparti\u00f3 reflexiones sobre \u201cDerecho, Moral y \u00c9tica Jur\u00eddica: Reflexiones del pasado y el presente\u201d, aportando una perspectiva internacional sobre la evoluci\u00f3n de los principios \u00e9ticos en la abogac\u00eda. Asimismo, el Dr. Nelson Ram\u00edrez Jim\u00e9nez, miembro del JNE, ofreci\u00f3 una ponencia titulada \u201cLas vicisitudes del proceso ante el Consejo de \u00c9tica\u201d, en la cual abord\u00f3 los retos de los procesos disciplinarios en el gremio. El evento tambi\u00e9n incluy\u00f3 cuatro mesas de trabajo que abordaron temas fundamentales como los fundamentos de la abogac\u00eda \u00e9tica, la innovaci\u00f3n y \u00e9tica en el Derecho del futuro, el compromiso \u00e9tico y la responsabilidad social del abogado, as\u00ed como la exposici\u00f3n de trabajos presentados por los estudiantes de Derecho. Estas mesas permitieron un intercambio de ideas y propuestas entre los participantes, destacando la relevancia de fortalecer la \u00e9tica profesional en todos los niveles del ejercicio jur\u00eddico. La jornada contin\u00faa ma\u00f1ana, jueves 28 de noviembre, con el Segundo D\u00eda del Congreso Nacional de \u00c9tica en la Abogac\u00eda, una importante sesi\u00f3n acad\u00e9mica que invita a reflexionar sobre la \u00e9tica en el ejercicio de la abogac\u00eda y su impacto en la construcci\u00f3n del futuro del Derecho. El programa incluir\u00e1 conferencias principales como \u201c\u00c9tica y Abogac\u00eda en tiempos Digitales\u201d a cargo del Dr. Ronald C\u00e1rdenas Krenz, Decano de la Facultad de Derecho de la Universidad de Lima, y \u201cLos valores deontol\u00f3gicos y su aporte al Derecho\u201d del Dr. Juan A. Ramos Suyo, entre otras destacadas exposiciones. La cita es a las 6:00 p.m. en el Auditorio Jos\u00e9 Le\u00f3n Barandiar\u00e1n del CAL, ubicado en Av. Santa Cruz N.\u00ba 255, Miraflores. Lima, 27 de noviembre de 2024<\/p>\n","protected":false},"author":1,"featured_media":58884,"comment_status":"closed","ping_status":"open","sticky":false,"template":"","format":"standard","meta":{"pagelayer_contact_templates":[],"_pagelayer_content":"","footnotes":""},"categories":[40],"tags":[47],"class_list":["post-62256","post","type-post","status-publish","format-standard","has-post-thumbnail","hentry","category-direccion-de-etica-profesional","tag-nota-de-prensa"],"rttpg_featured_image_url":{"full":["https:\/\/www.cal.org.pe\/v1\/wp-content\/uploads\/2024\/10\/NOTAS-DE-PRENSA.jpg",800,500,false],"landscape":["https:\/\/www.cal.org.pe\/v1\/wp-content\/uploads\/2024\/10\/NOTAS-DE-PRENSA.jpg",800,500,false],"portraits":["https:\/\/www.cal.org.pe\/v1\/wp-content\/uploads\/2024\/10\/NOTAS-DE-PRENSA.jpg",800,500,false],"thumbnail":["https:\/\/www.cal.org.pe\/v1\/wp-content\/uploads\/2024\/10\/NOTAS-DE-PRENSA-150x150.jpg",150,150,true],"medium":["https:\/\/www.cal.org.pe\/v1\/wp-content\/uploads\/2024\/10\/NOTAS-DE-PRENSA-300x188.jpg",300,188,true],"large":["https:\/\/www.cal.org.pe\/v1\/wp-content\/uploads\/2024\/10\/NOTAS-DE-PRENSA.jpg",800,500,false],"1536x1536":["https:\/\/www.cal.org.pe\/v1\/wp-content\/uploads\/2024\/10\/NOTAS-DE-PRENSA.jpg",800,500,false],"2048x2048":["https:\/\/www.cal.org.pe\/v1\/wp-content\/uploads\/2024\/10\/NOTAS-DE-PRENSA.jpg",800,500,false]},"rttpg_author":{"display_name":"Prensa","author_link":"https:\/\/www.cal.org.pe\/v1\/author\/alexsoriano1234live-com\/"},"rttpg_comment":0,"rttpg_category":"<a href=\"https:\/\/www.cal.org.pe\/v1\/category\/direccion-de-etica-profesional\/\" rel=\"category tag\">Direcci\u00f3n de \u00c9tica Profesional<\/a>","rttpg_excerpt":"El Colegio de Abogados de Lima (CAL) llev\u00f3 a cabo el Congreso Nacional de \u00c9tica en la Abogac\u00eda, un evento que reuni\u00f3 a destacados juristas y expertos nacionales e internacionales bajo el lema \u201cConstruyendo el futuro del Derecho\u201d. El congreso, organizado por la Direcci\u00f3n de \u00c9tica Profesional del CAL, fue inaugurado por el Dr. Mauro&hellip;","_links":{"self":[{"href":"https:\/\/www.cal.org.pe\/v1\/wp-json\/wp\/v2\/posts\/62256","targetHints":{"allow":["GET"]}}],"collection":[{"href":"https:\/\/www.cal.org.pe\/v1\/wp-json\/wp\/v2\/posts"}],"about":[{"href":"https:\/\/www.cal.org.pe\/v1\/wp-json\/wp\/v2\/types\/post"}],"author":[{"embeddable":true,"href":"https:\/\/www.cal.org.pe\/v1\/wp-json\/wp\/v2\/users\/1"}],"replies":[{"embeddable":true,"href":"https:\/\/www.cal.org.pe\/v1\/wp-json\/wp\/v2\/comments?post=62256"}],"version-history":[{"count":1,"href":"https:\/\/www.cal.org.pe\/v1\/wp-json\/wp\/v2\/posts\/62256\/revisions"}],"predecessor-version":[{"id":62258,"href":"https:\/\/www.cal.org.pe\/v1\/wp-json\/wp\/v2\/posts\/62256\/revisions\/62258"}],"wp:featuredmedia":[{"embeddable":true,"href":"https:\/\/www.cal.org.pe\/v1\/wp-json\/wp\/v2\/media\/58884"}],"wp:attachment":[{"href":"https:\/\/www.cal.org.pe\/v1\/wp-json\/wp\/v2\/media?parent=62256"}],"wp:term":[{"taxonomy":"category","embeddable":true,"href":"https:\/\/www.cal.org.pe\/v1\/wp-json\/wp\/v2\/categories?post=62256"},{"taxonomy":"post_tag","embeddable":true,"href":"https:\/\/www.cal.org.pe\/v1\/wp-json\/wp\/v2\/tags?post=62256"}],"curies":[{"name":"wp","href":"https:\/\/api.w.org\/{rel}","templated":true}]}}