{"id":62244,"date":"2024-11-27T20:00:00","date_gmt":"2024-11-27T20:00:00","guid":{"rendered":"https:\/\/www.cal.org.pe\/v1\/?p=62244"},"modified":"2024-11-28T02:57:35","modified_gmt":"2024-11-28T02:57:35","slug":"2do-dia-de-jornada-28-de-noviembre-i-congreso-nacional-de-la-abogacia","status":"publish","type":"post","link":"https:\/\/www.cal.org.pe\/v1\/2024\/11\/27\/2do-dia-de-jornada-28-de-noviembre-i-congreso-nacional-de-la-abogacia\/","title":{"rendered":"2DO D\u00cdA DE JORNADA | 28 DE NOVIEMBRE | I CONGRESO NACIONAL DE LA ABOGAC\u00cdA"},"content":{"rendered":"\n<figure class=\"wp-block-image size-large\"><img fetchpriority=\"high\" decoding=\"async\" width=\"1024\" height=\"1016\" src=\"https:\/\/www.cal.org.pe\/v1\/wp-content\/uploads\/2024\/11\/WhatsApp-Image-2024-11-27-at-9.39.01-PM-1024x1016.jpeg\" alt=\"\" class=\"wp-image-62245\" srcset=\"https:\/\/www.cal.org.pe\/v1\/wp-content\/uploads\/2024\/11\/WhatsApp-Image-2024-11-27-at-9.39.01-PM-1024x1016.jpeg 1024w, https:\/\/www.cal.org.pe\/v1\/wp-content\/uploads\/2024\/11\/WhatsApp-Image-2024-11-27-at-9.39.01-PM-300x298.jpeg 300w, https:\/\/www.cal.org.pe\/v1\/wp-content\/uploads\/2024\/11\/WhatsApp-Image-2024-11-27-at-9.39.01-PM-150x150.jpeg 150w, https:\/\/www.cal.org.pe\/v1\/wp-content\/uploads\/2024\/11\/WhatsApp-Image-2024-11-27-at-9.39.01-PM-768x762.jpeg 768w, https:\/\/www.cal.org.pe\/v1\/wp-content\/uploads\/2024\/11\/WhatsApp-Image-2024-11-27-at-9.39.01-PM.jpeg 1200w\" sizes=\"(max-width: 1024px) 100vw, 1024px\" \/><\/figure>\n\n\n\n<p>\ud83d\udd35\ud83d\udce2 2DO D\u00cdA DE JORNADA | 28 DE NOVIEMBRE | I CONGRESO NACIONAL DE LA ABOGAC\u00cdA \u2696\ufe0f<\/p>\n\n\n\n<p>Te invitamos a participar en esta importante jornada acad\u00e9mica donde seguiremos reflexionando sobre la \u00e9tica en el ejercicio de la abogac\u00eda y su impacto en la construcci\u00f3n del futuro del Derecho.<\/p>\n\n\n\n<p>\ud83d\uddd3 Jueves 28 de noviembre<br>\ud83d\udd55 6:00 p.m.<br>\ud83d\udccd Auditorio Jos\u00e9 Le\u00f3n Barandiar\u00e1n del CAL<br>Av. Santa Cruz N.\u00ba 255, Miraflores<br>\ud83d\udd34 PROGRAMA | SEGUNDO D\u00cdA<\/p>\n\n\n\n<p>\ud83c\udfa4 Conferencias principales:<br>\ud83d\udd39 \u201c\u00c9tica y Abogac\u00eda en tiempos Digitales\u201d \u2013 Dr. Ronald C\u00e1rdenas Krenz (Per\u00fa), Decano de la Facultad de Derecho de la Universidad de Lima<br>\ud83d\udd39 \u201cLos valores deontol\u00f3gicos y su aporte al Derecho\u201d \u2013 Dr. Juan A. Ramos Suyo (Per\u00fa)<br>\ud83d\udd39 \u201cLa Inteligencia Emocional dentro del marco de la \u00c9tica del profesional en Derecho\u201d \u2013 Dr. Herman Mora Vargas (Costa Rica)<br>\ud83d\udd39 \u201cRetos de la \u00c9tica en la abogac\u00eda frente a la Era Digital y la Inteligencia Artificial\u201d \u2013 Dr. Pedro Quiroz Allemant (Per\u00fa)<br>\ud83d\udd39 \u201c\u00c9tica en el Siglo XXI\u201d \u2013 Dr. Willy Ram\u00edrez Chavarry (Per\u00fa)<br>\ud83d\udd39 \u201cLa \u00c9tica y la IA\u201d \u2013 Dr. Napole\u00f3n Cabrejo Ormaechea (Per\u00fa)<\/p>\n\n\n\n<p>\ud83d\udcbc Organiza: Direcci\u00f3n de \u00c9tica Profesional del Colegio de Abogados de Lima, a cargo del Dr. Mauro Leandro Mart\u00edn.<\/p>\n\n\n\n<p>\ud83c\udf9f Ingreso libre<\/p>\n\n\n\n<p>\ud83d\ude4c \u00a1No te pierdas esta oportunidad de seguir enriqueciendo tu conocimiento y participar en este espacio de di\u00e1logo acad\u00e9mico!<\/p>\n","protected":false},"excerpt":{"rendered":"<p>\ud83d\udd35\ud83d\udce2 2DO D\u00cdA DE JORNADA | 28 DE NOVIEMBRE | I CONGRESO NACIONAL DE LA ABOGAC\u00cdA \u2696\ufe0f Te invitamos a participar en esta importante jornada acad\u00e9mica donde seguiremos reflexionando sobre la \u00e9tica en el ejercicio de la abogac\u00eda y su impacto en la construcci\u00f3n del futuro del Derecho. \ud83d\uddd3 Jueves 28 de noviembre\ud83d\udd55 6:00 p.m.\ud83d\udccd Auditorio Jos\u00e9 Le\u00f3n Barandiar\u00e1n del CALAv. Santa Cruz N.\u00ba 255, Miraflores\ud83d\udd34 PROGRAMA | SEGUNDO D\u00cdA \ud83c\udfa4 Conferencias principales:\ud83d\udd39 \u201c\u00c9tica y Abogac\u00eda en tiempos Digitales\u201d \u2013 Dr. Ronald C\u00e1rdenas Krenz (Per\u00fa), Decano de la Facultad de Derecho de la Universidad de Lima\ud83d\udd39 \u201cLos valores deontol\u00f3gicos y su aporte al Derecho\u201d \u2013 Dr. Juan A. Ramos Suyo (Per\u00fa)\ud83d\udd39 \u201cLa Inteligencia Emocional dentro del marco de la \u00c9tica del profesional en Derecho\u201d \u2013 Dr. Herman Mora Vargas (Costa Rica)\ud83d\udd39 \u201cRetos de la \u00c9tica en la abogac\u00eda frente a la Era Digital y la Inteligencia Artificial\u201d \u2013 Dr. Pedro Quiroz Allemant (Per\u00fa)\ud83d\udd39 \u201c\u00c9tica en el Siglo XXI\u201d \u2013 Dr. Willy Ram\u00edrez Chavarry (Per\u00fa)\ud83d\udd39 \u201cLa \u00c9tica y la IA\u201d \u2013 Dr. Napole\u00f3n Cabrejo Ormaechea (Per\u00fa) \ud83d\udcbc Organiza: Direcci\u00f3n de \u00c9tica Profesional del Colegio de Abogados de Lima, a cargo del Dr. Mauro Leandro Mart\u00edn. \ud83c\udf9f Ingreso libre \ud83d\ude4c \u00a1No te pierdas esta oportunidad de seguir enriqueciendo tu conocimiento y participar en este espacio de di\u00e1logo acad\u00e9mico!<\/p>\n","protected":false},"author":1,"featured_media":58882,"comment_status":"closed","ping_status":"open","sticky":false,"template":"","format":"standard","meta":{"pagelayer_contact_templates":[],"_pagelayer_content":"","footnotes":""},"categories":[40],"tags":[16],"class_list":["post-62244","post","type-post","status-publish","format-standard","has-post-thumbnail","hentry","category-direccion-de-etica-profesional","tag-eventos-academicos"],"rttpg_featured_image_url":{"full":["https:\/\/www.cal.org.pe\/v1\/wp-content\/uploads\/2024\/10\/EVENTOS-ACADEMICOS.jpg",800,500,false],"landscape":["https:\/\/www.cal.org.pe\/v1\/wp-content\/uploads\/2024\/10\/EVENTOS-ACADEMICOS.jpg",800,500,false],"portraits":["https:\/\/www.cal.org.pe\/v1\/wp-content\/uploads\/2024\/10\/EVENTOS-ACADEMICOS.jpg",800,500,false],"thumbnail":["https:\/\/www.cal.org.pe\/v1\/wp-content\/uploads\/2024\/10\/EVENTOS-ACADEMICOS-150x150.jpg",150,150,true],"medium":["https:\/\/www.cal.org.pe\/v1\/wp-content\/uploads\/2024\/10\/EVENTOS-ACADEMICOS-300x188.jpg",300,188,true],"large":["https:\/\/www.cal.org.pe\/v1\/wp-content\/uploads\/2024\/10\/EVENTOS-ACADEMICOS.jpg",800,500,false],"1536x1536":["https:\/\/www.cal.org.pe\/v1\/wp-content\/uploads\/2024\/10\/EVENTOS-ACADEMICOS.jpg",800,500,false],"2048x2048":["https:\/\/www.cal.org.pe\/v1\/wp-content\/uploads\/2024\/10\/EVENTOS-ACADEMICOS.jpg",800,500,false]},"rttpg_author":{"display_name":"Prensa","author_link":"https:\/\/www.cal.org.pe\/v1\/author\/alexsoriano1234live-com\/"},"rttpg_comment":0,"rttpg_category":"<a href=\"https:\/\/www.cal.org.pe\/v1\/category\/direccion-de-etica-profesional\/\" rel=\"category tag\">Direcci\u00f3n de \u00c9tica Profesional<\/a>","rttpg_excerpt":"\ud83d\udd35\ud83d\udce2 2DO D\u00cdA DE JORNADA | 28 DE NOVIEMBRE | I CONGRESO NACIONAL DE LA ABOGAC\u00cdA \u2696\ufe0f Te invitamos a participar en esta importante jornada acad\u00e9mica donde seguiremos reflexionando sobre la \u00e9tica en el ejercicio de la abogac\u00eda y su impacto en la construcci\u00f3n del futuro del Derecho. \ud83d\uddd3 Jueves 28 de noviembre\ud83d\udd55 6:00 p.m.\ud83d\udccd&hellip;","_links":{"self":[{"href":"https:\/\/www.cal.org.pe\/v1\/wp-json\/wp\/v2\/posts\/62244","targetHints":{"allow":["GET"]}}],"collection":[{"href":"https:\/\/www.cal.org.pe\/v1\/wp-json\/wp\/v2\/posts"}],"about":[{"href":"https:\/\/www.cal.org.pe\/v1\/wp-json\/wp\/v2\/types\/post"}],"author":[{"embeddable":true,"href":"https:\/\/www.cal.org.pe\/v1\/wp-json\/wp\/v2\/users\/1"}],"replies":[{"embeddable":true,"href":"https:\/\/www.cal.org.pe\/v1\/wp-json\/wp\/v2\/comments?post=62244"}],"version-history":[{"count":1,"href":"https:\/\/www.cal.org.pe\/v1\/wp-json\/wp\/v2\/posts\/62244\/revisions"}],"predecessor-version":[{"id":62250,"href":"https:\/\/www.cal.org.pe\/v1\/wp-json\/wp\/v2\/posts\/62244\/revisions\/62250"}],"wp:featuredmedia":[{"embeddable":true,"href":"https:\/\/www.cal.org.pe\/v1\/wp-json\/wp\/v2\/media\/58882"}],"wp:attachment":[{"href":"https:\/\/www.cal.org.pe\/v1\/wp-json\/wp\/v2\/media?parent=62244"}],"wp:term":[{"taxonomy":"category","embeddable":true,"href":"https:\/\/www.cal.org.pe\/v1\/wp-json\/wp\/v2\/categories?post=62244"},{"taxonomy":"post_tag","embeddable":true,"href":"https:\/\/www.cal.org.pe\/v1\/wp-json\/wp\/v2\/tags?post=62244"}],"curies":[{"name":"wp","href":"https:\/\/api.w.org\/{rel}","templated":true}]}}