{"id":61595,"date":"2024-11-09T19:40:00","date_gmt":"2024-11-09T19:40:00","guid":{"rendered":"https:\/\/www.cal.org.pe\/v1\/?p=61595"},"modified":"2024-11-11T20:12:44","modified_gmt":"2024-11-11T20:12:44","slug":"gran-reapertura-de-la-sede-san-hector-del-colegio-de-abogados-de-lima","status":"publish","type":"post","link":"https:\/\/www.cal.org.pe\/v1\/2024\/11\/09\/gran-reapertura-de-la-sede-san-hector-del-colegio-de-abogados-de-lima\/","title":{"rendered":"GRAN REAPERTURA DE LA SEDE SAN H\u00c9CTOR DEL COLEGIO DE ABOGADOS DE LIMA"},"content":{"rendered":"\n<figure class=\"wp-block-image size-full\"><img fetchpriority=\"high\" decoding=\"async\" width=\"800\" height=\"500\" src=\"https:\/\/www.cal.org.pe\/v1\/wp-content\/uploads\/2024\/10\/NOTAS-DE-PRENSA.jpg\" alt=\"\" class=\"wp-image-58884\" srcset=\"https:\/\/www.cal.org.pe\/v1\/wp-content\/uploads\/2024\/10\/NOTAS-DE-PRENSA.jpg 800w, https:\/\/www.cal.org.pe\/v1\/wp-content\/uploads\/2024\/10\/NOTAS-DE-PRENSA-300x188.jpg 300w, https:\/\/www.cal.org.pe\/v1\/wp-content\/uploads\/2024\/10\/NOTAS-DE-PRENSA-768x480.jpg 768w\" sizes=\"(max-width: 800px) 100vw, 800px\" \/><\/figure>\n\n\n\n<p>En una concurrida ceremonia, el Colegio de Abogados de Lima (CAL) celebr\u00f3 la reapertura de su renovada sede San H\u00e9ctor, ubicada en Los Olivos. Este espacio tan olvidado y con muchas deficiencias por mucho tiempo, ha sido acondicionado para ofrecer a todos los agremiados un entorno m\u00e1s c\u00f3modo y de calidad para el desarrollo de las actividades gremiales, reafirmando as\u00ed el compromiso del CAL con la mejora constante de sus servicios.<\/p>\n\n\n\n<p>En este evento, se realiz\u00f3 adem\u00e1s la juramentaci\u00f3n de las Asociaciones Distritales de Abogados de Lima Norte, acto que estuvo a cargo de la Direcci\u00f3n de Extensi\u00f3n Social y Participaci\u00f3n bajo el liderazgo del Dr. Juan Humberto Quiroz Rosas. La ceremonia cont\u00f3 con la presencia de diversos directivos del CAL, autoridades de la jurisdicci\u00f3n, y p\u00fablico en general que se uni\u00f3 a esta ocasi\u00f3n especial para compartir el importante avance de la instituci\u00f3n.<\/p>\n\n\n\n<p>\u201cEsta reapertura marca un hito en el fortalecimiento de nuestros espacios gremiales, los cuales buscan fomentar la descentralizaci\u00f3n de nuestros servicios, para que llegue a cada agremiado\u201d, destac\u00f3 el Decano, Dr. Ra\u00fal Canelo Rabanal, quien reiter\u00f3 el compromiso del CAL de continuar trabajando en el desarrollo de infraestructura que beneficie a los miembros de la Orden.<\/p>\n\n\n\n<p>La sede San H\u00e9ctor, ubicada en la calle San H\u00e9ctor 219, en la Urbanizaci\u00f3n Santa Luisa, se presenta as\u00ed como un renovado punto de encuentro para los profesionales del derecho en Lima Norte, con instalaciones mejoradas que reflejan el esfuerzo del CAL en brindar servicios de calidad a sus agremiados.<\/p>\n\n\n\n<p>Lima, 8 de noviembre de 2024<\/p>\n\n\n\n<p><\/p>\n","protected":false},"excerpt":{"rendered":"<p>En una concurrida ceremonia, el Colegio de Abogados de Lima (CAL) celebr\u00f3 la reapertura de su renovada sede San H\u00e9ctor, ubicada en Los Olivos. Este espacio tan olvidado y con muchas deficiencias por mucho tiempo, ha sido acondicionado para ofrecer a todos los agremiados un entorno m\u00e1s c\u00f3modo y de calidad para el desarrollo de las actividades gremiales, reafirmando as\u00ed el compromiso del CAL con la mejora constante de sus servicios. En este evento, se realiz\u00f3 adem\u00e1s la juramentaci\u00f3n de las Asociaciones Distritales de Abogados de Lima Norte, acto que estuvo a cargo de la Direcci\u00f3n de Extensi\u00f3n Social y Participaci\u00f3n bajo el liderazgo del Dr. Juan Humberto Quiroz Rosas. La ceremonia cont\u00f3 con la presencia de diversos directivos del CAL, autoridades de la jurisdicci\u00f3n, y p\u00fablico en general que se uni\u00f3 a esta ocasi\u00f3n especial para compartir el importante avance de la instituci\u00f3n. \u201cEsta reapertura marca un hito en el fortalecimiento de nuestros espacios gremiales, los cuales buscan fomentar la descentralizaci\u00f3n de nuestros servicios, para que llegue a cada agremiado\u201d, destac\u00f3 el Decano, Dr. Ra\u00fal Canelo Rabanal, quien reiter\u00f3 el compromiso del CAL de continuar trabajando en el desarrollo de infraestructura que beneficie a los miembros de la Orden. La sede San H\u00e9ctor, ubicada en la calle San H\u00e9ctor 219, en la Urbanizaci\u00f3n Santa Luisa, se presenta as\u00ed como un renovado punto de encuentro para los profesionales del derecho en Lima Norte, con instalaciones mejoradas que reflejan el esfuerzo del CAL en brindar servicios de calidad a sus agremiados. Lima, 8 de noviembre de 2024<\/p>\n","protected":false},"author":1,"featured_media":58884,"comment_status":"closed","ping_status":"open","sticky":false,"template":"","format":"standard","meta":{"pagelayer_contact_templates":[],"_pagelayer_content":"","footnotes":""},"categories":[13],"tags":[],"class_list":["post-61595","post","type-post","status-publish","format-standard","has-post-thumbnail","hentry","category-decanato"],"rttpg_featured_image_url":{"full":["https:\/\/www.cal.org.pe\/v1\/wp-content\/uploads\/2024\/10\/NOTAS-DE-PRENSA.jpg",800,500,false],"landscape":["https:\/\/www.cal.org.pe\/v1\/wp-content\/uploads\/2024\/10\/NOTAS-DE-PRENSA.jpg",800,500,false],"portraits":["https:\/\/www.cal.org.pe\/v1\/wp-content\/uploads\/2024\/10\/NOTAS-DE-PRENSA.jpg",800,500,false],"thumbnail":["https:\/\/www.cal.org.pe\/v1\/wp-content\/uploads\/2024\/10\/NOTAS-DE-PRENSA-150x150.jpg",150,150,true],"medium":["https:\/\/www.cal.org.pe\/v1\/wp-content\/uploads\/2024\/10\/NOTAS-DE-PRENSA-300x188.jpg",300,188,true],"large":["https:\/\/www.cal.org.pe\/v1\/wp-content\/uploads\/2024\/10\/NOTAS-DE-PRENSA.jpg",800,500,false],"1536x1536":["https:\/\/www.cal.org.pe\/v1\/wp-content\/uploads\/2024\/10\/NOTAS-DE-PRENSA.jpg",800,500,false],"2048x2048":["https:\/\/www.cal.org.pe\/v1\/wp-content\/uploads\/2024\/10\/NOTAS-DE-PRENSA.jpg",800,500,false]},"rttpg_author":{"display_name":"Prensa","author_link":"https:\/\/www.cal.org.pe\/v1\/author\/alexsoriano1234live-com\/"},"rttpg_comment":0,"rttpg_category":"<a href=\"https:\/\/www.cal.org.pe\/v1\/category\/decanato\/\" rel=\"category tag\">Decanato<\/a>","rttpg_excerpt":"En una concurrida ceremonia, el Colegio de Abogados de Lima (CAL) celebr\u00f3 la reapertura de su renovada sede San H\u00e9ctor, ubicada en Los Olivos. Este espacio tan olvidado y con muchas deficiencias por mucho tiempo, ha sido acondicionado para ofrecer a todos los agremiados un entorno m\u00e1s c\u00f3modo y de calidad para el desarrollo de&hellip;","_links":{"self":[{"href":"https:\/\/www.cal.org.pe\/v1\/wp-json\/wp\/v2\/posts\/61595","targetHints":{"allow":["GET"]}}],"collection":[{"href":"https:\/\/www.cal.org.pe\/v1\/wp-json\/wp\/v2\/posts"}],"about":[{"href":"https:\/\/www.cal.org.pe\/v1\/wp-json\/wp\/v2\/types\/post"}],"author":[{"embeddable":true,"href":"https:\/\/www.cal.org.pe\/v1\/wp-json\/wp\/v2\/users\/1"}],"replies":[{"embeddable":true,"href":"https:\/\/www.cal.org.pe\/v1\/wp-json\/wp\/v2\/comments?post=61595"}],"version-history":[{"count":1,"href":"https:\/\/www.cal.org.pe\/v1\/wp-json\/wp\/v2\/posts\/61595\/revisions"}],"predecessor-version":[{"id":61600,"href":"https:\/\/www.cal.org.pe\/v1\/wp-json\/wp\/v2\/posts\/61595\/revisions\/61600"}],"wp:featuredmedia":[{"embeddable":true,"href":"https:\/\/www.cal.org.pe\/v1\/wp-json\/wp\/v2\/media\/58884"}],"wp:attachment":[{"href":"https:\/\/www.cal.org.pe\/v1\/wp-json\/wp\/v2\/media?parent=61595"}],"wp:term":[{"taxonomy":"category","embeddable":true,"href":"https:\/\/www.cal.org.pe\/v1\/wp-json\/wp\/v2\/categories?post=61595"},{"taxonomy":"post_tag","embeddable":true,"href":"https:\/\/www.cal.org.pe\/v1\/wp-json\/wp\/v2\/tags?post=61595"}],"curies":[{"name":"wp","href":"https:\/\/api.w.org\/{rel}","templated":true}]}}