{"id":59728,"date":"2024-10-17T20:54:20","date_gmt":"2024-10-17T20:54:20","guid":{"rendered":"https:\/\/www.cal.org.pe\/v1\/?p=59728"},"modified":"2024-10-28T15:54:19","modified_gmt":"2024-10-28T15:54:19","slug":"congreso-nacional-etica-en-la-abogacia-construyendo-el-futuro-del-derecho","status":"publish","type":"post","link":"https:\/\/www.cal.org.pe\/v1\/2024\/10\/17\/congreso-nacional-etica-en-la-abogacia-construyendo-el-futuro-del-derecho\/","title":{"rendered":"CONGRESO NACIONAL: \u00ab\u00c9TICA EN LA ABOGAC\u00cdA: Construyendo el futuro del Derecho\u00bb"},"content":{"rendered":"\n<figure class=\"wp-block-image size-large\"><img fetchpriority=\"high\" decoding=\"async\" width=\"1024\" height=\"1024\" src=\"https:\/\/www.cal.org.pe\/v1\/wp-content\/uploads\/2024\/10\/GRA-ETICA-CONGRESO-V2-4-1024x1024.png\" alt=\"\" class=\"wp-image-60401\" srcset=\"https:\/\/www.cal.org.pe\/v1\/wp-content\/uploads\/2024\/10\/GRA-ETICA-CONGRESO-V2-4-1024x1024.png 1024w, https:\/\/www.cal.org.pe\/v1\/wp-content\/uploads\/2024\/10\/GRA-ETICA-CONGRESO-V2-4-300x300.png 300w, https:\/\/www.cal.org.pe\/v1\/wp-content\/uploads\/2024\/10\/GRA-ETICA-CONGRESO-V2-4-150x150.png 150w, https:\/\/www.cal.org.pe\/v1\/wp-content\/uploads\/2024\/10\/GRA-ETICA-CONGRESO-V2-4-768x768.png 768w, https:\/\/www.cal.org.pe\/v1\/wp-content\/uploads\/2024\/10\/GRA-ETICA-CONGRESO-V2-4.png 1200w\" sizes=\"(max-width: 1024px) 100vw, 1024px\" \/><\/figure>\n\n\n\n<p>\ud83d\udd35\ud83d\udce2 #CONVOCATORIA | El Colegio de Abogados de Lima invita a los abogados y estudiantes de todo el Per\u00fa al CONGRESO NACIONAL: \u00ab\u00c9TICA EN LA ABOGAC\u00cdA: Construyendo el futuro del Derecho\u00bb, organizado por la Direcci\u00f3n de \u00c9tica Profesional del CAL a cargo del Dr. Mauro Leandro Mart\u00edn.<\/p>\n\n\n\n<p>\ud83d\udcc5 27 Y 28 de noviembre<br>\ud83d\udd58 Hora: 6:30 p.m.<br>\ud83d\udccd Auditorio: Jos\u00e9 Le\u00f3n Barandiar\u00e1n, Av. Santa Cruz 255, Miraflores.<\/p>\n\n\n\n<p>\ud83d\udccc Para mayor informaci\u00f3n e inscripciones, comun\u00edquese al correo: sec_eticaprofesional@colegiodeabogadosdelima.pe<\/p>\n\n\n\n<p>\ud83d\udccc Tiempo m\u00e1ximo de recepci\u00f3n de ponencias:<br>Viernes 28 de octubre<\/p>\n\n\n\n<p>\u2705 Bases para la ponencia:<br><a href=\"https:\/\/etica.cal.org.pe\/\">AQU\u00cd<\/a><\/p>\n\n\n\n<p>\u00a1No te pierdas de esta oportunidad y participa!<\/p>\n","protected":false},"excerpt":{"rendered":"<p>\ud83d\udd35\ud83d\udce2 #CONVOCATORIA | El Colegio de Abogados de Lima invita a los abogados y estudiantes de todo el Per\u00fa al CONGRESO NACIONAL: \u00ab\u00c9TICA EN LA ABOGAC\u00cdA: Construyendo el futuro del Derecho\u00bb, organizado por la Direcci\u00f3n de \u00c9tica Profesional del CAL a cargo del Dr. Mauro Leandro Mart\u00edn. \ud83d\udcc5 27 Y 28 de noviembre\ud83d\udd58 Hora: 6:30 p.m.\ud83d\udccd Auditorio: Jos\u00e9 Le\u00f3n Barandiar\u00e1n, Av. Santa Cruz 255, Miraflores. \ud83d\udccc Para mayor informaci\u00f3n e inscripciones, comun\u00edquese al correo: sec_eticaprofesional@colegiodeabogadosdelima.pe \ud83d\udccc Tiempo m\u00e1ximo de recepci\u00f3n de ponencias:Viernes 28 de octubre \u2705 Bases para la ponencia:AQU\u00cd \u00a1No te pierdas de esta oportunidad y participa!<\/p>\n","protected":false},"author":1,"featured_media":58882,"comment_status":"closed","ping_status":"open","sticky":false,"template":"","format":"standard","meta":{"pagelayer_contact_templates":[],"_pagelayer_content":"","footnotes":""},"categories":[40],"tags":[16],"class_list":["post-59728","post","type-post","status-publish","format-standard","has-post-thumbnail","hentry","category-direccion-de-etica-profesional","tag-eventos-academicos"],"rttpg_featured_image_url":{"full":["https:\/\/www.cal.org.pe\/v1\/wp-content\/uploads\/2024\/10\/EVENTOS-ACADEMICOS.jpg",800,500,false],"landscape":["https:\/\/www.cal.org.pe\/v1\/wp-content\/uploads\/2024\/10\/EVENTOS-ACADEMICOS.jpg",800,500,false],"portraits":["https:\/\/www.cal.org.pe\/v1\/wp-content\/uploads\/2024\/10\/EVENTOS-ACADEMICOS.jpg",800,500,false],"thumbnail":["https:\/\/www.cal.org.pe\/v1\/wp-content\/uploads\/2024\/10\/EVENTOS-ACADEMICOS-150x150.jpg",150,150,true],"medium":["https:\/\/www.cal.org.pe\/v1\/wp-content\/uploads\/2024\/10\/EVENTOS-ACADEMICOS-300x188.jpg",300,188,true],"large":["https:\/\/www.cal.org.pe\/v1\/wp-content\/uploads\/2024\/10\/EVENTOS-ACADEMICOS.jpg",800,500,false],"1536x1536":["https:\/\/www.cal.org.pe\/v1\/wp-content\/uploads\/2024\/10\/EVENTOS-ACADEMICOS.jpg",800,500,false],"2048x2048":["https:\/\/www.cal.org.pe\/v1\/wp-content\/uploads\/2024\/10\/EVENTOS-ACADEMICOS.jpg",800,500,false]},"rttpg_author":{"display_name":"Prensa","author_link":"https:\/\/www.cal.org.pe\/v1\/author\/alexsoriano1234live-com\/"},"rttpg_comment":0,"rttpg_category":"<a href=\"https:\/\/www.cal.org.pe\/v1\/category\/direccion-de-etica-profesional\/\" rel=\"category tag\">Direcci\u00f3n de \u00c9tica Profesional<\/a>","rttpg_excerpt":"\ud83d\udd35\ud83d\udce2 #CONVOCATORIA | El Colegio de Abogados de Lima invita a los abogados y estudiantes de todo el Per\u00fa al CONGRESO NACIONAL: \u00ab\u00c9TICA EN LA ABOGAC\u00cdA: Construyendo el futuro del Derecho\u00bb, organizado por la Direcci\u00f3n de \u00c9tica Profesional del CAL a cargo del Dr. Mauro Leandro Mart\u00edn. \ud83d\udcc5 27 Y 28 de noviembre\ud83d\udd58 Hora: 6:30&hellip;","_links":{"self":[{"href":"https:\/\/www.cal.org.pe\/v1\/wp-json\/wp\/v2\/posts\/59728","targetHints":{"allow":["GET"]}}],"collection":[{"href":"https:\/\/www.cal.org.pe\/v1\/wp-json\/wp\/v2\/posts"}],"about":[{"href":"https:\/\/www.cal.org.pe\/v1\/wp-json\/wp\/v2\/types\/post"}],"author":[{"embeddable":true,"href":"https:\/\/www.cal.org.pe\/v1\/wp-json\/wp\/v2\/users\/1"}],"replies":[{"embeddable":true,"href":"https:\/\/www.cal.org.pe\/v1\/wp-json\/wp\/v2\/comments?post=59728"}],"version-history":[{"count":5,"href":"https:\/\/www.cal.org.pe\/v1\/wp-json\/wp\/v2\/posts\/59728\/revisions"}],"predecessor-version":[{"id":60402,"href":"https:\/\/www.cal.org.pe\/v1\/wp-json\/wp\/v2\/posts\/59728\/revisions\/60402"}],"wp:featuredmedia":[{"embeddable":true,"href":"https:\/\/www.cal.org.pe\/v1\/wp-json\/wp\/v2\/media\/58882"}],"wp:attachment":[{"href":"https:\/\/www.cal.org.pe\/v1\/wp-json\/wp\/v2\/media?parent=59728"}],"wp:term":[{"taxonomy":"category","embeddable":true,"href":"https:\/\/www.cal.org.pe\/v1\/wp-json\/wp\/v2\/categories?post=59728"},{"taxonomy":"post_tag","embeddable":true,"href":"https:\/\/www.cal.org.pe\/v1\/wp-json\/wp\/v2\/tags?post=59728"}],"curies":[{"name":"wp","href":"https:\/\/api.w.org\/{rel}","templated":true}]}}