{"id":59120,"date":"2024-06-27T20:15:00","date_gmt":"2024-06-27T20:15:00","guid":{"rendered":"https:\/\/www.cal.org.pe\/v1\/?p=59120"},"modified":"2024-10-09T20:17:30","modified_gmt":"2024-10-09T20:17:30","slug":"campana-social-de-orientacion-legal-gratuita","status":"publish","type":"post","link":"https:\/\/www.cal.org.pe\/v1\/2024\/06\/27\/campana-social-de-orientacion-legal-gratuita\/","title":{"rendered":"Campa\u00f1a Social de orientaci\u00f3n legal gratuita"},"content":{"rendered":"\n<p>La Direcci\u00f3n de Extensi\u00f3n Social y Participaci\u00f3n del Ilustre Colegio de Abogados de Lima, a cargo del Dr. JUAN HUMBERTO QUIROZ ROSAS, en coordinaci\u00f3n con la Asociaci\u00f3n Distrital de Abogados de El Agustino, llevar\u00e1 a cabo una CAMPA\u00d1A SOCIAL GRATUITA el s\u00e1bado 29 de Junio en el distrito de El Agustino. Se ofrecer\u00e1n servicios de Orientaci\u00f3n Legal Gratuita y Consultas en Salud Natural.<\/p>\n\n\n\n<p>Presidenta del A.D.A. El Agustino, Dra. Carmen Carolina Castillo Yataco.<\/p>\n\n\n\n<p>S\u00e1bado 29 de Junio<\/p>\n\n\n\n<p>9:00 a.m.<\/p>\n\n\n\n<p>Av. Riva Ag\u00fcero 1331 \u2013 Enfrente de la Municipalidad de El Agustino.<\/p>\n","protected":false},"excerpt":{"rendered":"<p>La Direcci\u00f3n de Extensi\u00f3n Social y Participaci\u00f3n del Ilustre Colegio de Abogados de Lima, a cargo del Dr. JUAN HUMBERTO QUIROZ ROSAS, en coordinaci\u00f3n con la Asociaci\u00f3n Distrital de Abogados de El Agustino, llevar\u00e1 a cabo una CAMPA\u00d1A SOCIAL GRATUITA el s\u00e1bado 29 de Junio en el distrito de El Agustino. Se ofrecer\u00e1n servicios de Orientaci\u00f3n Legal Gratuita y Consultas en Salud Natural. Presidenta del A.D.A. El Agustino, Dra. Carmen Carolina Castillo Yataco. S\u00e1bado 29 de Junio 9:00 a.m. Av. Riva Ag\u00fcero 1331 \u2013 Enfrente de la Municipalidad de El Agustino.<\/p>\n","protected":false},"author":3,"featured_media":58878,"comment_status":"closed","ping_status":"open","sticky":false,"template":"","format":"standard","meta":{"pagelayer_contact_templates":[],"_pagelayer_content":"","footnotes":""},"categories":[22],"tags":[45],"class_list":["post-59120","post","type-post","status-publish","format-standard","has-post-thumbnail","hentry","category-direccion-de-extension-social-y-participacion","tag-avisos"],"rttpg_featured_image_url":{"full":["https:\/\/www.cal.org.pe\/v1\/wp-content\/uploads\/2024\/10\/AVISOS.jpg",800,500,false],"landscape":["https:\/\/www.cal.org.pe\/v1\/wp-content\/uploads\/2024\/10\/AVISOS.jpg",800,500,false],"portraits":["https:\/\/www.cal.org.pe\/v1\/wp-content\/uploads\/2024\/10\/AVISOS.jpg",800,500,false],"thumbnail":["https:\/\/www.cal.org.pe\/v1\/wp-content\/uploads\/2024\/10\/AVISOS-150x150.jpg",150,150,true],"medium":["https:\/\/www.cal.org.pe\/v1\/wp-content\/uploads\/2024\/10\/AVISOS-300x188.jpg",300,188,true],"large":["https:\/\/www.cal.org.pe\/v1\/wp-content\/uploads\/2024\/10\/AVISOS.jpg",800,500,false],"1536x1536":["https:\/\/www.cal.org.pe\/v1\/wp-content\/uploads\/2024\/10\/AVISOS.jpg",800,500,false],"2048x2048":["https:\/\/www.cal.org.pe\/v1\/wp-content\/uploads\/2024\/10\/AVISOS.jpg",800,500,false]},"rttpg_author":{"display_name":"Prensa CAL","author_link":"https:\/\/www.cal.org.pe\/v1\/author\/prensa-cal\/"},"rttpg_comment":0,"rttpg_category":"<a href=\"https:\/\/www.cal.org.pe\/v1\/category\/direccion-de-extension-social-y-participacion\/\" rel=\"category tag\">Direcci\u00f3n de Extensi\u00f3n Social y Participaci\u00f3n<\/a>","rttpg_excerpt":"La Direcci\u00f3n de Extensi\u00f3n Social y Participaci\u00f3n del Ilustre Colegio de Abogados de Lima, a cargo del Dr. JUAN HUMBERTO QUIROZ ROSAS, en coordinaci\u00f3n con la Asociaci\u00f3n Distrital de Abogados de El Agustino, llevar\u00e1 a cabo una CAMPA\u00d1A SOCIAL GRATUITA el s\u00e1bado 29 de Junio en el distrito de El Agustino. Se ofrecer\u00e1n servicios de&hellip;","_links":{"self":[{"href":"https:\/\/www.cal.org.pe\/v1\/wp-json\/wp\/v2\/posts\/59120","targetHints":{"allow":["GET"]}}],"collection":[{"href":"https:\/\/www.cal.org.pe\/v1\/wp-json\/wp\/v2\/posts"}],"about":[{"href":"https:\/\/www.cal.org.pe\/v1\/wp-json\/wp\/v2\/types\/post"}],"author":[{"embeddable":true,"href":"https:\/\/www.cal.org.pe\/v1\/wp-json\/wp\/v2\/users\/3"}],"replies":[{"embeddable":true,"href":"https:\/\/www.cal.org.pe\/v1\/wp-json\/wp\/v2\/comments?post=59120"}],"version-history":[{"count":1,"href":"https:\/\/www.cal.org.pe\/v1\/wp-json\/wp\/v2\/posts\/59120\/revisions"}],"predecessor-version":[{"id":59121,"href":"https:\/\/www.cal.org.pe\/v1\/wp-json\/wp\/v2\/posts\/59120\/revisions\/59121"}],"wp:featuredmedia":[{"embeddable":true,"href":"https:\/\/www.cal.org.pe\/v1\/wp-json\/wp\/v2\/media\/58878"}],"wp:attachment":[{"href":"https:\/\/www.cal.org.pe\/v1\/wp-json\/wp\/v2\/media?parent=59120"}],"wp:term":[{"taxonomy":"category","embeddable":true,"href":"https:\/\/www.cal.org.pe\/v1\/wp-json\/wp\/v2\/categories?post=59120"},{"taxonomy":"post_tag","embeddable":true,"href":"https:\/\/www.cal.org.pe\/v1\/wp-json\/wp\/v2\/tags?post=59120"}],"curies":[{"name":"wp","href":"https:\/\/api.w.org\/{rel}","templated":true}]}}