{"id":58855,"date":"2024-10-04T17:13:37","date_gmt":"2024-10-04T17:13:37","guid":{"rendered":"https:\/\/www.cal.org.pe\/v1\/?p=58855"},"modified":"2024-10-07T17:18:18","modified_gmt":"2024-10-07T17:18:18","slug":"calenlanoticia-cambiar-de-nombre-a-delitos-es-un-absurdo","status":"publish","type":"post","link":"https:\/\/www.cal.org.pe\/v1\/2024\/10\/04\/calenlanoticia-cambiar-de-nombre-a-delitos-es-un-absurdo\/","title":{"rendered":"#CALenLaNoticia | Cambiar de nombre a delitos es un absurdo"},"content":{"rendered":"\n<p><a href=\"https:\/\/fb.watch\/v3QbSNByLd\">https:\/\/fb.watch\/v3QbSNByLd<\/a><\/p>\n\n\n\n<p>La voz del CAL se escucha en fueros internacionales <img decoding=\"async\" height=\"16\" width=\"16\" src=\"https:\/\/static.xx.fbcdn.net\/images\/emoji.php\/v9\/tfb\/1\/16\/1f5e3.png\" alt=\"\ud83d\udde3\ufe0f\"> El Dr. Ra\u00fal Canelo, Decano del Colegio de Abogados de Lima (CAL), coment\u00f3 sobre los puntos en agenda que sostuvo con la Presidenta y altos directivos de la Corte Interamericana de Derechos Humanos en San Jos\u00e9 de Costa Rica. Asimismo, brind\u00f3 opini\u00f3n sobre la ley contra el crimen organizado que favorece a la proliferaci\u00f3n de los delitos del sicariato y extorsi\u00f3n.<\/p>\n\n\n\n<p><\/p>\n","protected":false},"excerpt":{"rendered":"<p>https:\/\/fb.watch\/v3QbSNByLd La voz del CAL se escucha en fueros internacionales El Dr. Ra\u00fal Canelo, Decano del Colegio de Abogados de Lima (CAL), coment\u00f3 sobre los puntos en agenda que sostuvo con la Presidenta y altos directivos de la Corte Interamericana de Derechos Humanos en San Jos\u00e9 de Costa Rica. Asimismo, brind\u00f3 opini\u00f3n sobre la ley contra el crimen organizado que favorece a la proliferaci\u00f3n de los delitos del sicariato y extorsi\u00f3n.<\/p>\n","protected":false},"author":3,"featured_media":57931,"comment_status":"closed","ping_status":"open","sticky":false,"template":"","format":"standard","meta":{"pagelayer_contact_templates":[],"_pagelayer_content":"","footnotes":""},"categories":[30],"tags":[44],"class_list":["post-58855","post","type-post","status-publish","format-standard","has-post-thumbnail","hentry","category-direccion-de-comunicaciones-e-informatica-juridica","tag-pronunciamientos"],"rttpg_featured_image_url":{"full":["https:\/\/www.cal.org.pe\/v1\/wp-content\/uploads\/2024\/09\/CAL-NOTICIA.jpg",800,500,false],"landscape":["https:\/\/www.cal.org.pe\/v1\/wp-content\/uploads\/2024\/09\/CAL-NOTICIA.jpg",800,500,false],"portraits":["https:\/\/www.cal.org.pe\/v1\/wp-content\/uploads\/2024\/09\/CAL-NOTICIA.jpg",800,500,false],"thumbnail":["https:\/\/www.cal.org.pe\/v1\/wp-content\/uploads\/2024\/09\/CAL-NOTICIA-150x150.jpg",150,150,true],"medium":["https:\/\/www.cal.org.pe\/v1\/wp-content\/uploads\/2024\/09\/CAL-NOTICIA-300x188.jpg",300,188,true],"large":["https:\/\/www.cal.org.pe\/v1\/wp-content\/uploads\/2024\/09\/CAL-NOTICIA.jpg",800,500,false],"1536x1536":["https:\/\/www.cal.org.pe\/v1\/wp-content\/uploads\/2024\/09\/CAL-NOTICIA.jpg",800,500,false],"2048x2048":["https:\/\/www.cal.org.pe\/v1\/wp-content\/uploads\/2024\/09\/CAL-NOTICIA.jpg",800,500,false]},"rttpg_author":{"display_name":"Prensa CAL","author_link":"https:\/\/www.cal.org.pe\/v1\/author\/prensa-cal\/"},"rttpg_comment":0,"rttpg_category":"<a href=\"https:\/\/www.cal.org.pe\/v1\/category\/direccion-de-comunicaciones-e-informatica-juridica\/\" rel=\"category tag\">Direcci\u00f3n de Comunicaciones e Inform\u00e1tica Jur\u00eddica<\/a>","rttpg_excerpt":"https:\/\/fb.watch\/v3QbSNByLd La voz del CAL se escucha en fueros internacionales El Dr. Ra\u00fal Canelo, Decano del Colegio de Abogados de Lima (CAL), coment\u00f3 sobre los puntos en agenda que sostuvo con la Presidenta y altos directivos de la Corte Interamericana de Derechos Humanos en San Jos\u00e9 de Costa Rica. Asimismo, brind\u00f3 opini\u00f3n sobre la ley&hellip;","_links":{"self":[{"href":"https:\/\/www.cal.org.pe\/v1\/wp-json\/wp\/v2\/posts\/58855","targetHints":{"allow":["GET"]}}],"collection":[{"href":"https:\/\/www.cal.org.pe\/v1\/wp-json\/wp\/v2\/posts"}],"about":[{"href":"https:\/\/www.cal.org.pe\/v1\/wp-json\/wp\/v2\/types\/post"}],"author":[{"embeddable":true,"href":"https:\/\/www.cal.org.pe\/v1\/wp-json\/wp\/v2\/users\/3"}],"replies":[{"embeddable":true,"href":"https:\/\/www.cal.org.pe\/v1\/wp-json\/wp\/v2\/comments?post=58855"}],"version-history":[{"count":1,"href":"https:\/\/www.cal.org.pe\/v1\/wp-json\/wp\/v2\/posts\/58855\/revisions"}],"predecessor-version":[{"id":58862,"href":"https:\/\/www.cal.org.pe\/v1\/wp-json\/wp\/v2\/posts\/58855\/revisions\/58862"}],"wp:featuredmedia":[{"embeddable":true,"href":"https:\/\/www.cal.org.pe\/v1\/wp-json\/wp\/v2\/media\/57931"}],"wp:attachment":[{"href":"https:\/\/www.cal.org.pe\/v1\/wp-json\/wp\/v2\/media?parent=58855"}],"wp:term":[{"taxonomy":"category","embeddable":true,"href":"https:\/\/www.cal.org.pe\/v1\/wp-json\/wp\/v2\/categories?post=58855"},{"taxonomy":"post_tag","embeddable":true,"href":"https:\/\/www.cal.org.pe\/v1\/wp-json\/wp\/v2\/tags?post=58855"}],"curies":[{"name":"wp","href":"https:\/\/api.w.org\/{rel}","templated":true}]}}