{"id":58840,"date":"2024-10-04T17:01:47","date_gmt":"2024-10-04T17:01:47","guid":{"rendered":"https:\/\/www.cal.org.pe\/v1\/?p=58840"},"modified":"2024-12-06T16:08:00","modified_gmt":"2024-12-06T16:08:00","slug":"servicios-integrales-de-sepelio","status":"publish","type":"post","link":"https:\/\/www.cal.org.pe\/v1\/2024\/10\/04\/servicios-integrales-de-sepelio\/","title":{"rendered":"Servicios Integrales de Sepelio"},"content":{"rendered":"\n<p>El Colegio de Abogados de Lima y el Camposanto Parque del Recuerdo han unido esfuerzos para brindar servicios integrales de sepelio a nuestros agremiados a trav\u00e9s de la Caja de Previsi\u00f3n Social.<\/p>\n\n\n\n<p><img decoding=\"async\" height=\"16\" width=\"16\" alt=\"\ud83d\udd4a\" src=\"https:\/\/static.xx.fbcdn.net\/images\/emoji.php\/v9\/tba\/1\/16\/1f54a.png\"> Conoce los camposantos ubicados en:<\/p>\n\n\n\n<p>Lur\u00edn, Callao, Puente Piedra, Anc\u00f3n, Carabayllo<\/p>\n\n\n\n<p><img decoding=\"async\" height=\"16\" width=\"16\" alt=\"\ud83d\udd17\" src=\"https:\/\/static.xx.fbcdn.net\/images\/emoji.php\/v9\/tb3\/1\/16\/1f517.png\"> Para mayor informaci\u00f3n, comun\u00edcate a:<\/p>\n\n\n\n<p><img decoding=\"async\" height=\"16\" width=\"16\" alt=\"\u2709\" src=\"https:\/\/static.xx.fbcdn.net\/images\/emoji.php\/v9\/t37\/1\/16\/2709.png\"> convenios@parquedelrecuerdo.org<\/p>\n\n\n\n<p><img loading=\"lazy\" decoding=\"async\" height=\"16\" width=\"16\" alt=\"\ud83d\udcde\" src=\"https:\/\/static.xx.fbcdn.net\/images\/emoji.php\/v9\/t4d\/1\/16\/1f4de.png\"> 995 420 456 \u2013 Flor de Mar\u00eda Quiroz<\/p>\n\n\n\n<p>\u00a1Protege a tu familia con el respaldo y tranquilidad que mereces!<\/p>\n\n\n\n<p><img loading=\"lazy\" decoding=\"async\" height=\"16\" width=\"16\" alt=\"\ud83c\udf10\" src=\"https:\/\/static.xx.fbcdn.net\/images\/emoji.php\/v9\/taa\/1\/16\/1f310.png\"> Visita: <a href=\"https:\/\/l.facebook.com\/l.php?u=http%3A%2F%2Fwww.parquedelrecuerdo.org%2F%3Ffbclid%3DIwZXh0bgNhZW0CMTAAAR1NHrdTD6vRRyAFWKRylGvk_4s75THWU4p5lmB0RWPEC99bzuS0uMEZh5Y_aem_HF9FQ7VaU19QzFmQBs9Fow&amp;h=AT0VHAlaZjMb3NLOMJfR2LGQVSO578lF5J3LFVK4txsKIKklpvdFh5YG4SqNUFUsjQvc1_XQefrHhPw6QcyWKwtUQOLcVe0-sshWPdC1qqyjFkW95ARLYfNM_dZ6lh4NL7mI&amp;__tn__=-UK-R&amp;c[0]=AT2zR94_TmVwAGCB2cJvOJwvuJ9speOAyBAa5vvjqoD3p8QeVGpzes1e0IoMVX_RAPvJbl1RRWXRkg5P3djE9pYbXYqaiAEAWavAqhnkZdU6k3J2EvBzvyXCaJOQxjkvjxXTCLIwhqvkXCCNvFmSJbzdNmp_p0Y2rZ5MILh4cax7zSWtk6GkJ_xxEqO2By5Zw78FoaLtyZrUvp_oig4e_Sta7vo\" rel=\"noreferrer noopener\" target=\"_blank\">www.parquedelrecuerdo.org<\/a><\/p>\n\n\n\n<figure class=\"wp-block-image size-large\"><img loading=\"lazy\" decoding=\"async\" width=\"658\" height=\"1024\" src=\"https:\/\/www.cal.org.pe\/v1\/wp-content\/uploads\/2024\/10\/462151580_962634775899677_1062915952188595423_n-658x1024.jpg\" alt=\"\" class=\"wp-image-62573\" srcset=\"https:\/\/www.cal.org.pe\/v1\/wp-content\/uploads\/2024\/10\/462151580_962634775899677_1062915952188595423_n-658x1024.jpg 658w, https:\/\/www.cal.org.pe\/v1\/wp-content\/uploads\/2024\/10\/462151580_962634775899677_1062915952188595423_n-193x300.jpg 193w, https:\/\/www.cal.org.pe\/v1\/wp-content\/uploads\/2024\/10\/462151580_962634775899677_1062915952188595423_n.jpg 705w\" sizes=\"(max-width: 658px) 100vw, 658px\" \/><\/figure>\n","protected":false},"excerpt":{"rendered":"<p>El Colegio de Abogados de Lima y el Camposanto Parque del Recuerdo han unido esfuerzos para brindar servicios integrales de sepelio a nuestros agremiados a trav\u00e9s de la Caja de Previsi\u00f3n Social. Conoce los camposantos ubicados en: Lur\u00edn, Callao, Puente Piedra, Anc\u00f3n, Carabayllo Para mayor informaci\u00f3n, comun\u00edcate a: convenios@parquedelrecuerdo.org 995 420 456 \u2013 Flor de Mar\u00eda Quiroz \u00a1Protege a tu familia con el respaldo y tranquilidad que mereces! Visita: www.parquedelrecuerdo.org<\/p>\n","protected":false},"author":3,"featured_media":62577,"comment_status":"closed","ping_status":"open","sticky":false,"template":"","format":"standard","meta":{"pagelayer_contact_templates":[],"_pagelayer_content":"","footnotes":""},"categories":[21],"tags":[51],"class_list":["post-58840","post","type-post","status-publish","format-standard","has-post-thumbnail","hentry","category-direccion-de-bienestar-social","tag-convenios"],"rttpg_featured_image_url":{"full":["https:\/\/www.cal.org.pe\/v1\/wp-content\/uploads\/2024\/10\/CONVENIO-PARQUE-RECUERDO.jpg",800,500,false],"landscape":["https:\/\/www.cal.org.pe\/v1\/wp-content\/uploads\/2024\/10\/CONVENIO-PARQUE-RECUERDO.jpg",800,500,false],"portraits":["https:\/\/www.cal.org.pe\/v1\/wp-content\/uploads\/2024\/10\/CONVENIO-PARQUE-RECUERDO.jpg",800,500,false],"thumbnail":["https:\/\/www.cal.org.pe\/v1\/wp-content\/uploads\/2024\/10\/CONVENIO-PARQUE-RECUERDO-150x150.jpg",150,150,true],"medium":["https:\/\/www.cal.org.pe\/v1\/wp-content\/uploads\/2024\/10\/CONVENIO-PARQUE-RECUERDO-300x188.jpg",300,188,true],"large":["https:\/\/www.cal.org.pe\/v1\/wp-content\/uploads\/2024\/10\/CONVENIO-PARQUE-RECUERDO.jpg",800,500,false],"1536x1536":["https:\/\/www.cal.org.pe\/v1\/wp-content\/uploads\/2024\/10\/CONVENIO-PARQUE-RECUERDO.jpg",800,500,false],"2048x2048":["https:\/\/www.cal.org.pe\/v1\/wp-content\/uploads\/2024\/10\/CONVENIO-PARQUE-RECUERDO.jpg",800,500,false]},"rttpg_author":{"display_name":"Prensa CAL","author_link":"https:\/\/www.cal.org.pe\/v1\/author\/prensa-cal\/"},"rttpg_comment":0,"rttpg_category":"<a href=\"https:\/\/www.cal.org.pe\/v1\/category\/direccion-de-bienestar-social\/\" rel=\"category tag\">Direcci\u00f3n de Bienestar Social<\/a>","rttpg_excerpt":"El Colegio de Abogados de Lima y el Camposanto Parque del Recuerdo han unido esfuerzos para brindar servicios integrales de sepelio a nuestros agremiados a trav\u00e9s de la Caja de Previsi\u00f3n Social. Conoce los camposantos ubicados en: Lur\u00edn, Callao, Puente Piedra, Anc\u00f3n, Carabayllo Para mayor informaci\u00f3n, comun\u00edcate a: convenios@parquedelrecuerdo.org 995 420 456 \u2013 Flor de&hellip;","_links":{"self":[{"href":"https:\/\/www.cal.org.pe\/v1\/wp-json\/wp\/v2\/posts\/58840","targetHints":{"allow":["GET"]}}],"collection":[{"href":"https:\/\/www.cal.org.pe\/v1\/wp-json\/wp\/v2\/posts"}],"about":[{"href":"https:\/\/www.cal.org.pe\/v1\/wp-json\/wp\/v2\/types\/post"}],"author":[{"embeddable":true,"href":"https:\/\/www.cal.org.pe\/v1\/wp-json\/wp\/v2\/users\/3"}],"replies":[{"embeddable":true,"href":"https:\/\/www.cal.org.pe\/v1\/wp-json\/wp\/v2\/comments?post=58840"}],"version-history":[{"count":3,"href":"https:\/\/www.cal.org.pe\/v1\/wp-json\/wp\/v2\/posts\/58840\/revisions"}],"predecessor-version":[{"id":62579,"href":"https:\/\/www.cal.org.pe\/v1\/wp-json\/wp\/v2\/posts\/58840\/revisions\/62579"}],"wp:featuredmedia":[{"embeddable":true,"href":"https:\/\/www.cal.org.pe\/v1\/wp-json\/wp\/v2\/media\/62577"}],"wp:attachment":[{"href":"https:\/\/www.cal.org.pe\/v1\/wp-json\/wp\/v2\/media?parent=58840"}],"wp:term":[{"taxonomy":"category","embeddable":true,"href":"https:\/\/www.cal.org.pe\/v1\/wp-json\/wp\/v2\/categories?post=58840"},{"taxonomy":"post_tag","embeddable":true,"href":"https:\/\/www.cal.org.pe\/v1\/wp-json\/wp\/v2\/tags?post=58840"}],"curies":[{"name":"wp","href":"https:\/\/api.w.org\/{rel}","templated":true}]}}