{"id":58358,"date":"2024-09-26T20:00:00","date_gmt":"2024-09-26T20:00:00","guid":{"rendered":"https:\/\/www.cal.org.pe\/v1\/?p=58358"},"modified":"2025-10-07T09:50:20","modified_gmt":"2025-10-07T14:50:20","slug":"comunicado-042-2024-cal","status":"publish","type":"post","link":"https:\/\/www.cal.org.pe\/v1\/2024\/09\/26\/comunicado-042-2024-cal\/","title":{"rendered":"CAL INVOCA A UNA REFORMA INTEGRAL DEL SISTEMA DE JUSTICIA Y PENITENCIARIO ANTE EL INCREMENTO DE LA EXTORSI\u00d3N Y LA CRIMINALIDAD"},"content":{"rendered":"\n<figure class=\"wp-block-image size-large\"><img fetchpriority=\"high\" decoding=\"async\" width=\"1024\" height=\"1024\" src=\"https:\/\/www.cal.org.pe\/v1\/wp-content\/uploads\/2024\/09\/461346493_956322083197613_1870846806937737287_n-1024x1024.jpg\" alt=\"\" class=\"wp-image-58359\" srcset=\"https:\/\/www.cal.org.pe\/v1\/wp-content\/uploads\/2024\/09\/461346493_956322083197613_1870846806937737287_n-1024x1024.jpg 1024w, https:\/\/www.cal.org.pe\/v1\/wp-content\/uploads\/2024\/09\/461346493_956322083197613_1870846806937737287_n-300x300.jpg 300w, https:\/\/www.cal.org.pe\/v1\/wp-content\/uploads\/2024\/09\/461346493_956322083197613_1870846806937737287_n-150x150.jpg 150w, https:\/\/www.cal.org.pe\/v1\/wp-content\/uploads\/2024\/09\/461346493_956322083197613_1870846806937737287_n-768x768.jpg 768w, https:\/\/www.cal.org.pe\/v1\/wp-content\/uploads\/2024\/09\/461346493_956322083197613_1870846806937737287_n-1536x1536.jpg 1536w, https:\/\/www.cal.org.pe\/v1\/wp-content\/uploads\/2024\/09\/461346493_956322083197613_1870846806937737287_n.jpg 2048w\" sizes=\"(max-width: 1024px) 100vw, 1024px\" \/><\/figure>\n\n\n\n<p>\ud835\uddd6\ud835\uddd4\ud835\udddf \ud835\uddf6\ud835\uddfb\ud835\ude03\ud835\uddfc\ud835\uddf0\ud835\uddee \ud835\uddee \ud835\ude02\ud835\uddfb\ud835\uddee \ud835\uddff\ud835\uddf2\ud835\uddf3\ud835\uddfc\ud835\uddff\ud835\uddfa\ud835\uddee \ud835\uddf6\ud835\uddfb\ud835\ude01\ud835\uddf2\ud835\uddf4\ud835\uddff\ud835\uddee\ud835\uddf9 \ud835\uddf1\ud835\uddf2\ud835\uddf9 \ud835\ude00\ud835\uddf6\ud835\ude00\ud835\ude01\ud835\uddf2\ud835\uddfa\ud835\uddee \ud835\uddf1\ud835\uddf2 \ud835\uddf7\ud835\ude02\ud835\ude00\ud835\ude01\ud835\uddf6\ud835\uddf0\ud835\uddf6\ud835\uddee \ud835\ude06 \ud835\uddfd\ud835\uddf2\ud835\uddfb\ud835\uddf6\ud835\ude01\ud835\uddf2\ud835\uddfb\ud835\uddf0\ud835\uddf6\ud835\uddee\ud835\uddff\ud835\uddf6\ud835\uddfc \ud835\uddee\ud835\uddfb\ud835\ude01\ud835\uddf2 \ud835\uddf2\ud835\uddf9 \ud835\uddf6\ud835\uddfb\ud835\uddf0\ud835\uddff\ud835\uddf2\ud835\uddfa\ud835\uddf2\ud835\uddfb\ud835\ude01\ud835\uddfc \ud835\uddf1\ud835\uddf2 \ud835\uddf9\ud835\uddee \ud835\uddf2\ud835\ude05\ud835\ude01\ud835\uddfc\ud835\uddff\ud835\ude00\ud835\uddf6\ud835\uddfc\u0301\ud835\uddfb \ud835\ude06 \ud835\uddf9\ud835\uddee \ud835\uddf0\ud835\uddff\ud835\uddf6\ud835\uddfa\ud835\uddf6\ud835\uddfb\ud835\uddee\ud835\uddf9\ud835\uddf6\ud835\uddf1\ud835\uddee\ud835\uddf1<\/p>\n\n\n\n<p>El Colegio de Abogados de Lima, pese a las reiteradas advertencias de nuestro gremio y otras instituciones, responsabiliza al Congreso por la promulgaci\u00f3n de leyes que redefinen el concepto de crimen organizado, las cuales han <a><\/a>permitido el incremento de actividades delictivas, como la creciente ola de extorsiones, especialmente contra los transportistas.<\/p>\n\n\n\n<p>Por ello, el CAL comparte la profunda preocupaci\u00f3n de los gremios empresariales, sindicatos, colegios profesionales y la ciudadan\u00eda en general, quienes han manifestado su leg\u00edtima protesta ante el lamentable accionar del legislativo y la inacci\u00f3n del Poder Ejecutivo.<\/p>\n\n\n\n<p>Como instituci\u00f3n garante de los derechos de la sociedad civil, el Colegio de Abogados de Lima reitera lo expuesto en los comunicados N\u00b0 21, N\u00b0 32, N\u00b0 39 y N\u00b0 41, respecto a la urgente necesidad que el Poder Ejecutivo impulse una reforma integral del sistema de justicia y del sistema penitenciario.<\/p>\n\n\n\n<p><\/p>\n","protected":false},"excerpt":{"rendered":"<p>\ud835\uddd6\ud835\uddd4\ud835\udddf \ud835\uddf6\ud835\uddfb\ud835\ude03\ud835\uddfc\ud835\uddf0\ud835\uddee \ud835\uddee \ud835\ude02\ud835\uddfb\ud835\uddee \ud835\uddff\ud835\uddf2\ud835\uddf3\ud835\uddfc\ud835\uddff\ud835\uddfa\ud835\uddee \ud835\uddf6\ud835\uddfb\ud835\ude01\ud835\uddf2\ud835\uddf4\ud835\uddff\ud835\uddee\ud835\uddf9 \ud835\uddf1\ud835\uddf2\ud835\uddf9 \ud835\ude00\ud835\uddf6\ud835\ude00\ud835\ude01\ud835\uddf2\ud835\uddfa\ud835\uddee \ud835\uddf1\ud835\uddf2 \ud835\uddf7\ud835\ude02\ud835\ude00\ud835\ude01\ud835\uddf6\ud835\uddf0\ud835\uddf6\ud835\uddee \ud835\ude06 \ud835\uddfd\ud835\uddf2\ud835\uddfb\ud835\uddf6\ud835\ude01\ud835\uddf2\ud835\uddfb\ud835\uddf0\ud835\uddf6\ud835\uddee\ud835\uddff\ud835\uddf6\ud835\uddfc \ud835\uddee\ud835\uddfb\ud835\ude01\ud835\uddf2 \ud835\uddf2\ud835\uddf9 \ud835\uddf6\ud835\uddfb\ud835\uddf0\ud835\uddff\ud835\uddf2\ud835\uddfa\ud835\uddf2\ud835\uddfb\ud835\ude01\ud835\uddfc \ud835\uddf1\ud835\uddf2 \ud835\uddf9\ud835\uddee \ud835\uddf2\ud835\ude05\ud835\ude01\ud835\uddfc\ud835\uddff\ud835\ude00\ud835\uddf6\ud835\uddfc\u0301\ud835\uddfb \ud835\ude06 \ud835\uddf9\ud835\uddee \ud835\uddf0\ud835\uddff\ud835\uddf6\ud835\uddfa\ud835\uddf6\ud835\uddfb\ud835\uddee\ud835\uddf9\ud835\uddf6\ud835\uddf1\ud835\uddee\ud835\uddf1 El Colegio de Abogados de Lima, pese a las reiteradas advertencias de nuestro gremio y otras instituciones, responsabiliza al Congreso por la promulgaci\u00f3n de leyes que redefinen el concepto de crimen organizado, las cuales han permitido el incremento de actividades delictivas, como la creciente ola de extorsiones, especialmente contra los transportistas. Por ello, el CAL comparte la profunda preocupaci\u00f3n de los gremios empresariales, sindicatos, colegios profesionales y la ciudadan\u00eda en general, quienes han manifestado su leg\u00edtima protesta ante el lamentable accionar del legislativo y la inacci\u00f3n del Poder Ejecutivo. Como instituci\u00f3n garante de los derechos de la sociedad civil, el Colegio de Abogados de Lima reitera lo expuesto en los comunicados N\u00b0 21, N\u00b0 32, N\u00b0 39 y N\u00b0 41, respecto a la urgente necesidad que el Poder Ejecutivo impulse una reforma integral del sistema de justicia y del sistema penitenciario.<\/p>\n","protected":false},"author":1,"featured_media":57932,"comment_status":"closed","ping_status":"open","sticky":false,"template":"","format":"standard","meta":{"pagelayer_contact_templates":[],"_pagelayer_content":"","footnotes":""},"categories":[53],"tags":[43],"class_list":["post-58358","post","type-post","status-publish","format-standard","has-post-thumbnail","hentry","category-junta-directiva","tag-comunicados"],"rttpg_featured_image_url":{"full":["https:\/\/www.cal.org.pe\/v1\/wp-content\/uploads\/2024\/09\/COMUNICADOS.jpg",800,500,false],"landscape":["https:\/\/www.cal.org.pe\/v1\/wp-content\/uploads\/2024\/09\/COMUNICADOS.jpg",800,500,false],"portraits":["https:\/\/www.cal.org.pe\/v1\/wp-content\/uploads\/2024\/09\/COMUNICADOS.jpg",800,500,false],"thumbnail":["https:\/\/www.cal.org.pe\/v1\/wp-content\/uploads\/2024\/09\/COMUNICADOS-150x150.jpg",150,150,true],"medium":["https:\/\/www.cal.org.pe\/v1\/wp-content\/uploads\/2024\/09\/COMUNICADOS-300x188.jpg",300,188,true],"large":["https:\/\/www.cal.org.pe\/v1\/wp-content\/uploads\/2024\/09\/COMUNICADOS.jpg",800,500,false],"1536x1536":["https:\/\/www.cal.org.pe\/v1\/wp-content\/uploads\/2024\/09\/COMUNICADOS.jpg",800,500,false],"2048x2048":["https:\/\/www.cal.org.pe\/v1\/wp-content\/uploads\/2024\/09\/COMUNICADOS.jpg",800,500,false]},"rttpg_author":{"display_name":"Prensa","author_link":"https:\/\/www.cal.org.pe\/v1\/author\/alexsoriano1234live-com\/"},"rttpg_comment":0,"rttpg_category":"<a href=\"https:\/\/www.cal.org.pe\/v1\/category\/junta-directiva\/\" rel=\"category tag\">Junta Directiva<\/a>","rttpg_excerpt":"\ud835\uddd6\ud835\uddd4\ud835\udddf \ud835\uddf6\ud835\uddfb\ud835\ude03\ud835\uddfc\ud835\uddf0\ud835\uddee \ud835\uddee \ud835\ude02\ud835\uddfb\ud835\uddee \ud835\uddff\ud835\uddf2\ud835\uddf3\ud835\uddfc\ud835\uddff\ud835\uddfa\ud835\uddee \ud835\uddf6\ud835\uddfb\ud835\ude01\ud835\uddf2\ud835\uddf4\ud835\uddff\ud835\uddee\ud835\uddf9 \ud835\uddf1\ud835\uddf2\ud835\uddf9 \ud835\ude00\ud835\uddf6\ud835\ude00\ud835\ude01\ud835\uddf2\ud835\uddfa\ud835\uddee \ud835\uddf1\ud835\uddf2 \ud835\uddf7\ud835\ude02\ud835\ude00\ud835\ude01\ud835\uddf6\ud835\uddf0\ud835\uddf6\ud835\uddee \ud835\ude06 \ud835\uddfd\ud835\uddf2\ud835\uddfb\ud835\uddf6\ud835\ude01\ud835\uddf2\ud835\uddfb\ud835\uddf0\ud835\uddf6\ud835\uddee\ud835\uddff\ud835\uddf6\ud835\uddfc \ud835\uddee\ud835\uddfb\ud835\ude01\ud835\uddf2 \ud835\uddf2\ud835\uddf9 \ud835\uddf6\ud835\uddfb\ud835\uddf0\ud835\uddff\ud835\uddf2\ud835\uddfa\ud835\uddf2\ud835\uddfb\ud835\ude01\ud835\uddfc \ud835\uddf1\ud835\uddf2 \ud835\uddf9\ud835\uddee \ud835\uddf2\ud835\ude05\ud835\ude01\ud835\uddfc\ud835\uddff\ud835\ude00\ud835\uddf6\ud835\uddfc\u0301\ud835\uddfb \ud835\ude06 \ud835\uddf9\ud835\uddee \ud835\uddf0\ud835\uddff\ud835\uddf6\ud835\uddfa\ud835\uddf6\ud835\uddfb\ud835\uddee\ud835\uddf9\ud835\uddf6\ud835\uddf1\ud835\uddee\ud835\uddf1 El Colegio de Abogados de Lima, pese a las reiteradas advertencias de nuestro gremio y otras instituciones, responsabiliza al Congreso por la promulgaci\u00f3n de leyes que redefinen el concepto de crimen organizado, las cuales&hellip;","_links":{"self":[{"href":"https:\/\/www.cal.org.pe\/v1\/wp-json\/wp\/v2\/posts\/58358","targetHints":{"allow":["GET"]}}],"collection":[{"href":"https:\/\/www.cal.org.pe\/v1\/wp-json\/wp\/v2\/posts"}],"about":[{"href":"https:\/\/www.cal.org.pe\/v1\/wp-json\/wp\/v2\/types\/post"}],"author":[{"embeddable":true,"href":"https:\/\/www.cal.org.pe\/v1\/wp-json\/wp\/v2\/users\/1"}],"replies":[{"embeddable":true,"href":"https:\/\/www.cal.org.pe\/v1\/wp-json\/wp\/v2\/comments?post=58358"}],"version-history":[{"count":2,"href":"https:\/\/www.cal.org.pe\/v1\/wp-json\/wp\/v2\/posts\/58358\/revisions"}],"predecessor-version":[{"id":70787,"href":"https:\/\/www.cal.org.pe\/v1\/wp-json\/wp\/v2\/posts\/58358\/revisions\/70787"}],"wp:featuredmedia":[{"embeddable":true,"href":"https:\/\/www.cal.org.pe\/v1\/wp-json\/wp\/v2\/media\/57932"}],"wp:attachment":[{"href":"https:\/\/www.cal.org.pe\/v1\/wp-json\/wp\/v2\/media?parent=58358"}],"wp:term":[{"taxonomy":"category","embeddable":true,"href":"https:\/\/www.cal.org.pe\/v1\/wp-json\/wp\/v2\/categories?post=58358"},{"taxonomy":"post_tag","embeddable":true,"href":"https:\/\/www.cal.org.pe\/v1\/wp-json\/wp\/v2\/tags?post=58358"}],"curies":[{"name":"wp","href":"https:\/\/api.w.org\/{rel}","templated":true}]}}