{"id":58269,"date":"2024-09-25T12:30:00","date_gmt":"2024-09-25T12:30:00","guid":{"rendered":"https:\/\/www.cal.org.pe\/v1\/?p=58269"},"modified":"2024-09-26T00:54:56","modified_gmt":"2024-09-26T00:54:56","slug":"ii-edicion-show-de-talentos-demuestra-tu-arte-en-el-auditorio-del-colegio-de-abogados-de-lima","status":"publish","type":"post","link":"https:\/\/www.cal.org.pe\/v1\/2024\/09\/25\/ii-edicion-show-de-talentos-demuestra-tu-arte-en-el-auditorio-del-colegio-de-abogados-de-lima\/","title":{"rendered":"II Edici\u00f3n SHOW DE TALENTOS | Demuestra tu arte en el Auditorio del Colegio de Abogados de Lima"},"content":{"rendered":"\n<figure class=\"wp-block-image size-large\"><img fetchpriority=\"high\" decoding=\"async\" width=\"880\" height=\"1024\" src=\"https:\/\/www.cal.org.pe\/v1\/wp-content\/uploads\/2024\/09\/TALENTOS-NIGHT-880x1024.png\" alt=\"\" class=\"wp-image-58270\" srcset=\"https:\/\/www.cal.org.pe\/v1\/wp-content\/uploads\/2024\/09\/TALENTOS-NIGHT-880x1024.png 880w, https:\/\/www.cal.org.pe\/v1\/wp-content\/uploads\/2024\/09\/TALENTOS-NIGHT-258x300.png 258w, https:\/\/www.cal.org.pe\/v1\/wp-content\/uploads\/2024\/09\/TALENTOS-NIGHT-768x894.png 768w, https:\/\/www.cal.org.pe\/v1\/wp-content\/uploads\/2024\/09\/TALENTOS-NIGHT.png 1100w\" sizes=\"(max-width: 880px) 100vw, 880px\" \/><\/figure>\n\n\n\n<p><img decoding=\"async\" height=\"16\" width=\"16\" alt=\"\ud83d\udd35\" src=\"https:\/\/static.xx.fbcdn.net\/images\/emoji.php\/v9\/tef\/1\/16\/1f535.png\"><img decoding=\"async\" height=\"16\" width=\"16\" alt=\"\ud83d\udce2\" src=\"https:\/\/static.xx.fbcdn.net\/images\/emoji.php\/v9\/t39\/1\/16\/1f4e2.png\"><a href=\"https:\/\/www.facebook.com\/hashtag\/showdetalentoscal?__eep__=6&amp;__cft__[0]=AZVl9gajIhNhLVG9GpunSQra1eYH3re3EvmKRX-qwm8lVkczDEFrxAmh47YqViQPFWgWDBbHcaGDKE-vIL_ZI1iFrvLwbuQIYF6zPcp7vTY6_xpG2Z0LvG7p9vUF9pWGOySoV3nc2iDcWT4laiyspsXLgk6Z4S8281fHCT2FKvUXmNz6jiS0OQXrXuma90Kd4qU&amp;__tn__=*NK-R\">#ShowdeTalentosCAL<\/a> | <img loading=\"lazy\" decoding=\"async\" height=\"16\" width=\"16\" alt=\"\ud83c\udfa4\" src=\"https:\/\/static.xx.fbcdn.net\/images\/emoji.php\/v9\/t7e\/1\/16\/1f3a4.png\"><img loading=\"lazy\" decoding=\"async\" height=\"16\" width=\"16\" alt=\"\u2728\" src=\"https:\/\/static.xx.fbcdn.net\/images\/emoji.php\/v9\/tf4\/1\/16\/2728.png\">No te pierdas la II Edici\u00f3n del GRAN SHOW DE TALENTOS <img loading=\"lazy\" decoding=\"async\" height=\"16\" width=\"16\" alt=\"\ud83d\udd7a\ud83c\udffb\" src=\"https:\/\/static.xx.fbcdn.net\/images\/emoji.php\/v9\/td2\/1\/16\/1f57a_1f3fb.png\"><img loading=\"lazy\" decoding=\"async\" height=\"16\" width=\"16\" alt=\"\ud83d\udc83\" src=\"https:\/\/static.xx.fbcdn.net\/images\/emoji.php\/v9\/tc7\/1\/16\/1f483.png\"> organizado por la Direcci\u00f3n de Bienestar Social del Colegio de Abogados de Lima! <img loading=\"lazy\" decoding=\"async\" height=\"16\" width=\"16\" alt=\"\u2728\" src=\"https:\/\/static.xx.fbcdn.net\/images\/emoji.php\/v9\/tf4\/1\/16\/2728.png\"><img loading=\"lazy\" decoding=\"async\" height=\"16\" width=\"16\" alt=\"\ud83c\udfa4\" src=\"https:\/\/static.xx.fbcdn.net\/images\/emoji.php\/v9\/t7e\/1\/16\/1f3a4.png\"><\/p>\n\n\n\n<p><img loading=\"lazy\" decoding=\"async\" height=\"16\" width=\"16\" alt=\"\u2705\" src=\"https:\/\/static.xx.fbcdn.net\/images\/emoji.php\/v9\/t33\/1\/16\/2705.png\">Inscripciones hasta el 28 de octubre<\/p>\n\n\n\n<p><img loading=\"lazy\" decoding=\"async\" height=\"16\" width=\"16\" alt=\"\ud83d\udd34\" src=\"https:\/\/static.xx.fbcdn.net\/images\/emoji.php\/v9\/t6e\/1\/16\/1f534.png\"> Para participar, env\u00eda un video de hasta 3 minutos mostrando tu talento art\u00edstico al correo <img loading=\"lazy\" decoding=\"async\" height=\"16\" width=\"16\" alt=\"\ud83d\udce7\" src=\"https:\/\/static.xx.fbcdn.net\/images\/emoji.php\/v9\/tbe\/1\/16\/1f4e7.png\">showdetalentoscal@gmail.com<\/p>\n\n\n\n<p><a><\/a><img loading=\"lazy\" decoding=\"async\" height=\"16\" width=\"16\" alt=\"\u27a1\ufe0f\" src=\"https:\/\/static.xx.fbcdn.net\/images\/emoji.php\/v9\/t9e\/1\/16\/27a1.png\">Consultas: 968 701 747 \/\/ 964 663 783<\/p>\n\n\n\n<p>No te lo puedes perder. <img loading=\"lazy\" decoding=\"async\" height=\"16\" width=\"16\" alt=\"\ud83d\ude4c\" src=\"https:\/\/static.xx.fbcdn.net\/images\/emoji.php\/v9\/tfd\/1\/16\/1f64c.png\"><\/p>\n","protected":false},"excerpt":{"rendered":"<p>#ShowdeTalentosCAL | No te pierdas la II Edici\u00f3n del GRAN SHOW DE TALENTOS organizado por la Direcci\u00f3n de Bienestar Social del Colegio de Abogados de Lima! Inscripciones hasta el 28 de octubre Para participar, env\u00eda un video de hasta 3 minutos mostrando tu talento art\u00edstico al correo showdetalentoscal@gmail.com Consultas: 968 701 747 \/\/ 964 663 783 No te lo puedes perder.<\/p>\n","protected":false},"author":1,"featured_media":57930,"comment_status":"closed","ping_status":"open","sticky":false,"template":"","format":"standard","meta":{"pagelayer_contact_templates":[],"_pagelayer_content":"","footnotes":""},"categories":[21],"tags":[],"class_list":["post-58269","post","type-post","status-publish","format-standard","has-post-thumbnail","hentry","category-direccion-de-bienestar-social"],"rttpg_featured_image_url":{"full":["https:\/\/www.cal.org.pe\/v1\/wp-content\/uploads\/2024\/09\/AVISOS.jpg",800,500,false],"landscape":["https:\/\/www.cal.org.pe\/v1\/wp-content\/uploads\/2024\/09\/AVISOS.jpg",800,500,false],"portraits":["https:\/\/www.cal.org.pe\/v1\/wp-content\/uploads\/2024\/09\/AVISOS.jpg",800,500,false],"thumbnail":["https:\/\/www.cal.org.pe\/v1\/wp-content\/uploads\/2024\/09\/AVISOS-150x150.jpg",150,150,true],"medium":["https:\/\/www.cal.org.pe\/v1\/wp-content\/uploads\/2024\/09\/AVISOS-300x188.jpg",300,188,true],"large":["https:\/\/www.cal.org.pe\/v1\/wp-content\/uploads\/2024\/09\/AVISOS.jpg",800,500,false],"1536x1536":["https:\/\/www.cal.org.pe\/v1\/wp-content\/uploads\/2024\/09\/AVISOS.jpg",800,500,false],"2048x2048":["https:\/\/www.cal.org.pe\/v1\/wp-content\/uploads\/2024\/09\/AVISOS.jpg",800,500,false]},"rttpg_author":{"display_name":"Prensa","author_link":"https:\/\/www.cal.org.pe\/v1\/author\/alexsoriano1234live-com\/"},"rttpg_comment":0,"rttpg_category":"<a href=\"https:\/\/www.cal.org.pe\/v1\/category\/direccion-de-bienestar-social\/\" rel=\"category tag\">Direcci\u00f3n de Bienestar Social<\/a>","rttpg_excerpt":"#ShowdeTalentosCAL | No te pierdas la II Edici\u00f3n del GRAN SHOW DE TALENTOS organizado por la Direcci\u00f3n de Bienestar Social del Colegio de Abogados de Lima! Inscripciones hasta el 28 de octubre Para participar, env\u00eda un video de hasta 3 minutos mostrando tu talento art\u00edstico al correo showdetalentoscal@gmail.com Consultas: 968 701 747 \/\/ 964 663&hellip;","_links":{"self":[{"href":"https:\/\/www.cal.org.pe\/v1\/wp-json\/wp\/v2\/posts\/58269","targetHints":{"allow":["GET"]}}],"collection":[{"href":"https:\/\/www.cal.org.pe\/v1\/wp-json\/wp\/v2\/posts"}],"about":[{"href":"https:\/\/www.cal.org.pe\/v1\/wp-json\/wp\/v2\/types\/post"}],"author":[{"embeddable":true,"href":"https:\/\/www.cal.org.pe\/v1\/wp-json\/wp\/v2\/users\/1"}],"replies":[{"embeddable":true,"href":"https:\/\/www.cal.org.pe\/v1\/wp-json\/wp\/v2\/comments?post=58269"}],"version-history":[{"count":1,"href":"https:\/\/www.cal.org.pe\/v1\/wp-json\/wp\/v2\/posts\/58269\/revisions"}],"predecessor-version":[{"id":58273,"href":"https:\/\/www.cal.org.pe\/v1\/wp-json\/wp\/v2\/posts\/58269\/revisions\/58273"}],"wp:featuredmedia":[{"embeddable":true,"href":"https:\/\/www.cal.org.pe\/v1\/wp-json\/wp\/v2\/media\/57930"}],"wp:attachment":[{"href":"https:\/\/www.cal.org.pe\/v1\/wp-json\/wp\/v2\/media?parent=58269"}],"wp:term":[{"taxonomy":"category","embeddable":true,"href":"https:\/\/www.cal.org.pe\/v1\/wp-json\/wp\/v2\/categories?post=58269"},{"taxonomy":"post_tag","embeddable":true,"href":"https:\/\/www.cal.org.pe\/v1\/wp-json\/wp\/v2\/tags?post=58269"}],"curies":[{"name":"wp","href":"https:\/\/api.w.org\/{rel}","templated":true}]}}