{"id":58222,"date":"2024-09-25T17:00:52","date_gmt":"2024-09-25T17:00:52","guid":{"rendered":"https:\/\/www.cal.org.pe\/v1\/?p=58222"},"modified":"2024-09-25T17:00:54","modified_gmt":"2024-09-25T17:00:54","slug":"taller-presencial-oratoria-el-arte-de-hablar-con-impacto","status":"publish","type":"post","link":"https:\/\/www.cal.org.pe\/v1\/2024\/09\/25\/taller-presencial-oratoria-el-arte-de-hablar-con-impacto\/","title":{"rendered":"Taller Presencial | Oratoria | El arte de hablar con impacto"},"content":{"rendered":"\n<figure class=\"wp-block-image size-full\"><img fetchpriority=\"high\" decoding=\"async\" width=\"842\" height=\"596\" src=\"https:\/\/www.cal.org.pe\/v1\/wp-content\/uploads\/2024\/09\/taller-de-oratoria-actualizado-26-09-2024-1.jpg\" alt=\"\" class=\"wp-image-58224\" srcset=\"https:\/\/www.cal.org.pe\/v1\/wp-content\/uploads\/2024\/09\/taller-de-oratoria-actualizado-26-09-2024-1.jpg 842w, https:\/\/www.cal.org.pe\/v1\/wp-content\/uploads\/2024\/09\/taller-de-oratoria-actualizado-26-09-2024-1-300x212.jpg 300w, https:\/\/www.cal.org.pe\/v1\/wp-content\/uploads\/2024\/09\/taller-de-oratoria-actualizado-26-09-2024-1-768x544.jpg 768w\" sizes=\"(max-width: 842px) 100vw, 842px\" \/><\/figure>\n\n\n\n<p>La Direcci\u00f3n de Acad\u00e9mica y Promoci\u00f3n Cultural del CAL, a cargo de la Dra. MINERVA C\u00d3RDOVA CENA, invita a los agremiados de la Orden y p\u00fablico en general al TALLER PRESENCIAL: \u201cEl arte de hablar con Impacto\u201d.<\/p>\n\n\n\n<p>Contar\u00e1 con los ponentes:<\/p>\n\n\n\n<p>\ud83d\uddd3\ufe0f Jueves 26 de setiembre<\/p>\n\n\n\n<p> \ud83d\udd60 6:00 p.m. <\/p>\n\n\n\n<p>\ud83d\udccc PRESENCIAL: Sala \u00abBaqu\u00edjano y Carrillo\u00bb &#8211; Av. Santa Cruz N\u00b0 255, Miraflores<\/p>\n\n\n\n<p>\u2705 CERTIFICACI\u00d3N OPCIONAL: S\/. 20<\/p>\n\n\n\n<p><\/p>\n","protected":false},"excerpt":{"rendered":"<p>La Direcci\u00f3n de Acad\u00e9mica y Promoci\u00f3n Cultural del CAL, a cargo de la Dra. MINERVA C\u00d3RDOVA CENA, invita a los agremiados de la Orden y p\u00fablico en general al TALLER PRESENCIAL: \u201cEl arte de hablar con Impacto\u201d. Contar\u00e1 con los ponentes: \ud83d\uddd3\ufe0f Jueves 26 de setiembre \ud83d\udd60 6:00 p.m. \ud83d\udccc PRESENCIAL: Sala \u00abBaqu\u00edjano y Carrillo\u00bb &#8211; Av. Santa Cruz N\u00b0 255, Miraflores \u2705 CERTIFICACI\u00d3N OPCIONAL: S\/. 20<\/p>\n","protected":false},"author":3,"featured_media":57934,"comment_status":"closed","ping_status":"open","sticky":false,"template":"","format":"standard","meta":{"pagelayer_contact_templates":[],"_pagelayer_content":"","footnotes":""},"categories":[15],"tags":[16],"class_list":["post-58222","post","type-post","status-publish","format-standard","has-post-thumbnail","hentry","category-direccion-academica-y-promocion-cultural","tag-eventos-academicos"],"rttpg_featured_image_url":{"full":["https:\/\/www.cal.org.pe\/v1\/wp-content\/uploads\/2024\/09\/EVENTOS-ACADEMICOS.jpg",800,500,false],"landscape":["https:\/\/www.cal.org.pe\/v1\/wp-content\/uploads\/2024\/09\/EVENTOS-ACADEMICOS.jpg",800,500,false],"portraits":["https:\/\/www.cal.org.pe\/v1\/wp-content\/uploads\/2024\/09\/EVENTOS-ACADEMICOS.jpg",800,500,false],"thumbnail":["https:\/\/www.cal.org.pe\/v1\/wp-content\/uploads\/2024\/09\/EVENTOS-ACADEMICOS-150x150.jpg",150,150,true],"medium":["https:\/\/www.cal.org.pe\/v1\/wp-content\/uploads\/2024\/09\/EVENTOS-ACADEMICOS-300x188.jpg",300,188,true],"large":["https:\/\/www.cal.org.pe\/v1\/wp-content\/uploads\/2024\/09\/EVENTOS-ACADEMICOS.jpg",800,500,false],"1536x1536":["https:\/\/www.cal.org.pe\/v1\/wp-content\/uploads\/2024\/09\/EVENTOS-ACADEMICOS.jpg",800,500,false],"2048x2048":["https:\/\/www.cal.org.pe\/v1\/wp-content\/uploads\/2024\/09\/EVENTOS-ACADEMICOS.jpg",800,500,false]},"rttpg_author":{"display_name":"Prensa CAL","author_link":"https:\/\/www.cal.org.pe\/v1\/author\/prensa-cal\/"},"rttpg_comment":0,"rttpg_category":"<a href=\"https:\/\/www.cal.org.pe\/v1\/category\/direccion-academica-y-promocion-cultural\/\" rel=\"category tag\">Direcci\u00f3n Acad\u00e9mica y Promoci\u00f3n Cultural<\/a>","rttpg_excerpt":"La Direcci\u00f3n de Acad\u00e9mica y Promoci\u00f3n Cultural del CAL, a cargo de la Dra. MINERVA C\u00d3RDOVA CENA, invita a los agremiados de la Orden y p\u00fablico en general al TALLER PRESENCIAL: \u201cEl arte de hablar con Impacto\u201d. Contar\u00e1 con los ponentes: \ud83d\uddd3\ufe0f Jueves 26 de setiembre \ud83d\udd60 6:00 p.m. \ud83d\udccc PRESENCIAL: Sala \u00abBaqu\u00edjano y Carrillo\u00bb&hellip;","_links":{"self":[{"href":"https:\/\/www.cal.org.pe\/v1\/wp-json\/wp\/v2\/posts\/58222","targetHints":{"allow":["GET"]}}],"collection":[{"href":"https:\/\/www.cal.org.pe\/v1\/wp-json\/wp\/v2\/posts"}],"about":[{"href":"https:\/\/www.cal.org.pe\/v1\/wp-json\/wp\/v2\/types\/post"}],"author":[{"embeddable":true,"href":"https:\/\/www.cal.org.pe\/v1\/wp-json\/wp\/v2\/users\/3"}],"replies":[{"embeddable":true,"href":"https:\/\/www.cal.org.pe\/v1\/wp-json\/wp\/v2\/comments?post=58222"}],"version-history":[{"count":1,"href":"https:\/\/www.cal.org.pe\/v1\/wp-json\/wp\/v2\/posts\/58222\/revisions"}],"predecessor-version":[{"id":58227,"href":"https:\/\/www.cal.org.pe\/v1\/wp-json\/wp\/v2\/posts\/58222\/revisions\/58227"}],"wp:featuredmedia":[{"embeddable":true,"href":"https:\/\/www.cal.org.pe\/v1\/wp-json\/wp\/v2\/media\/57934"}],"wp:attachment":[{"href":"https:\/\/www.cal.org.pe\/v1\/wp-json\/wp\/v2\/media?parent=58222"}],"wp:term":[{"taxonomy":"category","embeddable":true,"href":"https:\/\/www.cal.org.pe\/v1\/wp-json\/wp\/v2\/categories?post=58222"},{"taxonomy":"post_tag","embeddable":true,"href":"https:\/\/www.cal.org.pe\/v1\/wp-json\/wp\/v2\/tags?post=58222"}],"curies":[{"name":"wp","href":"https:\/\/api.w.org\/{rel}","templated":true}]}}