{"id":58194,"date":"2024-09-24T16:00:00","date_gmt":"2024-09-24T16:00:00","guid":{"rendered":"https:\/\/www.cal.org.pe\/v1\/?p=58194"},"modified":"2024-09-24T22:24:11","modified_gmt":"2024-09-24T22:24:11","slug":"el-director-de-etica-profesional-estara-en-tv-peru-noticias-para-conversar-sobre-la-labor-que-cumple-el-consejo-de-etica","status":"publish","type":"post","link":"https:\/\/www.cal.org.pe\/v1\/2024\/09\/24\/el-director-de-etica-profesional-estara-en-tv-peru-noticias-para-conversar-sobre-la-labor-que-cumple-el-consejo-de-etica\/","title":{"rendered":"El Director de \u00c9tica Profesional estar\u00e1 en TV Per\u00fa Noticias para conversar sobre la labor que cumple el Consejo de \u00c9tica"},"content":{"rendered":"\n<figure class=\"wp-block-image size-full\"><img fetchpriority=\"high\" decoding=\"async\" width=\"1000\" height=\"1000\" src=\"https:\/\/www.cal.org.pe\/v1\/wp-content\/uploads\/2024\/09\/MAURO-EN-VIVO.jpg\" alt=\"\" class=\"wp-image-58197\" srcset=\"https:\/\/www.cal.org.pe\/v1\/wp-content\/uploads\/2024\/09\/MAURO-EN-VIVO.jpg 1000w, https:\/\/www.cal.org.pe\/v1\/wp-content\/uploads\/2024\/09\/MAURO-EN-VIVO-300x300.jpg 300w, https:\/\/www.cal.org.pe\/v1\/wp-content\/uploads\/2024\/09\/MAURO-EN-VIVO-150x150.jpg 150w, https:\/\/www.cal.org.pe\/v1\/wp-content\/uploads\/2024\/09\/MAURO-EN-VIVO-768x768.jpg 768w\" sizes=\"(max-width: 1000px) 100vw, 1000px\" \/><\/figure>\n\n\n\n<p><img decoding=\"async\" height=\"16\" width=\"16\" src=\"https:\/\/static.xx.fbcdn.net\/images\/emoji.php\/v9\/tef\/1\/16\/1f535.png\" alt=\"\ud83d\udd35\"> <img decoding=\"async\" height=\"16\" width=\"16\" src=\"https:\/\/static.xx.fbcdn.net\/images\/emoji.php\/v9\/t87\/1\/16\/1f4fa.png\" alt=\"\ud83d\udcfa\"> <a href=\"https:\/\/www.facebook.com\/hashtag\/calenlanoticia?__eep__=6&amp;__cft__[0]=AZUQkreHtP1Fzpfz3I2WzjU_lPvFzLGNsM_RIcponG-D8iEIkF-bPuakH2eHlFzkRUNOnEap6r8qaUhvgx7sL0UU-4m6ZAkDyylyPTOMaZL_ilH9HsE7QIAqdXDZ6ue6oTWVEgAoMu-J22TuwtNWXPZ4FXaDKipmeFMpFekAwhG0nrqWBU1DCwrHahKEV5paHwc&amp;__tn__=*NK-R\">#CALenLaNoticia<\/a> | El Director de \u00c9tica Profesional del Colegio de Abogados de Lima, Dr. <a href=\"https:\/\/www.facebook.com\/mauroflorencio.leandromartin?__cft__[0]=AZUQkreHtP1Fzpfz3I2WzjU_lPvFzLGNsM_RIcponG-D8iEIkF-bPuakH2eHlFzkRUNOnEap6r8qaUhvgx7sL0UU-4m6ZAkDyylyPTOMaZL_ilH9HsE7QIAqdXDZ6ue6oTWVEgAoMu-J22TuwtNWXPZ4FXaDKipmeFMpFekAwhG0nrqWBU1DCwrHahKEV5paHwc&amp;__tn__=-]K-R\">Mauro Florencio Leandro Martin<\/a>, estar\u00e1 hoy con Ricardo Alva en TV Per\u00fa Noticias para conversar sobre la labor que cumple el Consejo de \u00c9tica y las consecuencias que tendr\u00eda jueza Elizabeth Peralta Santur implicada en el caso Andr\u00e9s Hurtado.<\/p>\n\n\n\n<p><img loading=\"lazy\" decoding=\"async\" height=\"16\" width=\"16\" alt=\"\ud83d\uddd3\ufe0f\" src=\"https:\/\/static.xx.fbcdn.net\/images\/emoji.php\/v9\/t5c\/1\/16\/1f5d3.png\"> Martes 24 de setiembre<\/p>\n\n\n\n<p><img loading=\"lazy\" decoding=\"async\" height=\"16\" width=\"16\" alt=\"\ud83d\udd57\" src=\"https:\/\/static.xx.fbcdn.net\/images\/emoji.php\/v9\/t2f\/1\/16\/1f557.png\"> Hora: 10 p.m.<\/p>\n\n\n\n<p><img loading=\"lazy\" decoding=\"async\" height=\"16\" width=\"16\" alt=\"\ud83d\udccc\" src=\"https:\/\/static.xx.fbcdn.net\/images\/emoji.php\/v9\/tac\/1\/16\/1f4cc.png\"> V\u00eda: TV Per\u00fa Noticias<\/p>\n","protected":false},"excerpt":{"rendered":"<p>#CALenLaNoticia | El Director de \u00c9tica Profesional del Colegio de Abogados de Lima, Dr. Mauro Florencio Leandro Martin, estar\u00e1 hoy con Ricardo Alva en TV Per\u00fa Noticias para conversar sobre la labor que cumple el Consejo de \u00c9tica y las consecuencias que tendr\u00eda jueza Elizabeth Peralta Santur implicada en el caso Andr\u00e9s Hurtado. Martes 24 de setiembre Hora: 10 p.m. V\u00eda: TV Per\u00fa Noticias<\/p>\n","protected":false},"author":1,"featured_media":57931,"comment_status":"closed","ping_status":"open","sticky":false,"template":"","format":"standard","meta":{"pagelayer_contact_templates":[],"_pagelayer_content":"","footnotes":""},"categories":[40],"tags":[],"class_list":["post-58194","post","type-post","status-publish","format-standard","has-post-thumbnail","hentry","category-direccion-de-etica-profesional"],"rttpg_featured_image_url":{"full":["https:\/\/www.cal.org.pe\/v1\/wp-content\/uploads\/2024\/09\/CAL-NOTICIA.jpg",800,500,false],"landscape":["https:\/\/www.cal.org.pe\/v1\/wp-content\/uploads\/2024\/09\/CAL-NOTICIA.jpg",800,500,false],"portraits":["https:\/\/www.cal.org.pe\/v1\/wp-content\/uploads\/2024\/09\/CAL-NOTICIA.jpg",800,500,false],"thumbnail":["https:\/\/www.cal.org.pe\/v1\/wp-content\/uploads\/2024\/09\/CAL-NOTICIA-150x150.jpg",150,150,true],"medium":["https:\/\/www.cal.org.pe\/v1\/wp-content\/uploads\/2024\/09\/CAL-NOTICIA-300x188.jpg",300,188,true],"large":["https:\/\/www.cal.org.pe\/v1\/wp-content\/uploads\/2024\/09\/CAL-NOTICIA.jpg",800,500,false],"1536x1536":["https:\/\/www.cal.org.pe\/v1\/wp-content\/uploads\/2024\/09\/CAL-NOTICIA.jpg",800,500,false],"2048x2048":["https:\/\/www.cal.org.pe\/v1\/wp-content\/uploads\/2024\/09\/CAL-NOTICIA.jpg",800,500,false]},"rttpg_author":{"display_name":"Prensa","author_link":"https:\/\/www.cal.org.pe\/v1\/author\/alexsoriano1234live-com\/"},"rttpg_comment":0,"rttpg_category":"<a href=\"https:\/\/www.cal.org.pe\/v1\/category\/direccion-de-etica-profesional\/\" rel=\"category tag\">Direcci\u00f3n de \u00c9tica Profesional<\/a>","rttpg_excerpt":"#CALenLaNoticia | El Director de \u00c9tica Profesional del Colegio de Abogados de Lima, Dr. Mauro Florencio Leandro Martin, estar\u00e1 hoy con Ricardo Alva en TV Per\u00fa Noticias para conversar sobre la labor que cumple el Consejo de \u00c9tica y las consecuencias que tendr\u00eda jueza Elizabeth Peralta Santur implicada en el caso Andr\u00e9s Hurtado. Martes 24&hellip;","_links":{"self":[{"href":"https:\/\/www.cal.org.pe\/v1\/wp-json\/wp\/v2\/posts\/58194","targetHints":{"allow":["GET"]}}],"collection":[{"href":"https:\/\/www.cal.org.pe\/v1\/wp-json\/wp\/v2\/posts"}],"about":[{"href":"https:\/\/www.cal.org.pe\/v1\/wp-json\/wp\/v2\/types\/post"}],"author":[{"embeddable":true,"href":"https:\/\/www.cal.org.pe\/v1\/wp-json\/wp\/v2\/users\/1"}],"replies":[{"embeddable":true,"href":"https:\/\/www.cal.org.pe\/v1\/wp-json\/wp\/v2\/comments?post=58194"}],"version-history":[{"count":1,"href":"https:\/\/www.cal.org.pe\/v1\/wp-json\/wp\/v2\/posts\/58194\/revisions"}],"predecessor-version":[{"id":58198,"href":"https:\/\/www.cal.org.pe\/v1\/wp-json\/wp\/v2\/posts\/58194\/revisions\/58198"}],"wp:featuredmedia":[{"embeddable":true,"href":"https:\/\/www.cal.org.pe\/v1\/wp-json\/wp\/v2\/media\/57931"}],"wp:attachment":[{"href":"https:\/\/www.cal.org.pe\/v1\/wp-json\/wp\/v2\/media?parent=58194"}],"wp:term":[{"taxonomy":"category","embeddable":true,"href":"https:\/\/www.cal.org.pe\/v1\/wp-json\/wp\/v2\/categories?post=58194"},{"taxonomy":"post_tag","embeddable":true,"href":"https:\/\/www.cal.org.pe\/v1\/wp-json\/wp\/v2\/tags?post=58194"}],"curies":[{"name":"wp","href":"https:\/\/api.w.org\/{rel}","templated":true}]}}