{"id":58152,"date":"2024-09-23T20:30:00","date_gmt":"2024-09-23T20:30:00","guid":{"rendered":"https:\/\/www.cal.org.pe\/v1\/?p=58152"},"modified":"2024-09-24T14:53:19","modified_gmt":"2024-09-24T14:53:19","slug":"comunicado-041-2024-cal","status":"publish","type":"post","link":"https:\/\/www.cal.org.pe\/v1\/2024\/09\/23\/comunicado-041-2024-cal\/","title":{"rendered":"Comunicado 041-2024\/CAL"},"content":{"rendered":"\n<figure class=\"wp-block-image size-large\"><img fetchpriority=\"high\" decoding=\"async\" width=\"1024\" height=\"1024\" src=\"https:\/\/www.cal.org.pe\/v1\/wp-content\/uploads\/2024\/09\/WhatsApp-Image-2024-09-23-at-8.34.42-PM-1024x1024.jpeg\" alt=\"\" class=\"wp-image-58153\" srcset=\"https:\/\/www.cal.org.pe\/v1\/wp-content\/uploads\/2024\/09\/WhatsApp-Image-2024-09-23-at-8.34.42-PM-1024x1024.jpeg 1024w, https:\/\/www.cal.org.pe\/v1\/wp-content\/uploads\/2024\/09\/WhatsApp-Image-2024-09-23-at-8.34.42-PM-300x300.jpeg 300w, https:\/\/www.cal.org.pe\/v1\/wp-content\/uploads\/2024\/09\/WhatsApp-Image-2024-09-23-at-8.34.42-PM-150x150.jpeg 150w, https:\/\/www.cal.org.pe\/v1\/wp-content\/uploads\/2024\/09\/WhatsApp-Image-2024-09-23-at-8.34.42-PM-768x768.jpeg 768w, https:\/\/www.cal.org.pe\/v1\/wp-content\/uploads\/2024\/09\/WhatsApp-Image-2024-09-23-at-8.34.42-PM.jpeg 1280w\" sizes=\"(max-width: 1024px) 100vw, 1024px\" \/><\/figure>\n\n\n\n<p>CAL SOLICITA AL CONGRESO UNA REFORMA INTEGRAL AL SISTEMA DE JUSTICIA EN EL MARCO DE LOS CONVENIOS INTERNACIONALES<\/p>\n\n\n\n<p><img decoding=\"async\" height=\"16\" width=\"16\" alt=\"\ud83d\udccc\" src=\"https:\/\/static.xx.fbcdn.net\/images\/emoji.php\/v9\/tac\/1\/16\/1f4cc.png\"> El Colegio de Abogados de Lima, en respuesta al reciente anuncio del presidente del Congreso, Eduardo Salhuana Cavides, sobre la evaluaci\u00f3n de la ley de crimen organizado en una reuni\u00f3n de seguridad ciudadana, expresa su preocupaci\u00f3n por la promulgaci\u00f3n de la Ley N\u00ba 32108, ocurrida el 9 de agosto de 2024.<\/p>\n\n\n\n<p><img decoding=\"async\" height=\"16\" width=\"16\" alt=\"\ud83d\udccc\" src=\"https:\/\/static.xx.fbcdn.net\/images\/emoji.php\/v9\/tac\/1\/16\/1f4cc.png\"> Desde el Colegio de Abogados de <a><\/a>Lima, como garantes de la tutela de la sociedad civil, reiteramos nuestra solicitud de una reforma al sistema de justicia, especialmente en el contexto de grave inseguridad ciudadana que enfrenta el Per\u00fa.<\/p>\n\n\n\n<p><img decoding=\"async\" height=\"16\" width=\"16\" alt=\"\ud83d\udccc\" src=\"https:\/\/static.xx.fbcdn.net\/images\/emoji.php\/v9\/tac\/1\/16\/1f4cc.png\"> La promulgaci\u00f3n de esta ley no solo debilita la lucha contra la criminalidad organizada, sino que tambi\u00e9n pone de manifiesto un incumplimiento significativo de los convenios internacionales suscritos por nuestro pa\u00eds.<\/p>\n\n\n\n<p>Lima, 23 de setiembre de 2024<\/p>\n","protected":false},"excerpt":{"rendered":"<p>CAL SOLICITA AL CONGRESO UNA REFORMA INTEGRAL AL SISTEMA DE JUSTICIA EN EL MARCO DE LOS CONVENIOS INTERNACIONALES El Colegio de Abogados de Lima, en respuesta al reciente anuncio del presidente del Congreso, Eduardo Salhuana Cavides, sobre la evaluaci\u00f3n de la ley de crimen organizado en una reuni\u00f3n de seguridad ciudadana, expresa su preocupaci\u00f3n por la promulgaci\u00f3n de la Ley N\u00ba 32108, ocurrida el 9 de agosto de 2024. Desde el Colegio de Abogados de Lima, como garantes de la tutela de la sociedad civil, reiteramos nuestra solicitud de una reforma al sistema de justicia, especialmente en el contexto de grave inseguridad ciudadana que enfrenta el Per\u00fa. La promulgaci\u00f3n de esta ley no solo debilita la lucha contra la criminalidad organizada, sino que tambi\u00e9n pone de manifiesto un incumplimiento significativo de los convenios internacionales suscritos por nuestro pa\u00eds. Lima, 23 de setiembre de 2024<\/p>\n","protected":false},"author":1,"featured_media":57932,"comment_status":"closed","ping_status":"open","sticky":false,"template":"","format":"standard","meta":{"pagelayer_contact_templates":[],"_pagelayer_content":"","footnotes":""},"categories":[13],"tags":[43],"class_list":["post-58152","post","type-post","status-publish","format-standard","has-post-thumbnail","hentry","category-decanato","tag-comunicados"],"rttpg_featured_image_url":{"full":["https:\/\/www.cal.org.pe\/v1\/wp-content\/uploads\/2024\/09\/COMUNICADOS.jpg",800,500,false],"landscape":["https:\/\/www.cal.org.pe\/v1\/wp-content\/uploads\/2024\/09\/COMUNICADOS.jpg",800,500,false],"portraits":["https:\/\/www.cal.org.pe\/v1\/wp-content\/uploads\/2024\/09\/COMUNICADOS.jpg",800,500,false],"thumbnail":["https:\/\/www.cal.org.pe\/v1\/wp-content\/uploads\/2024\/09\/COMUNICADOS-150x150.jpg",150,150,true],"medium":["https:\/\/www.cal.org.pe\/v1\/wp-content\/uploads\/2024\/09\/COMUNICADOS-300x188.jpg",300,188,true],"large":["https:\/\/www.cal.org.pe\/v1\/wp-content\/uploads\/2024\/09\/COMUNICADOS.jpg",800,500,false],"1536x1536":["https:\/\/www.cal.org.pe\/v1\/wp-content\/uploads\/2024\/09\/COMUNICADOS.jpg",800,500,false],"2048x2048":["https:\/\/www.cal.org.pe\/v1\/wp-content\/uploads\/2024\/09\/COMUNICADOS.jpg",800,500,false]},"rttpg_author":{"display_name":"Prensa","author_link":"https:\/\/www.cal.org.pe\/v1\/author\/alexsoriano1234live-com\/"},"rttpg_comment":0,"rttpg_category":"<a href=\"https:\/\/www.cal.org.pe\/v1\/category\/decanato\/\" rel=\"category tag\">Decanato<\/a>","rttpg_excerpt":"CAL SOLICITA AL CONGRESO UNA REFORMA INTEGRAL AL SISTEMA DE JUSTICIA EN EL MARCO DE LOS CONVENIOS INTERNACIONALES El Colegio de Abogados de Lima, en respuesta al reciente anuncio del presidente del Congreso, Eduardo Salhuana Cavides, sobre la evaluaci\u00f3n de la ley de crimen organizado en una reuni\u00f3n de seguridad ciudadana, expresa su preocupaci\u00f3n por&hellip;","_links":{"self":[{"href":"https:\/\/www.cal.org.pe\/v1\/wp-json\/wp\/v2\/posts\/58152","targetHints":{"allow":["GET"]}}],"collection":[{"href":"https:\/\/www.cal.org.pe\/v1\/wp-json\/wp\/v2\/posts"}],"about":[{"href":"https:\/\/www.cal.org.pe\/v1\/wp-json\/wp\/v2\/types\/post"}],"author":[{"embeddable":true,"href":"https:\/\/www.cal.org.pe\/v1\/wp-json\/wp\/v2\/users\/1"}],"replies":[{"embeddable":true,"href":"https:\/\/www.cal.org.pe\/v1\/wp-json\/wp\/v2\/comments?post=58152"}],"version-history":[{"count":1,"href":"https:\/\/www.cal.org.pe\/v1\/wp-json\/wp\/v2\/posts\/58152\/revisions"}],"predecessor-version":[{"id":58154,"href":"https:\/\/www.cal.org.pe\/v1\/wp-json\/wp\/v2\/posts\/58152\/revisions\/58154"}],"wp:featuredmedia":[{"embeddable":true,"href":"https:\/\/www.cal.org.pe\/v1\/wp-json\/wp\/v2\/media\/57932"}],"wp:attachment":[{"href":"https:\/\/www.cal.org.pe\/v1\/wp-json\/wp\/v2\/media?parent=58152"}],"wp:term":[{"taxonomy":"category","embeddable":true,"href":"https:\/\/www.cal.org.pe\/v1\/wp-json\/wp\/v2\/categories?post=58152"},{"taxonomy":"post_tag","embeddable":true,"href":"https:\/\/www.cal.org.pe\/v1\/wp-json\/wp\/v2\/tags?post=58152"}],"curies":[{"name":"wp","href":"https:\/\/api.w.org\/{rel}","templated":true}]}}