{"id":58004,"date":"2024-06-29T17:06:05","date_gmt":"2024-06-29T17:06:05","guid":{"rendered":"https:\/\/www.cal.org.pe\/v1\/?p=58004"},"modified":"2024-09-23T17:07:53","modified_gmt":"2024-09-23T17:07:53","slug":"comunicado-024-2024-cal","status":"publish","type":"post","link":"https:\/\/www.cal.org.pe\/v1\/2024\/06\/29\/comunicado-024-2024-cal\/","title":{"rendered":"Comunicado 024-2024\/CAL"},"content":{"rendered":"\n<p>\ud835\uddd6\ud835\uddd4\ud835\udddf \ud835\uddf6\ud835\uddfb\ud835\ude00\ud835\ude01\ud835\uddee \ud835\uddee\ud835\uddf9 \ud835\uddf4\ud835\uddfc\ud835\uddef\ud835\uddf6\ud835\uddf2\ud835\uddff\ud835\uddfb\ud835\uddfc \ud835\uddee \ud835\uddee\ud835\uddf0\ud835\ude01\ud835\ude02\ud835\uddee\ud835\uddff \ud835\uddee\ud835\uddfb\ud835\ude01\ud835\uddf2 \ud835\uddf1\ud835\uddf2\ud835\uddfb\ud835\ude02\ud835\uddfb\ud835\uddf0\ud835\uddf6\ud835\uddee\ud835\ude00 \ud835\uddf1\ud835\uddf2 \ud835\uddee\ud835\uddef\ud835\ude02\ud835\ude00\ud835\uddfc\ud835\ude00 \ud835\uddf2\ud835\uddfb \ud835\uddf0\ud835\uddfc\ud835\uddfa\ud835\ude02\ud835\uddfb\ud835\uddf6\ud835\uddf1\ud835\uddee\ud835\uddf1\ud835\uddf2\ud835\ude00 \ud835\uddee\ud835\uddfa\ud835\uddee\ud835\ude07\ud835\uddfc\u0301\ud835\uddfb\ud835\uddf6\ud835\uddf0\ud835\uddee\ud835\ude00 | Seg\u00fan denuncias de l\u00edderes ind\u00edgenas del Amazonas, 524 maestros habr\u00edan cometido abusos sexuales y transmitido VIH a cientos de menores en sus comunidades.<\/p>\n\n\n\n<p> A pesar de la gravedad de estas acusaciones, el titular del Ministerio de Educaci\u00f3n del Per\u00fa, Morgan Quero, no ha tomado medidas efectivas para abordar la situaci\u00f3n. Como abogados y defensores de los derechos humanos, no podemos pasar por alto las evidentes violaciones a los derechos fundamentales que est\u00e1n sufriendo estos menores. <\/p>\n\n\n\n<p>Exhortamos a los \u00f3rganos de la administraci\u00f3n de justicia y protecci\u00f3n de la familia a actuar de manera r\u00e1pida y evitar que se sigan vulnerando los derechos de las poblaciones afectadas, generando un manto de impunidad y corrupci\u00f3n.<\/p>\n\n\n\n<figure class=\"wp-block-image size-large\"><img fetchpriority=\"high\" decoding=\"async\" width=\"1024\" height=\"1024\" src=\"https:\/\/www.cal.org.pe\/v1\/wp-content\/uploads\/2024\/09\/GRQSB8nXMAAQmxz-1024x1024.jpg\" alt=\"\" class=\"wp-image-58007\" srcset=\"https:\/\/www.cal.org.pe\/v1\/wp-content\/uploads\/2024\/09\/GRQSB8nXMAAQmxz-1024x1024.jpg 1024w, https:\/\/www.cal.org.pe\/v1\/wp-content\/uploads\/2024\/09\/GRQSB8nXMAAQmxz-300x300.jpg 300w, https:\/\/www.cal.org.pe\/v1\/wp-content\/uploads\/2024\/09\/GRQSB8nXMAAQmxz-150x150.jpg 150w, https:\/\/www.cal.org.pe\/v1\/wp-content\/uploads\/2024\/09\/GRQSB8nXMAAQmxz-768x768.jpg 768w, https:\/\/www.cal.org.pe\/v1\/wp-content\/uploads\/2024\/09\/GRQSB8nXMAAQmxz.jpg 1280w\" sizes=\"(max-width: 1024px) 100vw, 1024px\" \/><\/figure>\n","protected":false},"excerpt":{"rendered":"<p>\ud835\uddd6\ud835\uddd4\ud835\udddf \ud835\uddf6\ud835\uddfb\ud835\ude00\ud835\ude01\ud835\uddee \ud835\uddee\ud835\uddf9 \ud835\uddf4\ud835\uddfc\ud835\uddef\ud835\uddf6\ud835\uddf2\ud835\uddff\ud835\uddfb\ud835\uddfc \ud835\uddee \ud835\uddee\ud835\uddf0\ud835\ude01\ud835\ude02\ud835\uddee\ud835\uddff \ud835\uddee\ud835\uddfb\ud835\ude01\ud835\uddf2 \ud835\uddf1\ud835\uddf2\ud835\uddfb\ud835\ude02\ud835\uddfb\ud835\uddf0\ud835\uddf6\ud835\uddee\ud835\ude00 \ud835\uddf1\ud835\uddf2 \ud835\uddee\ud835\uddef\ud835\ude02\ud835\ude00\ud835\uddfc\ud835\ude00 \ud835\uddf2\ud835\uddfb \ud835\uddf0\ud835\uddfc\ud835\uddfa\ud835\ude02\ud835\uddfb\ud835\uddf6\ud835\uddf1\ud835\uddee\ud835\uddf1\ud835\uddf2\ud835\ude00 \ud835\uddee\ud835\uddfa\ud835\uddee\ud835\ude07\ud835\uddfc\u0301\ud835\uddfb\ud835\uddf6\ud835\uddf0\ud835\uddee\ud835\ude00 | Seg\u00fan denuncias de l\u00edderes ind\u00edgenas del Amazonas, 524 maestros habr\u00edan cometido abusos sexuales y transmitido VIH a cientos de menores en sus comunidades. A pesar de la gravedad de estas acusaciones, el titular del Ministerio de Educaci\u00f3n del Per\u00fa, Morgan Quero, no ha tomado medidas efectivas para abordar la situaci\u00f3n. Como abogados y defensores de los derechos humanos, no podemos pasar por alto las evidentes violaciones a los derechos fundamentales que est\u00e1n sufriendo estos menores. Exhortamos a los \u00f3rganos de la administraci\u00f3n de justicia y protecci\u00f3n de la familia a actuar de manera r\u00e1pida y evitar que se sigan vulnerando los derechos de las poblaciones afectadas, generando un manto de impunidad y corrupci\u00f3n.<\/p>\n","protected":false},"author":3,"featured_media":57932,"comment_status":"closed","ping_status":"open","sticky":false,"template":"","format":"standard","meta":{"pagelayer_contact_templates":[],"_pagelayer_content":"","footnotes":""},"categories":[13],"tags":[43],"class_list":["post-58004","post","type-post","status-publish","format-standard","has-post-thumbnail","hentry","category-decanato","tag-comunicados"],"rttpg_featured_image_url":{"full":["https:\/\/www.cal.org.pe\/v1\/wp-content\/uploads\/2024\/09\/COMUNICADOS.jpg",800,500,false],"landscape":["https:\/\/www.cal.org.pe\/v1\/wp-content\/uploads\/2024\/09\/COMUNICADOS.jpg",800,500,false],"portraits":["https:\/\/www.cal.org.pe\/v1\/wp-content\/uploads\/2024\/09\/COMUNICADOS.jpg",800,500,false],"thumbnail":["https:\/\/www.cal.org.pe\/v1\/wp-content\/uploads\/2024\/09\/COMUNICADOS-150x150.jpg",150,150,true],"medium":["https:\/\/www.cal.org.pe\/v1\/wp-content\/uploads\/2024\/09\/COMUNICADOS-300x188.jpg",300,188,true],"large":["https:\/\/www.cal.org.pe\/v1\/wp-content\/uploads\/2024\/09\/COMUNICADOS.jpg",800,500,false],"1536x1536":["https:\/\/www.cal.org.pe\/v1\/wp-content\/uploads\/2024\/09\/COMUNICADOS.jpg",800,500,false],"2048x2048":["https:\/\/www.cal.org.pe\/v1\/wp-content\/uploads\/2024\/09\/COMUNICADOS.jpg",800,500,false]},"rttpg_author":{"display_name":"Prensa CAL","author_link":"https:\/\/www.cal.org.pe\/v1\/author\/prensa-cal\/"},"rttpg_comment":0,"rttpg_category":"<a href=\"https:\/\/www.cal.org.pe\/v1\/category\/decanato\/\" rel=\"category tag\">Decanato<\/a>","rttpg_excerpt":"\ud835\uddd6\ud835\uddd4\ud835\udddf \ud835\uddf6\ud835\uddfb\ud835\ude00\ud835\ude01\ud835\uddee \ud835\uddee\ud835\uddf9 \ud835\uddf4\ud835\uddfc\ud835\uddef\ud835\uddf6\ud835\uddf2\ud835\uddff\ud835\uddfb\ud835\uddfc \ud835\uddee \ud835\uddee\ud835\uddf0\ud835\ude01\ud835\ude02\ud835\uddee\ud835\uddff \ud835\uddee\ud835\uddfb\ud835\ude01\ud835\uddf2 \ud835\uddf1\ud835\uddf2\ud835\uddfb\ud835\ude02\ud835\uddfb\ud835\uddf0\ud835\uddf6\ud835\uddee\ud835\ude00 \ud835\uddf1\ud835\uddf2 \ud835\uddee\ud835\uddef\ud835\ude02\ud835\ude00\ud835\uddfc\ud835\ude00 \ud835\uddf2\ud835\uddfb \ud835\uddf0\ud835\uddfc\ud835\uddfa\ud835\ude02\ud835\uddfb\ud835\uddf6\ud835\uddf1\ud835\uddee\ud835\uddf1\ud835\uddf2\ud835\ude00 \ud835\uddee\ud835\uddfa\ud835\uddee\ud835\ude07\ud835\uddfc\u0301\ud835\uddfb\ud835\uddf6\ud835\uddf0\ud835\uddee\ud835\ude00 | Seg\u00fan denuncias de l\u00edderes ind\u00edgenas del Amazonas, 524 maestros habr\u00edan cometido abusos sexuales y transmitido VIH a cientos de menores en sus comunidades. A pesar de la gravedad de estas acusaciones, el titular del Ministerio de Educaci\u00f3n del Per\u00fa, Morgan Quero,&hellip;","_links":{"self":[{"href":"https:\/\/www.cal.org.pe\/v1\/wp-json\/wp\/v2\/posts\/58004","targetHints":{"allow":["GET"]}}],"collection":[{"href":"https:\/\/www.cal.org.pe\/v1\/wp-json\/wp\/v2\/posts"}],"about":[{"href":"https:\/\/www.cal.org.pe\/v1\/wp-json\/wp\/v2\/types\/post"}],"author":[{"embeddable":true,"href":"https:\/\/www.cal.org.pe\/v1\/wp-json\/wp\/v2\/users\/3"}],"replies":[{"embeddable":true,"href":"https:\/\/www.cal.org.pe\/v1\/wp-json\/wp\/v2\/comments?post=58004"}],"version-history":[{"count":1,"href":"https:\/\/www.cal.org.pe\/v1\/wp-json\/wp\/v2\/posts\/58004\/revisions"}],"predecessor-version":[{"id":58008,"href":"https:\/\/www.cal.org.pe\/v1\/wp-json\/wp\/v2\/posts\/58004\/revisions\/58008"}],"wp:featuredmedia":[{"embeddable":true,"href":"https:\/\/www.cal.org.pe\/v1\/wp-json\/wp\/v2\/media\/57932"}],"wp:attachment":[{"href":"https:\/\/www.cal.org.pe\/v1\/wp-json\/wp\/v2\/media?parent=58004"}],"wp:term":[{"taxonomy":"category","embeddable":true,"href":"https:\/\/www.cal.org.pe\/v1\/wp-json\/wp\/v2\/categories?post=58004"},{"taxonomy":"post_tag","embeddable":true,"href":"https:\/\/www.cal.org.pe\/v1\/wp-json\/wp\/v2\/tags?post=58004"}],"curies":[{"name":"wp","href":"https:\/\/api.w.org\/{rel}","templated":true}]}}