{"id":57999,"date":"2024-06-30T17:04:35","date_gmt":"2024-06-30T17:04:35","guid":{"rendered":"https:\/\/www.cal.org.pe\/v1\/?p=57999"},"modified":"2024-09-23T17:06:02","modified_gmt":"2024-09-23T17:06:02","slug":"comunicado-025-2024-cal","status":"publish","type":"post","link":"https:\/\/www.cal.org.pe\/v1\/2024\/06\/30\/comunicado-025-2024-cal\/","title":{"rendered":"Comunicado 025-2024\/CAL"},"content":{"rendered":"\n<p>\ud835\uddd6\ud835\uddd4\ud835\udddf \ud835\uddee\ud835\uddf1\ud835\ude03\ud835\uddf6\ud835\uddf2\ud835\uddff\ud835\ude01\ud835\uddf2 \ud835\uddf0\ud835\uddfc\ud835\uddfb\ud835\ude01\ud835\uddff\ud835\uddee\ud835\ude03\ud835\uddf2\ud835\uddfb\ud835\uddf0\ud835\uddf6\ud835\uddfc\u0301\ud835\uddfb \ud835\uddee \ud835\ude01\ud835\uddff\ud835\uddee\ud835\ude01\ud835\uddee\ud835\uddf1\ud835\uddfc\ud835\ude00 \ud835\uddf6\ud835\uddfb\ud835\ude01\ud835\uddf2\ud835\uddff\ud835\uddfb\ud835\uddee\ud835\uddf0\ud835\uddf6\ud835\uddfc\ud835\uddfb\ud835\uddee\ud835\uddf9\ud835\uddf2\ud835\ude00 \ud835\uddfd\ud835\uddfc\ud835\uddff \ud835\udde5\ud835\uddf2\ud835\uddf3\ud835\uddfc\ud835\uddff\ud835\uddfa\ud835\uddee \ud835\udde3\ud835\uddf2\ud835\uddfb\ud835\uddee\ud835\uddf9 \ud835\uddfd\ud835\uddee\ud835\uddff\ud835\uddee \ud835\uddee\ud835\uddf1\ud835\uddfc\ud835\uddf9\ud835\uddf2\ud835\ude00\ud835\uddf0\ud835\uddf2\ud835\uddfb\ud835\ude01\ud835\uddf2\ud835\ude00 | Invocamos a los integrantes de la Comisi\u00f3n de Justicia y Derechos Humanos del Congreso de la Rep\u00fablica a actuar de manera responsable, seria y t\u00e9cnica, y reconsiderar el predictamen reca\u00eddo en los Proyectos de Ley 618\/2021-CR, 6080\/2023-CR, 7771\/2023-CR y 8166\/2023-CR, dado que vulnerar\u00eda los derechos constitucionales de los ni\u00f1os y adolescentes y contraviene los tratados internacionales a los cuales se ha adherido el Estado Peruano.<\/p>\n\n\n\n<figure class=\"wp-block-image size-large\"><img fetchpriority=\"high\" decoding=\"async\" width=\"1024\" height=\"1024\" src=\"https:\/\/www.cal.org.pe\/v1\/wp-content\/uploads\/2024\/09\/GRXHbmmbUAA6tkN-1024x1024.jpg\" alt=\"\" class=\"wp-image-58002\" srcset=\"https:\/\/www.cal.org.pe\/v1\/wp-content\/uploads\/2024\/09\/GRXHbmmbUAA6tkN-1024x1024.jpg 1024w, https:\/\/www.cal.org.pe\/v1\/wp-content\/uploads\/2024\/09\/GRXHbmmbUAA6tkN-300x300.jpg 300w, https:\/\/www.cal.org.pe\/v1\/wp-content\/uploads\/2024\/09\/GRXHbmmbUAA6tkN-150x150.jpg 150w, https:\/\/www.cal.org.pe\/v1\/wp-content\/uploads\/2024\/09\/GRXHbmmbUAA6tkN-768x768.jpg 768w, https:\/\/www.cal.org.pe\/v1\/wp-content\/uploads\/2024\/09\/GRXHbmmbUAA6tkN.jpg 1280w\" sizes=\"(max-width: 1024px) 100vw, 1024px\" \/><\/figure>\n","protected":false},"excerpt":{"rendered":"<p>\ud835\uddd6\ud835\uddd4\ud835\udddf \ud835\uddee\ud835\uddf1\ud835\ude03\ud835\uddf6\ud835\uddf2\ud835\uddff\ud835\ude01\ud835\uddf2 \ud835\uddf0\ud835\uddfc\ud835\uddfb\ud835\ude01\ud835\uddff\ud835\uddee\ud835\ude03\ud835\uddf2\ud835\uddfb\ud835\uddf0\ud835\uddf6\ud835\uddfc\u0301\ud835\uddfb \ud835\uddee \ud835\ude01\ud835\uddff\ud835\uddee\ud835\ude01\ud835\uddee\ud835\uddf1\ud835\uddfc\ud835\ude00 \ud835\uddf6\ud835\uddfb\ud835\ude01\ud835\uddf2\ud835\uddff\ud835\uddfb\ud835\uddee\ud835\uddf0\ud835\uddf6\ud835\uddfc\ud835\uddfb\ud835\uddee\ud835\uddf9\ud835\uddf2\ud835\ude00 \ud835\uddfd\ud835\uddfc\ud835\uddff \ud835\udde5\ud835\uddf2\ud835\uddf3\ud835\uddfc\ud835\uddff\ud835\uddfa\ud835\uddee \ud835\udde3\ud835\uddf2\ud835\uddfb\ud835\uddee\ud835\uddf9 \ud835\uddfd\ud835\uddee\ud835\uddff\ud835\uddee \ud835\uddee\ud835\uddf1\ud835\uddfc\ud835\uddf9\ud835\uddf2\ud835\ude00\ud835\uddf0\ud835\uddf2\ud835\uddfb\ud835\ude01\ud835\uddf2\ud835\ude00 | Invocamos a los integrantes de la Comisi\u00f3n de Justicia y Derechos Humanos del Congreso de la Rep\u00fablica a actuar de manera responsable, seria y t\u00e9cnica, y reconsiderar el predictamen reca\u00eddo en los Proyectos de Ley 618\/2021-CR, 6080\/2023-CR, 7771\/2023-CR y 8166\/2023-CR, dado que vulnerar\u00eda los derechos constitucionales de los ni\u00f1os y adolescentes y contraviene los tratados internacionales a los cuales se ha adherido el Estado Peruano.<\/p>\n","protected":false},"author":3,"featured_media":57932,"comment_status":"open","ping_status":"open","sticky":false,"template":"","format":"standard","meta":{"pagelayer_contact_templates":[],"_pagelayer_content":"","footnotes":""},"categories":[13],"tags":[43],"class_list":["post-57999","post","type-post","status-publish","format-standard","has-post-thumbnail","hentry","category-decanato","tag-comunicados"],"rttpg_featured_image_url":{"full":["https:\/\/www.cal.org.pe\/v1\/wp-content\/uploads\/2024\/09\/COMUNICADOS.jpg",800,500,false],"landscape":["https:\/\/www.cal.org.pe\/v1\/wp-content\/uploads\/2024\/09\/COMUNICADOS.jpg",800,500,false],"portraits":["https:\/\/www.cal.org.pe\/v1\/wp-content\/uploads\/2024\/09\/COMUNICADOS.jpg",800,500,false],"thumbnail":["https:\/\/www.cal.org.pe\/v1\/wp-content\/uploads\/2024\/09\/COMUNICADOS-150x150.jpg",150,150,true],"medium":["https:\/\/www.cal.org.pe\/v1\/wp-content\/uploads\/2024\/09\/COMUNICADOS-300x188.jpg",300,188,true],"large":["https:\/\/www.cal.org.pe\/v1\/wp-content\/uploads\/2024\/09\/COMUNICADOS.jpg",800,500,false],"1536x1536":["https:\/\/www.cal.org.pe\/v1\/wp-content\/uploads\/2024\/09\/COMUNICADOS.jpg",800,500,false],"2048x2048":["https:\/\/www.cal.org.pe\/v1\/wp-content\/uploads\/2024\/09\/COMUNICADOS.jpg",800,500,false]},"rttpg_author":{"display_name":"Prensa CAL","author_link":"https:\/\/www.cal.org.pe\/v1\/author\/prensa-cal\/"},"rttpg_comment":24,"rttpg_category":"<a href=\"https:\/\/www.cal.org.pe\/v1\/category\/decanato\/\" rel=\"category tag\">Decanato<\/a>","rttpg_excerpt":"\ud835\uddd6\ud835\uddd4\ud835\udddf \ud835\uddee\ud835\uddf1\ud835\ude03\ud835\uddf6\ud835\uddf2\ud835\uddff\ud835\ude01\ud835\uddf2 \ud835\uddf0\ud835\uddfc\ud835\uddfb\ud835\ude01\ud835\uddff\ud835\uddee\ud835\ude03\ud835\uddf2\ud835\uddfb\ud835\uddf0\ud835\uddf6\ud835\uddfc\u0301\ud835\uddfb \ud835\uddee \ud835\ude01\ud835\uddff\ud835\uddee\ud835\ude01\ud835\uddee\ud835\uddf1\ud835\uddfc\ud835\ude00 \ud835\uddf6\ud835\uddfb\ud835\ude01\ud835\uddf2\ud835\uddff\ud835\uddfb\ud835\uddee\ud835\uddf0\ud835\uddf6\ud835\uddfc\ud835\uddfb\ud835\uddee\ud835\uddf9\ud835\uddf2\ud835\ude00 \ud835\uddfd\ud835\uddfc\ud835\uddff \ud835\udde5\ud835\uddf2\ud835\uddf3\ud835\uddfc\ud835\uddff\ud835\uddfa\ud835\uddee \ud835\udde3\ud835\uddf2\ud835\uddfb\ud835\uddee\ud835\uddf9 \ud835\uddfd\ud835\uddee\ud835\uddff\ud835\uddee \ud835\uddee\ud835\uddf1\ud835\uddfc\ud835\uddf9\ud835\uddf2\ud835\ude00\ud835\uddf0\ud835\uddf2\ud835\uddfb\ud835\ude01\ud835\uddf2\ud835\ude00 | Invocamos a los integrantes de la Comisi\u00f3n de Justicia y Derechos Humanos del Congreso de la Rep\u00fablica a actuar de manera responsable, seria y t\u00e9cnica, y reconsiderar el predictamen reca\u00eddo en los Proyectos de Ley 618\/2021-CR, 6080\/2023-CR, 7771\/2023-CR y 8166\/2023-CR, dado que vulnerar\u00eda&hellip;","_links":{"self":[{"href":"https:\/\/www.cal.org.pe\/v1\/wp-json\/wp\/v2\/posts\/57999","targetHints":{"allow":["GET"]}}],"collection":[{"href":"https:\/\/www.cal.org.pe\/v1\/wp-json\/wp\/v2\/posts"}],"about":[{"href":"https:\/\/www.cal.org.pe\/v1\/wp-json\/wp\/v2\/types\/post"}],"author":[{"embeddable":true,"href":"https:\/\/www.cal.org.pe\/v1\/wp-json\/wp\/v2\/users\/3"}],"replies":[{"embeddable":true,"href":"https:\/\/www.cal.org.pe\/v1\/wp-json\/wp\/v2\/comments?post=57999"}],"version-history":[{"count":1,"href":"https:\/\/www.cal.org.pe\/v1\/wp-json\/wp\/v2\/posts\/57999\/revisions"}],"predecessor-version":[{"id":58003,"href":"https:\/\/www.cal.org.pe\/v1\/wp-json\/wp\/v2\/posts\/57999\/revisions\/58003"}],"wp:featuredmedia":[{"embeddable":true,"href":"https:\/\/www.cal.org.pe\/v1\/wp-json\/wp\/v2\/media\/57932"}],"wp:attachment":[{"href":"https:\/\/www.cal.org.pe\/v1\/wp-json\/wp\/v2\/media?parent=57999"}],"wp:term":[{"taxonomy":"category","embeddable":true,"href":"https:\/\/www.cal.org.pe\/v1\/wp-json\/wp\/v2\/categories?post=57999"},{"taxonomy":"post_tag","embeddable":true,"href":"https:\/\/www.cal.org.pe\/v1\/wp-json\/wp\/v2\/tags?post=57999"}],"curies":[{"name":"wp","href":"https:\/\/api.w.org\/{rel}","templated":true}]}}