{"id":57290,"date":"2024-09-11T14:33:54","date_gmt":"2024-09-11T14:33:54","guid":{"rendered":"https:\/\/www.cal.org.pe\/v1\/?p=57290"},"modified":"2024-09-20T23:20:47","modified_gmt":"2024-09-20T23:20:47","slug":"presentacion-del-libro-regimen-juridico-del-poder-ejecutivo","status":"publish","type":"post","link":"https:\/\/www.cal.org.pe\/v1\/2024\/09\/11\/presentacion-del-libro-regimen-juridico-del-poder-ejecutivo\/","title":{"rendered":"Presentaci\u00f3n del libro: \u00abR\u00e9gimen Jur\u00eddico del Poder Ejecutivo\u00bb"},"content":{"rendered":"\n<figure class=\"wp-block-image size-full\"><img fetchpriority=\"high\" decoding=\"async\" width=\"800\" height=\"500\" src=\"https:\/\/www.cal.org.pe\/v1\/wp-content\/uploads\/2024\/08\/NOTAS-DE-PRENSA-2.jpg\" alt=\"\" class=\"wp-image-604\" srcset=\"https:\/\/www.cal.org.pe\/v1\/wp-content\/uploads\/2024\/08\/NOTAS-DE-PRENSA-2.jpg 800w, https:\/\/www.cal.org.pe\/v1\/wp-content\/uploads\/2024\/08\/NOTAS-DE-PRENSA-2-300x188.jpg 300w, https:\/\/www.cal.org.pe\/v1\/wp-content\/uploads\/2024\/08\/NOTAS-DE-PRENSA-2-768x480.jpg 768w\" sizes=\"(max-width: 800px) 100vw, 800px\" \/><\/figure>\n\n\n\n<p>El Colegio de Abogados de Lima fue escenario de la presentaci\u00f3n del libro \u00abR\u00e9gimen Jur\u00eddico del Poder Ejecutivo\u00bb, escrito por el Dr. Juan Jim\u00e9nez Mayor, ex Presidente del Consejo de Ministros, y el Dr. Armando San Rom\u00e1n Alva. La obra ofrece un an\u00e1lisis profundo de la Ley Org\u00e1nica del Poder Ejecutivo desde un triple enfoque: normativo, <a><\/a>jurisprudencial y doctrinario.<\/p>\n\n\n\n<p>El evento cont\u00f3 con la participaci\u00f3n del Dr. Ra\u00fal Canelo Rabanal, Decano del Colegio de Abogados de Lima; el Dr. Manuel Muro Rojo, Editor General de Gaceta Jur\u00eddica; la economista Carolina Trivelli \u00c1vila y el Dr. Jorge Dan\u00f3s Ordo\u00f1ez, quienes resaltaron el valor del texto, destacando su exhaustividad y utilidad para abogados, acad\u00e9micos y estudiantes. y su relevancia del an\u00e1lisis en el \u00e1mbito legal y constitucional.<\/p>\n\n\n\n<p>Los autores del libro, el Dr. Juan Jim\u00e9nez Mayor y el Dr. Armando San Rom\u00e1n Alva, agradecieron la acogida y se\u00f1alaron que su objetivo con esta obra es brindar un an\u00e1lisis profundo del Poder Ejecutivo en un contexto de cambios y desaf\u00edos para el Per\u00fa. Subrayaron que el estudio de este \u00f3rgano es esencial para el fortalecimiento de la institucionalidad democr\u00e1tica.<\/p>\n\n\n\n<p>Lima, 11 de setiembre de 2024<\/p>\n\n\n\n<p><\/p>\n","protected":false},"excerpt":{"rendered":"<p>El Colegio de Abogados de Lima fue escenario de la presentaci\u00f3n del libro \u00abR\u00e9gimen Jur\u00eddico del Poder Ejecutivo\u00bb, escrito por el Dr. Juan Jim\u00e9nez Mayor, ex Presidente del Consejo de Ministros, y el Dr. Armando San Rom\u00e1n Alva. La obra ofrece un an\u00e1lisis profundo de la Ley Org\u00e1nica del Poder Ejecutivo desde un triple enfoque: normativo, jurisprudencial y doctrinario. El evento cont\u00f3 con la participaci\u00f3n del Dr. Ra\u00fal Canelo Rabanal, Decano del Colegio de Abogados de Lima; el Dr. Manuel Muro Rojo, Editor General de Gaceta Jur\u00eddica; la economista Carolina Trivelli \u00c1vila y el Dr. Jorge Dan\u00f3s Ordo\u00f1ez, quienes resaltaron el valor del texto, destacando su exhaustividad y utilidad para abogados, acad\u00e9micos y estudiantes. y su relevancia del an\u00e1lisis en el \u00e1mbito legal y constitucional. Los autores del libro, el Dr. Juan Jim\u00e9nez Mayor y el Dr. Armando San Rom\u00e1n Alva, agradecieron la acogida y se\u00f1alaron que su objetivo con esta obra es brindar un an\u00e1lisis profundo del Poder Ejecutivo en un contexto de cambios y desaf\u00edos para el Per\u00fa. Subrayaron que el estudio de este \u00f3rgano es esencial para el fortalecimiento de la institucionalidad democr\u00e1tica. Lima, 11 de setiembre de 2024<\/p>\n","protected":false},"author":1,"featured_media":604,"comment_status":"closed","ping_status":"open","sticky":false,"template":"","format":"standard","meta":{"pagelayer_contact_templates":[],"_pagelayer_content":"","footnotes":""},"categories":[13],"tags":[47],"class_list":["post-57290","post","type-post","status-publish","format-standard","has-post-thumbnail","hentry","category-decanato","tag-nota-de-prensa"],"rttpg_featured_image_url":{"full":["https:\/\/www.cal.org.pe\/v1\/wp-content\/uploads\/2024\/08\/NOTAS-DE-PRENSA-2.jpg",800,500,false],"landscape":["https:\/\/www.cal.org.pe\/v1\/wp-content\/uploads\/2024\/08\/NOTAS-DE-PRENSA-2.jpg",800,500,false],"portraits":["https:\/\/www.cal.org.pe\/v1\/wp-content\/uploads\/2024\/08\/NOTAS-DE-PRENSA-2.jpg",800,500,false],"thumbnail":["https:\/\/www.cal.org.pe\/v1\/wp-content\/uploads\/2024\/08\/NOTAS-DE-PRENSA-2-150x150.jpg",150,150,true],"medium":["https:\/\/www.cal.org.pe\/v1\/wp-content\/uploads\/2024\/08\/NOTAS-DE-PRENSA-2-300x188.jpg",300,188,true],"large":["https:\/\/www.cal.org.pe\/v1\/wp-content\/uploads\/2024\/08\/NOTAS-DE-PRENSA-2.jpg",800,500,false],"1536x1536":["https:\/\/www.cal.org.pe\/v1\/wp-content\/uploads\/2024\/08\/NOTAS-DE-PRENSA-2.jpg",800,500,false],"2048x2048":["https:\/\/www.cal.org.pe\/v1\/wp-content\/uploads\/2024\/08\/NOTAS-DE-PRENSA-2.jpg",800,500,false]},"rttpg_author":{"display_name":"Prensa","author_link":"https:\/\/www.cal.org.pe\/v1\/author\/alexsoriano1234live-com\/"},"rttpg_comment":0,"rttpg_category":"<a href=\"https:\/\/www.cal.org.pe\/v1\/category\/decanato\/\" rel=\"category tag\">Decanato<\/a>","rttpg_excerpt":"El Colegio de Abogados de Lima fue escenario de la presentaci\u00f3n del libro \u00abR\u00e9gimen Jur\u00eddico del Poder Ejecutivo\u00bb, escrito por el Dr. Juan Jim\u00e9nez Mayor, ex Presidente del Consejo de Ministros, y el Dr. Armando San Rom\u00e1n Alva. La obra ofrece un an\u00e1lisis profundo de la Ley Org\u00e1nica del Poder Ejecutivo desde un triple enfoque:&hellip;","_links":{"self":[{"href":"https:\/\/www.cal.org.pe\/v1\/wp-json\/wp\/v2\/posts\/57290","targetHints":{"allow":["GET"]}}],"collection":[{"href":"https:\/\/www.cal.org.pe\/v1\/wp-json\/wp\/v2\/posts"}],"about":[{"href":"https:\/\/www.cal.org.pe\/v1\/wp-json\/wp\/v2\/types\/post"}],"author":[{"embeddable":true,"href":"https:\/\/www.cal.org.pe\/v1\/wp-json\/wp\/v2\/users\/1"}],"replies":[{"embeddable":true,"href":"https:\/\/www.cal.org.pe\/v1\/wp-json\/wp\/v2\/comments?post=57290"}],"version-history":[{"count":1,"href":"https:\/\/www.cal.org.pe\/v1\/wp-json\/wp\/v2\/posts\/57290\/revisions"}],"predecessor-version":[{"id":57293,"href":"https:\/\/www.cal.org.pe\/v1\/wp-json\/wp\/v2\/posts\/57290\/revisions\/57293"}],"wp:featuredmedia":[{"embeddable":true,"href":"https:\/\/www.cal.org.pe\/v1\/wp-json\/wp\/v2\/media\/604"}],"wp:attachment":[{"href":"https:\/\/www.cal.org.pe\/v1\/wp-json\/wp\/v2\/media?parent=57290"}],"wp:term":[{"taxonomy":"category","embeddable":true,"href":"https:\/\/www.cal.org.pe\/v1\/wp-json\/wp\/v2\/categories?post=57290"},{"taxonomy":"post_tag","embeddable":true,"href":"https:\/\/www.cal.org.pe\/v1\/wp-json\/wp\/v2\/tags?post=57290"}],"curies":[{"name":"wp","href":"https:\/\/api.w.org\/{rel}","templated":true}]}}