{"id":57207,"date":"2024-06-03T16:45:00","date_gmt":"2024-06-03T16:45:00","guid":{"rendered":"https:\/\/www.cal.org.pe\/v1\/?p=57207"},"modified":"2024-09-12T16:47:35","modified_gmt":"2024-09-12T16:47:35","slug":"campana-social-justicia-en-tu-barrio","status":"publish","type":"post","link":"https:\/\/www.cal.org.pe\/v1\/2024\/06\/03\/campana-social-justicia-en-tu-barrio\/","title":{"rendered":"Campa\u00f1a social \u00abJusticia en tu Barrio\u00bb"},"content":{"rendered":"\n<p>Con gran \u00e9xito se llev\u00f3 a cabo la campa\u00f1a social \u00abJusticia en tu Barrio\u00bb, un evento organizado gracias a las coordinaciones entre diversas instituciones, incluyendo la Corte Superior de Justicia de Lima, la Municipalidad de San Miguel y la Direcci\u00f3n de Extensi\u00f3n Social y Participaci\u00f3n del Ilustre Colegio de Abogados de Lima, a cargo del Dr. Juan Humberto Quiroz Rosas. La actividad se realiz\u00f3 en el Boulevard Mantaro, ubicado a espaldas de Plaza San Miguel el d\u00eda viernes 24 de mayo. La campa\u00f1a \u00abJusticia en tu Barrio\u00bb tuvo como objetivo brindar orientaci\u00f3n legal gratuita a los vecinos de la comunidad. Contamos con el invaluable apoyo de nuestros Defensores Sociales Ad Honorem, la Dra. Lucila C\u00e1rdenas Sandoval y la Dra. Jaguinet Romero Ames, quienes junto al equipo de la Direcci\u00f3n de Extensi\u00f3n Social y Participaci\u00f3n, ofrecieron asesor\u00eda jur\u00eddica en diversas \u00e1reas del derecho.<\/p>\n\n\n\n<p>Este evento es parte del compromiso del Ilustre Colegio de Abogados de Lima de acercar la justicia a la comunidad y ofrecer servicios legales gratuitos a quienes m\u00e1s lo necesitan. La exitosa realizaci\u00f3n de la campa\u00f1a \u00abJusticia en tu Barrio\u00bb demuestra la importancia de la colaboraci\u00f3n interinstitucional y el trabajo conjunto en beneficio de la sociedad.<\/p>\n\n\n\n<p>El Ilustre Colegio de Abogados de Lima agradece a todas las instituciones y profesionales que hicieron posible este evento, reafirmando su compromiso con la promoci\u00f3n del acceso a la justicia y el bienestar social.<\/p>\n","protected":false},"excerpt":{"rendered":"<p>Con gran \u00e9xito se llev\u00f3 a cabo la campa\u00f1a social \u00abJusticia en tu Barrio\u00bb, un evento organizado gracias a las coordinaciones entre diversas instituciones, incluyendo la Corte Superior de Justicia de Lima, la Municipalidad de San Miguel y la Direcci\u00f3n de Extensi\u00f3n Social y Participaci\u00f3n del Ilustre Colegio de Abogados de Lima, a cargo del Dr. Juan Humberto Quiroz Rosas. La actividad se realiz\u00f3 en el Boulevard Mantaro, ubicado a espaldas de Plaza San Miguel el d\u00eda viernes 24 de mayo. La campa\u00f1a \u00abJusticia en tu Barrio\u00bb tuvo como objetivo brindar orientaci\u00f3n legal gratuita a los vecinos de la comunidad. Contamos con el invaluable apoyo de nuestros Defensores Sociales Ad Honorem, la Dra. Lucila C\u00e1rdenas Sandoval y la Dra. Jaguinet Romero Ames, quienes junto al equipo de la Direcci\u00f3n de Extensi\u00f3n Social y Participaci\u00f3n, ofrecieron asesor\u00eda jur\u00eddica en diversas \u00e1reas del derecho. Este evento es parte del compromiso del Ilustre Colegio de Abogados de Lima de acercar la justicia a la comunidad y ofrecer servicios legales gratuitos a quienes m\u00e1s lo necesitan. La exitosa realizaci\u00f3n de la campa\u00f1a \u00abJusticia en tu Barrio\u00bb demuestra la importancia de la colaboraci\u00f3n interinstitucional y el trabajo conjunto en beneficio de la sociedad. El Ilustre Colegio de Abogados de Lima agradece a todas las instituciones y profesionales que hicieron posible este evento, reafirmando su compromiso con la promoci\u00f3n del acceso a la justicia y el bienestar social.<\/p>\n","protected":false},"author":1,"featured_media":604,"comment_status":"open","ping_status":"open","sticky":false,"template":"","format":"standard","meta":{"pagelayer_contact_templates":[],"_pagelayer_content":"","footnotes":""},"categories":[14],"tags":[],"class_list":["post-57207","post","type-post","status-publish","format-standard","has-post-thumbnail","hentry","category-extension-social-y-participacion"],"rttpg_featured_image_url":{"full":["https:\/\/www.cal.org.pe\/v1\/wp-content\/uploads\/2024\/08\/NOTAS-DE-PRENSA-2.jpg",800,500,false],"landscape":["https:\/\/www.cal.org.pe\/v1\/wp-content\/uploads\/2024\/08\/NOTAS-DE-PRENSA-2.jpg",800,500,false],"portraits":["https:\/\/www.cal.org.pe\/v1\/wp-content\/uploads\/2024\/08\/NOTAS-DE-PRENSA-2.jpg",800,500,false],"thumbnail":["https:\/\/www.cal.org.pe\/v1\/wp-content\/uploads\/2024\/08\/NOTAS-DE-PRENSA-2-150x150.jpg",150,150,true],"medium":["https:\/\/www.cal.org.pe\/v1\/wp-content\/uploads\/2024\/08\/NOTAS-DE-PRENSA-2-300x188.jpg",300,188,true],"large":["https:\/\/www.cal.org.pe\/v1\/wp-content\/uploads\/2024\/08\/NOTAS-DE-PRENSA-2.jpg",800,500,false],"1536x1536":["https:\/\/www.cal.org.pe\/v1\/wp-content\/uploads\/2024\/08\/NOTAS-DE-PRENSA-2.jpg",800,500,false],"2048x2048":["https:\/\/www.cal.org.pe\/v1\/wp-content\/uploads\/2024\/08\/NOTAS-DE-PRENSA-2.jpg",800,500,false]},"rttpg_author":{"display_name":"Prensa","author_link":"https:\/\/www.cal.org.pe\/v1\/author\/alexsoriano1234live-com\/"},"rttpg_comment":19,"rttpg_category":"<a href=\"https:\/\/www.cal.org.pe\/v1\/category\/extension-social-y-participacion\/\" rel=\"category tag\">Extensi\u00f3n Social y Participaci\u00f3n<\/a>","rttpg_excerpt":"Con gran \u00e9xito se llev\u00f3 a cabo la campa\u00f1a social \u00abJusticia en tu Barrio\u00bb, un evento organizado gracias a las coordinaciones entre diversas instituciones, incluyendo la Corte Superior de Justicia de Lima, la Municipalidad de San Miguel y la Direcci\u00f3n de Extensi\u00f3n Social y Participaci\u00f3n del Ilustre Colegio de Abogados de Lima, a cargo del&hellip;","_links":{"self":[{"href":"https:\/\/www.cal.org.pe\/v1\/wp-json\/wp\/v2\/posts\/57207","targetHints":{"allow":["GET"]}}],"collection":[{"href":"https:\/\/www.cal.org.pe\/v1\/wp-json\/wp\/v2\/posts"}],"about":[{"href":"https:\/\/www.cal.org.pe\/v1\/wp-json\/wp\/v2\/types\/post"}],"author":[{"embeddable":true,"href":"https:\/\/www.cal.org.pe\/v1\/wp-json\/wp\/v2\/users\/1"}],"replies":[{"embeddable":true,"href":"https:\/\/www.cal.org.pe\/v1\/wp-json\/wp\/v2\/comments?post=57207"}],"version-history":[{"count":1,"href":"https:\/\/www.cal.org.pe\/v1\/wp-json\/wp\/v2\/posts\/57207\/revisions"}],"predecessor-version":[{"id":57210,"href":"https:\/\/www.cal.org.pe\/v1\/wp-json\/wp\/v2\/posts\/57207\/revisions\/57210"}],"wp:featuredmedia":[{"embeddable":true,"href":"https:\/\/www.cal.org.pe\/v1\/wp-json\/wp\/v2\/media\/604"}],"wp:attachment":[{"href":"https:\/\/www.cal.org.pe\/v1\/wp-json\/wp\/v2\/media?parent=57207"}],"wp:term":[{"taxonomy":"category","embeddable":true,"href":"https:\/\/www.cal.org.pe\/v1\/wp-json\/wp\/v2\/categories?post=57207"},{"taxonomy":"post_tag","embeddable":true,"href":"https:\/\/www.cal.org.pe\/v1\/wp-json\/wp\/v2\/tags?post=57207"}],"curies":[{"name":"wp","href":"https:\/\/api.w.org\/{rel}","templated":true}]}}