{"id":57203,"date":"2024-06-02T16:39:00","date_gmt":"2024-06-02T16:39:00","guid":{"rendered":"https:\/\/www.cal.org.pe\/v1\/?p=57203"},"modified":"2024-09-19T00:55:25","modified_gmt":"2024-09-19T00:55:25","slug":"pronunciamiento-sobre-la-postergacion-de-la-reforma-constitucional-planteada-por-el-congreso-de-la-republica-que-afecta-la-representacion-del-cal-en-el-jne","status":"publish","type":"post","link":"https:\/\/www.cal.org.pe\/v1\/2024\/06\/02\/pronunciamiento-sobre-la-postergacion-de-la-reforma-constitucional-planteada-por-el-congreso-de-la-republica-que-afecta-la-representacion-del-cal-en-el-jne\/","title":{"rendered":"Pronunciamiento sobre la postergaci\u00f3n de la Reforma Constitucional planteada por el Congreso de la Rep\u00fablica que afecta la representaci\u00f3n del CAL en el JNE."},"content":{"rendered":"\n<figure class=\"wp-block-image size-full\"><img fetchpriority=\"high\" decoding=\"async\" width=\"1024\" height=\"1024\" src=\"https:\/\/www.cal.org.pe\/v1\/wp-content\/uploads\/2024\/09\/IMG-20240602-WA0023-1024x1024-1.jpg\" alt=\"\" class=\"wp-image-57205\" srcset=\"https:\/\/www.cal.org.pe\/v1\/wp-content\/uploads\/2024\/09\/IMG-20240602-WA0023-1024x1024-1.jpg 1024w, https:\/\/www.cal.org.pe\/v1\/wp-content\/uploads\/2024\/09\/IMG-20240602-WA0023-1024x1024-1-300x300.jpg 300w, https:\/\/www.cal.org.pe\/v1\/wp-content\/uploads\/2024\/09\/IMG-20240602-WA0023-1024x1024-1-150x150.jpg 150w, https:\/\/www.cal.org.pe\/v1\/wp-content\/uploads\/2024\/09\/IMG-20240602-WA0023-1024x1024-1-768x768.jpg 768w\" sizes=\"(max-width: 1024px) 100vw, 1024px\" \/><\/figure>\n","protected":false},"excerpt":{"rendered":"","protected":false},"author":1,"featured_media":57204,"comment_status":"open","ping_status":"open","sticky":false,"template":"","format":"standard","meta":{"pagelayer_contact_templates":[],"_pagelayer_content":"","footnotes":""},"categories":[13],"tags":[44],"class_list":["post-57203","post","type-post","status-publish","format-standard","has-post-thumbnail","hentry","category-decanato","tag-pronunciamientos"],"rttpg_featured_image_url":{"full":["https:\/\/www.cal.org.pe\/v1\/wp-content\/uploads\/2024\/09\/pronunciamiento.jpg",923,556,false],"landscape":["https:\/\/www.cal.org.pe\/v1\/wp-content\/uploads\/2024\/09\/pronunciamiento.jpg",923,556,false],"portraits":["https:\/\/www.cal.org.pe\/v1\/wp-content\/uploads\/2024\/09\/pronunciamiento.jpg",923,556,false],"thumbnail":["https:\/\/www.cal.org.pe\/v1\/wp-content\/uploads\/2024\/09\/pronunciamiento-150x150.jpg",150,150,true],"medium":["https:\/\/www.cal.org.pe\/v1\/wp-content\/uploads\/2024\/09\/pronunciamiento-300x181.jpg",300,181,true],"large":["https:\/\/www.cal.org.pe\/v1\/wp-content\/uploads\/2024\/09\/pronunciamiento.jpg",923,556,false],"1536x1536":["https:\/\/www.cal.org.pe\/v1\/wp-content\/uploads\/2024\/09\/pronunciamiento.jpg",923,556,false],"2048x2048":["https:\/\/www.cal.org.pe\/v1\/wp-content\/uploads\/2024\/09\/pronunciamiento.jpg",923,556,false]},"rttpg_author":{"display_name":"Prensa","author_link":"https:\/\/www.cal.org.pe\/v1\/author\/alexsoriano1234live-com\/"},"rttpg_comment":18,"rttpg_category":"<a href=\"https:\/\/www.cal.org.pe\/v1\/category\/decanato\/\" rel=\"category tag\">Decanato<\/a>","rttpg_excerpt":null,"_links":{"self":[{"href":"https:\/\/www.cal.org.pe\/v1\/wp-json\/wp\/v2\/posts\/57203","targetHints":{"allow":["GET"]}}],"collection":[{"href":"https:\/\/www.cal.org.pe\/v1\/wp-json\/wp\/v2\/posts"}],"about":[{"href":"https:\/\/www.cal.org.pe\/v1\/wp-json\/wp\/v2\/types\/post"}],"author":[{"embeddable":true,"href":"https:\/\/www.cal.org.pe\/v1\/wp-json\/wp\/v2\/users\/1"}],"replies":[{"embeddable":true,"href":"https:\/\/www.cal.org.pe\/v1\/wp-json\/wp\/v2\/comments?post=57203"}],"version-history":[{"count":1,"href":"https:\/\/www.cal.org.pe\/v1\/wp-json\/wp\/v2\/posts\/57203\/revisions"}],"predecessor-version":[{"id":57206,"href":"https:\/\/www.cal.org.pe\/v1\/wp-json\/wp\/v2\/posts\/57203\/revisions\/57206"}],"wp:featuredmedia":[{"embeddable":true,"href":"https:\/\/www.cal.org.pe\/v1\/wp-json\/wp\/v2\/media\/57204"}],"wp:attachment":[{"href":"https:\/\/www.cal.org.pe\/v1\/wp-json\/wp\/v2\/media?parent=57203"}],"wp:term":[{"taxonomy":"category","embeddable":true,"href":"https:\/\/www.cal.org.pe\/v1\/wp-json\/wp\/v2\/categories?post=57203"},{"taxonomy":"post_tag","embeddable":true,"href":"https:\/\/www.cal.org.pe\/v1\/wp-json\/wp\/v2\/tags?post=57203"}],"curies":[{"name":"wp","href":"https:\/\/api.w.org\/{rel}","templated":true}]}}